{"id":48671,"date":"2024-08-20T21:14:59","date_gmt":"2024-08-21T03:14:59","guid":{"rendered":"https:\/\/radiozapatista.org\/?p=48671"},"modified":"2024-08-20T21:15:00","modified_gmt":"2024-08-21T03:15:00","slug":"la-onu-llama-al-estado-mexicano-a-garantizar-la-proteccion-de-las-personas-defensoras-de-los-derechos-humanos-en-chiapas","status":"publish","type":"post","link":"https:\/\/radiozapatista.org\/?p=48671","title":{"rendered":"La ONU llama al Estado mexicano a garantizar la protecci\u00f3n de las personas defensoras de los derechos humanos en Chiapas"},"content":{"rendered":"\n<p>San Crist\u00f3bal de Las Casas, Chiapas, M\u00e9xico<\/p>\n\n\n\n<p>19 de agosto de 2024<\/p>\n\n\n\n<p><strong>Bolet\u00edn No. 20<\/strong><\/p>\n\n\n\n<p><strong>La ONU llama al Estado mexicano a garantizar la protecci\u00f3n de las personas defensoras de los derechos humanos en Chiapas<\/strong><\/p>\n\n\n\n<ul class=\"wp-block-list\">\n<li><strong>El Estado mexicano tiene obligaciones internacionales en materia de derechos humanos; es urgente que se tomen medidas proactivas y contundentes de protecci\u00f3n.<\/strong><\/li>\n<\/ul>\n\n\n\n<p>Tres relatores especiales de la Organizaci\u00f3n de las Naciones Unidas (ONU) expresaron su preocupaci\u00f3n por la situaci\u00f3n de riesgo de varias personas defensoras del territorio y de los derechos humanos en Chiapas. Mary Lawlor, Relatora Especial sobre la situaci\u00f3n de los defensores de los derechos humanos; Morris Tidball-Binz, Relator Especial sobre ejecuciones extrajudiciales, sumarias o arbitrarias; y Jos\u00e9 Francisco Cali Tzay, Relator Especial sobre los derechos de los pueblos ind\u00edgenas, solicitaron al Estado que aclare las medidas que est\u00e1 tomando para proteger a quienes sufren ataques por su labor en pro de los derechos humanos.<\/p>\n\n\n\n<p>La y los expertos independientes de la ONU sumaron sus voces tras sostener una reuni\u00f3n con varias personas defensoras del estado de Chiapas. En su comunicaci\u00f3n, destacan los ataques que enfrentan el Padre Marcelo P\u00e9rez P\u00e9rez, Pascuala L\u00f3pez L\u00f3pez, la Organizaci\u00f3n Sociedad Civil Las Abejas de Acteal (Las Abejas), el Centro de Derechos Humanos Fray Bartolom\u00e9 de Las Casas (Frayba), as\u00ed como pobladores de Chicomuselo movilizados contra la explotaci\u00f3n minera en su territorio.<\/p>\n\n\n\n<p>Estas personas y organizaciones est\u00e1n expuestas a la criminalizaci\u00f3n, a difamaciones, hostigamiento judicial, vigilancia, amenazas de muerte, ataques f\u00edsicos, entre otras violencias. Algunas acompa\u00f1an v\u00edctimas de desplazamiento forzado, otras son constructoras de paz o buscan justicia para sus seres queridos. Todas est\u00e1n en riesgo por defender sus derechos, su tierra y territorio.<\/p>\n\n\n\n<p>A ra\u00edz de ello, la ONU pide al gobierno esclarecer lo que est\u00e1 haciendo para revertir esta tendencia. En efecto, M\u00e9xico como cualquier Estado tiene el deber no solo de abstenerse de violar los derechos de las personas defensoras, sino tambi\u00e9n protegerlos ante los riesgos que enfrentan. En un contexto donde defender los derechos humanos puede ser mortal \u2013 30 personas defensoras fueron asesinadas en M\u00e9xico en 2023[1]&nbsp;\u2013 la y los relatores tambi\u00e9n subrayan la necesidad de investigar a fondo el asesinato de Sim\u00f3n Pedro P\u00e9rez L\u00f3pez, integrante de Las Abejas asesinado el 5 de julio 2021; as\u00ed como la propia Masacre de Acteal, cometida el 22 de diciembre de 1997 en Chenalh\u00f3.<\/p>\n\n\n\n<p>Finalmente, la y los relatores resaltan la necesidad de no dejar en la impunidad las agresiones a personas defensoras, as\u00ed como tomar las medidas para que no se repitan.<\/p>\n\n\n\n<p>Desde el Frayba, apoyamos firmemente este llamamiento y recordamos al Estado mexicano sus obligaciones internacionales en materia de derechos humanos. Es imperativo que se tomen medidas proactivas y contundentes para proteger a las personas defensoras de derechos humanos. Las organizaciones y las y los defensores son aliados esenciales y actores clave en la garant\u00eda y protecci\u00f3n de los derechos de todas y todos.<\/p>\n\n\n\n<p>[1]https:\/\/www.eleconomista.com.mx\/politica\/Mexico-segundo-pais-con-mas-crimenes-vs-defensores-20240523-0009.html<\/p>\n\n\n\n<p><a href=\"https:\/\/frayba.org.mx\/sites\/default\/files\/2024-08\/240819%20bolet%C3%ADn%20comunicacion%203%20relatores%20sobre%20defensorxs.pdf\">Descarga el Bolet\u00edn No. 20 en PDF<\/a>(459.4 KB)<\/p>\n","protected":false},"excerpt":{"rendered":"<p>San Crist\u00f3bal de Las Casas, Chiapas, M\u00e9xico 19 de agosto de 2024 Bolet\u00edn No. 20 La ONU llama al Estado mexicano a garantizar la protecci\u00f3n de las personas defensoras de los derechos humanos en Chiapas Tres relatores especiales de la Organizaci\u00f3n de las Naciones Unidas (ONU) expresaron su preocupaci\u00f3n por la situaci\u00f3n de riesgo de [&hellip;]<\/p>\n","protected":false},"author":21,"featured_media":48672,"comment_status":"open","ping_status":"closed","sticky":false,"template":"","format":"standard","meta":{"footnotes":""},"categories":[957,51,6,55,954,935],"tags":[58,53,567,147,23,545,87,148,27],"class_list":["post-48671","post","type-post","status-publish","format-standard","has-post-thumbnail","hentry","category-autonomia","category-autor","category-chiapas","category-frayba","category-mexico","category-temas","tag-derechos-humanos","tag-justicia","tag-megaproyectos","tag-militarizacion","tag-paramilitares","tag-pueblos-indigenas","tag-represion","tag-resistencia","tag-solidaridad"],"_links":{"self":[{"href":"https:\/\/radiozapatista.org\/index.php?rest_route=\/wp\/v2\/posts\/48671","targetHints":{"allow":["GET"]}}],"collection":[{"href":"https:\/\/radiozapatista.org\/index.php?rest_route=\/wp\/v2\/posts"}],"about":[{"href":"https:\/\/radiozapatista.org\/index.php?rest_route=\/wp\/v2\/types\/post"}],"author":[{"embeddable":true,"href":"https:\/\/radiozapatista.org\/index.php?rest_route=\/wp\/v2\/users\/21"}],"replies":[{"embeddable":true,"href":"https:\/\/radiozapatista.org\/index.php?rest_route=%2Fwp%2Fv2%2Fcomments&post=48671"}],"version-history":[{"count":1,"href":"https:\/\/radiozapatista.org\/index.php?rest_route=\/wp\/v2\/posts\/48671\/revisions"}],"predecessor-version":[{"id":48673,"href":"https:\/\/radiozapatista.org\/index.php?rest_route=\/wp\/v2\/posts\/48671\/revisions\/48673"}],"wp:featuredmedia":[{"embeddable":true,"href":"https:\/\/radiozapatista.org\/index.php?rest_route=\/wp\/v2\/media\/48672"}],"wp:attachment":[{"href":"https:\/\/radiozapatista.org\/index.php?rest_route=%2Fwp%2Fv2%2Fmedia&parent=48671"}],"wp:term":[{"taxonomy":"category","embeddable":true,"href":"https:\/\/radiozapatista.org\/index.php?rest_route=%2Fwp%2Fv2%2Fcategories&post=48671"},{"taxonomy":"post_tag","embeddable":true,"href":"https:\/\/radiozapatista.org\/index.php?rest_route=%2Fwp%2Fv2%2Ftags&post=48671"}],"curies":[{"name":"wp","href":"https:\/\/api.w.org\/{rel}","templated":true}]}}