{"id":48603,"date":"2024-08-07T23:50:50","date_gmt":"2024-08-08T05:50:50","guid":{"rendered":"https:\/\/radiozapatista.org\/?p=48603"},"modified":"2024-08-07T23:50:56","modified_gmt":"2024-08-08T05:50:56","slug":"consejo-supremo-indigena-de-michoacan-se-solidariza-con-la-lucha-historica-de-ostula-por-la-defensa-de-su-territorio-csim","status":"publish","type":"post","link":"https:\/\/radiozapatista.org\/?p=48603","title":{"rendered":"Consejo Supremo Ind\u00edgena de Michoac\u00e1n se solidariza con la lucha hist\u00f3rica de Ostula por la defensa de su territorio (CSIM)"},"content":{"rendered":"\n<p>SOLIDARIDAD CON LA LUCHA HIST\u00d3RICA, LEGAL Y SOCIAL DE OSTULA POR LA RECONSTITUCI\u00d3N DE SU TERRITORIO<\/p>\n\n\n\n<p>AL SEGUNDO TRIBUNAL COLEGIADO EN MATERIAS ADMINISTRATIVAS Y DE TRABAJO<br>A LAS COMUNIDADES Y PUEBLOS ORIGINARIOS<br>AL PUEBLO QUE LUCHA Y QUE RESISTE<br>AL CONGRESO NACIONAL IND\u00cdGENA<br>A LOS MEDIOS DE COMUNICACI\u00d3N<br>AL ESTADO MEXICANO<\/p>\n\n\n\n<p>Comunidades originarias de Michoac\u00e1n a 7 de agosto de 2024.<\/p>\n\n\n\n<p>El Consejo Supremo Ind\u00edgena de Michoac\u00e1n #CSIM constituido por autoridades civiles, comunales y tradicionales de 70 comunidades originarias, nos solidarizamos con la lucha hist\u00f3rica, legal y social que mantiene la comunidad ind\u00edgena de Santa Mar\u00eda de Ostula por la defensa y reconstituci\u00f3n de su territorio.<\/p>\n\n\n\n<p>Desde tiempos inmemoriales, los hermanos n\u00e1huatl de la costa michoacana, han sostenido la posesi\u00f3n de su territorio y lo han defendido sobreviviendo a las guerras de despojo y exterminio que durante siglos han desplegado los malos gobiernos en la regi\u00f3n, es una de las comunidades que m\u00e1s han padecido la represi\u00f3n masiva y selectiva, en tiempos recientes, por defender su autonom\u00eda y territorio, han sido asesinados 40 comuneros y desaparecidos 6 m\u00e1s, en todos los casos, prevalece la impunidad y la injusticia sistem\u00e1tica.<\/p>\n\n\n\n<p>Los pueblos ind\u00edgenas de #Michoac\u00e1n reconocemos a Xayacalan como parte de la comunidad ind\u00edgena de Ostula y como parte integral del territorio n\u00e1huatl de la costa sierra michoacana, toda vez que mantienen sus t\u00edtulos primordiales emitidos durante la colonia, una resoluci\u00f3n presidencial de 1964 y la posesi\u00f3n hist\u00f3rica y contempor\u00e1nea de sus territorios.<\/p>\n\n\n\n<p>La comunidad ind\u00edgena de Santa Mar\u00eda de Ostula es un ejemplo de dignidad, resistencia y lucha para todos los pueblos, actualmente, el caso se encuentra en el Poder Judicial de la Federaci\u00f3n, en el Segundo Tribunal Colegiado en Materias Administrativas y de Trabajo del D\u00e9cimo Primer Circuito como Amparo Directo 463\/2023, contra la sentencia del Tribunal Agrario de Colima, donde el aparato de justicia le dio el fallo a favor del grupo de peque\u00f1os propietarios de la Placita en un procedimiento lleno de irregularidades e inconsistencias.<\/p>\n\n\n\n<p>Por estas razones, en el CSIM nos sumamos a la exigencia al Poder Judicial de la Federaci\u00f3n para que resuelva haciendo justicia en favor de Ostula, quien se encuentra defendiendo no solo su territorio, si no reservas de agua, fauna y vida, que los intereses mineros, hoteleros, particulares y del crimen organizado quieren despojar.<\/p>\n\n\n\n<p>\u00a1Exigimos respeto y certeza jur\u00eddica para los pueblos originarios y sus territorios!<\/p>\n\n\n\n<p>TERUNHASKUA K\u2019 OIA, ECHERI KA JURAMUKUKUA IAMENTU IRETECHANI<br>JUSTICIA, TERRITORIO Y AUTONOM\u00cdA PARA LOS PUEBLOS ORIGINARIOS<\/p>\n\n\n\n<p>CONSEJO SUPREMO IND\u00cdGENA DE MICHOAC\u00c1N #CSIM<br>#OstulaVive<\/p>\n\n\n\n<figure class=\"wp-block-image\"><img decoding=\"async\" src=\"http:\/\/www.congresonacionalindigena.org\/wp-content\/uploads\/2024\/08\/IMG-20240807-WA0033-300x178.jpg\" alt=\"\" class=\"wp-image-10547\"\/><\/figure>\n\n\n\n<figure class=\"wp-block-image\"><img decoding=\"async\" src=\"http:\/\/www.congresonacionalindigena.org\/wp-content\/uploads\/2024\/08\/IMG-20240807-WA0038-300x281.jpg\" alt=\"\" class=\"wp-image-10548\"\/><\/figure>\n\n\n\n<figure class=\"wp-block-image\"><img decoding=\"async\" src=\"http:\/\/www.congresonacionalindigena.org\/wp-content\/uploads\/2024\/08\/IMG-20240807-WA0037-300x175.jpg\" alt=\"\" class=\"wp-image-10549\"\/><\/figure>\n\n\n\n<figure class=\"wp-block-image\"><img decoding=\"async\" src=\"http:\/\/www.congresonacionalindigena.org\/wp-content\/uploads\/2024\/08\/IMG-20240807-WA0036-300x176.jpg\" alt=\"\" class=\"wp-image-10550\"\/><\/figure>\n\n\n\n<figure class=\"wp-block-image\"><img decoding=\"async\" src=\"http:\/\/www.congresonacionalindigena.org\/wp-content\/uploads\/2024\/08\/IMG-20240807-WA0035-238x300.jpg\" alt=\"\" class=\"wp-image-10551\"\/><\/figure>\n","protected":false},"excerpt":{"rendered":"<p>SOLIDARIDAD CON LA LUCHA HIST\u00d3RICA, LEGAL Y SOCIAL DE OSTULA POR LA RECONSTITUCI\u00d3N DE SU TERRITORIO AL SEGUNDO TRIBUNAL COLEGIADO EN MATERIAS ADMINISTRATIVAS Y DE TRABAJOA LAS COMUNIDADES Y PUEBLOS ORIGINARIOSAL PUEBLO QUE LUCHA Y QUE RESISTEAL CONGRESO NACIONAL IND\u00cdGENAA LOS MEDIOS DE COMUNICACI\u00d3NAL ESTADO MEXICANO Comunidades originarias de Michoac\u00e1n a 7 de agosto de [&hellip;]<\/p>\n","protected":false},"author":21,"featured_media":48604,"comment_status":"open","ping_status":"closed","sticky":false,"template":"","format":"standard","meta":{"footnotes":""},"categories":[957,51,826,958,954,935],"tags":[58,53,567,147,23,545,87,148,27,483],"class_list":["post-48603","post","type-post","status-publish","format-standard","has-post-thumbnail","hentry","category-autonomia","category-autor","category-medios-libres-2","category-megaproyectos","category-mexico","category-temas","tag-derechos-humanos","tag-justicia","tag-megaproyectos","tag-militarizacion","tag-paramilitares","tag-pueblos-indigenas","tag-represion","tag-resistencia","tag-solidaridad","tag-tierra-y-territorio"],"_links":{"self":[{"href":"https:\/\/radiozapatista.org\/index.php?rest_route=\/wp\/v2\/posts\/48603","targetHints":{"allow":["GET"]}}],"collection":[{"href":"https:\/\/radiozapatista.org\/index.php?rest_route=\/wp\/v2\/posts"}],"about":[{"href":"https:\/\/radiozapatista.org\/index.php?rest_route=\/wp\/v2\/types\/post"}],"author":[{"embeddable":true,"href":"https:\/\/radiozapatista.org\/index.php?rest_route=\/wp\/v2\/users\/21"}],"replies":[{"embeddable":true,"href":"https:\/\/radiozapatista.org\/index.php?rest_route=%2Fwp%2Fv2%2Fcomments&post=48603"}],"version-history":[{"count":1,"href":"https:\/\/radiozapatista.org\/index.php?rest_route=\/wp\/v2\/posts\/48603\/revisions"}],"predecessor-version":[{"id":48605,"href":"https:\/\/radiozapatista.org\/index.php?rest_route=\/wp\/v2\/posts\/48603\/revisions\/48605"}],"wp:featuredmedia":[{"embeddable":true,"href":"https:\/\/radiozapatista.org\/index.php?rest_route=\/wp\/v2\/media\/48604"}],"wp:attachment":[{"href":"https:\/\/radiozapatista.org\/index.php?rest_route=%2Fwp%2Fv2%2Fmedia&parent=48603"}],"wp:term":[{"taxonomy":"category","embeddable":true,"href":"https:\/\/radiozapatista.org\/index.php?rest_route=%2Fwp%2Fv2%2Fcategories&post=48603"},{"taxonomy":"post_tag","embeddable":true,"href":"https:\/\/radiozapatista.org\/index.php?rest_route=%2Fwp%2Fv2%2Ftags&post=48603"}],"curies":[{"name":"wp","href":"https:\/\/api.w.org\/{rel}","templated":true}]}}