{"id":48597,"date":"2024-08-07T21:21:45","date_gmt":"2024-08-08T03:21:45","guid":{"rendered":"https:\/\/radiozapatista.org\/?p=48597"},"modified":"2024-08-07T23:41:51","modified_gmt":"2024-08-08T05:41:51","slug":"libre-jose-diaz-gomez-base-de-apoyo-del-ezln","status":"publish","type":"post","link":"https:\/\/radiozapatista.org\/?p=48597","title":{"rendered":"Libre Jos\u00e9 D\u00edaz G\u00f3mez, Base de Apoyo del EZLN"},"content":{"rendered":"\n<p>San Crist\u00f3bal de Las Casas, Chiapas<\/p>\n\n\n\n<p>07 de agosto de 2024<\/p>\n\n\n\n<p><strong>Bolet\u00edn No. 19<\/strong><br>&nbsp;<\/p>\n\n\n\n<figure class=\"wp-block-image size-full\"><img loading=\"lazy\" decoding=\"async\" width=\"850\" height=\"567\" src=\"https:\/\/radiozapatista.org\/wp-content\/uploads\/2024\/08\/jose_diaz-libre.jpeg\" alt=\"\" class=\"wp-image-48600\" srcset=\"https:\/\/radiozapatista.org\/wp-content\/uploads\/2024\/08\/jose_diaz-libre.jpeg 850w, https:\/\/radiozapatista.org\/wp-content\/uploads\/2024\/08\/jose_diaz-libre-350x233.jpeg 350w, https:\/\/radiozapatista.org\/wp-content\/uploads\/2024\/08\/jose_diaz-libre-768x512.jpeg 768w, https:\/\/radiozapatista.org\/wp-content\/uploads\/2024\/08\/jose_diaz-libre-700x466.jpeg 700w\" sizes=\"auto, (max-width: 850px) 100vw, 850px\" \/><\/figure>\n\n\n\n<p><strong>Libre Jos\u00e9 D\u00edaz G\u00f3mez, Base de Apoyo del EZLN<\/strong><\/p>\n\n\n\n<ul class=\"wp-block-list\">\n<li><strong>La acci\u00f3n solidaria logr\u00f3 arrancar de las garras del sistema de opresi\u00f3n a Jos\u00e9 D\u00edaz.<\/strong><\/li>\n<\/ul>\n\n\n\n<p>Con una gran felicidad informamos la libertad de nuestro compa\u00f1ero Jos\u00e9 D\u00edaz G\u00f3mez, Base de Apoyo del Ej\u00e9rcito Zapatista de Liberaci\u00f3n Nacional (BAEZLN). Esta libertad es gracias a la acci\u00f3n decidida y com\u00fan de los pueblos, comunidades, colectivas, organizaciones, y personas a lo individual; la suma continua fue para manifestar la injusticia, desnudar al sistema corrupto, en el que el compa\u00f1ero zapatista fue objeto de la Privaci\u00f3n Arbitraria de la Libertad (PAL) que llev\u00f3 a poner en riesgo su vida.<\/p>\n\n\n\n<p>Las violaciones a los derechos humanos son m\u00faltiples, pero la ola de solidaridad es mucho m\u00e1s grande, ya que hace caer los muros de cualquier sistema. La palabra con dignidad, la lucha persistente, la imagen que trastoca el coraz\u00f3n, todas las acciones rompen los esquemas de un gobierno sordo para los pueblos.<\/p>\n\n\n\n<p>Agradecemos a todas las personas quienes, con sus diversas formas de manifestaci\u00f3n y expresi\u00f3n, son el pensamiento colectivo y la esencia de que es posible y necesario otros mundos. Gracias por la ola de solidaridad con la que logramos agrietar el sistema.<\/p>\n\n\n\n<p><a href=\"https:\/\/frayba.org.mx\/sites\/default\/files\/2024-08\/240807_boletin_19_jose_diaz_libertad.pdf\">Descarga el Bolet\u00edn No. 19 en PDF<\/a>(343.02 KB)<\/p>\n","protected":false},"excerpt":{"rendered":"<p>San Crist\u00f3bal de Las Casas, Chiapas 07 de agosto de 2024 Bolet\u00edn No. 19&nbsp; Libre Jos\u00e9 D\u00edaz G\u00f3mez, Base de Apoyo del EZLN Con una gran felicidad informamos la libertad de nuestro compa\u00f1ero Jos\u00e9 D\u00edaz G\u00f3mez, Base de Apoyo del Ej\u00e9rcito Zapatista de Liberaci\u00f3n Nacional (BAEZLN). Esta libertad es gracias a la acci\u00f3n decidida y [&hellip;]<\/p>\n","protected":false},"author":21,"featured_media":48600,"comment_status":"open","ping_status":"closed","sticky":false,"template":"","format":"standard","meta":{"footnotes":""},"categories":[957,51,6,55,954,962,935],"tags":[667,58,926,53,567,147,23,37,545,87,148,27,483],"class_list":["post-48597","post","type-post","status-publish","format-standard","has-post-thumbnail","hentry","category-autonomia","category-autor","category-chiapas","category-frayba","category-mexico","category-presos","category-temas","tag-baezln","tag-derechos-humanos","tag-ezln","tag-justicia","tag-megaproyectos","tag-militarizacion","tag-paramilitares","tag-presos-politicos","tag-pueblos-indigenas","tag-represion","tag-resistencia","tag-solidaridad","tag-tierra-y-territorio"],"_links":{"self":[{"href":"https:\/\/radiozapatista.org\/index.php?rest_route=\/wp\/v2\/posts\/48597","targetHints":{"allow":["GET"]}}],"collection":[{"href":"https:\/\/radiozapatista.org\/index.php?rest_route=\/wp\/v2\/posts"}],"about":[{"href":"https:\/\/radiozapatista.org\/index.php?rest_route=\/wp\/v2\/types\/post"}],"author":[{"embeddable":true,"href":"https:\/\/radiozapatista.org\/index.php?rest_route=\/wp\/v2\/users\/21"}],"replies":[{"embeddable":true,"href":"https:\/\/radiozapatista.org\/index.php?rest_route=%2Fwp%2Fv2%2Fcomments&post=48597"}],"version-history":[{"count":2,"href":"https:\/\/radiozapatista.org\/index.php?rest_route=\/wp\/v2\/posts\/48597\/revisions"}],"predecessor-version":[{"id":48602,"href":"https:\/\/radiozapatista.org\/index.php?rest_route=\/wp\/v2\/posts\/48597\/revisions\/48602"}],"wp:featuredmedia":[{"embeddable":true,"href":"https:\/\/radiozapatista.org\/index.php?rest_route=\/wp\/v2\/media\/48600"}],"wp:attachment":[{"href":"https:\/\/radiozapatista.org\/index.php?rest_route=%2Fwp%2Fv2%2Fmedia&parent=48597"}],"wp:term":[{"taxonomy":"category","embeddable":true,"href":"https:\/\/radiozapatista.org\/index.php?rest_route=%2Fwp%2Fv2%2Fcategories&post=48597"},{"taxonomy":"post_tag","embeddable":true,"href":"https:\/\/radiozapatista.org\/index.php?rest_route=%2Fwp%2Fv2%2Ftags&post=48597"}],"curies":[{"name":"wp","href":"https:\/\/api.w.org\/{rel}","templated":true}]}}