{"id":48559,"date":"2024-07-27T16:58:32","date_gmt":"2024-07-27T22:58:32","guid":{"rendered":"https:\/\/radiozapatista.org\/?p=48559"},"modified":"2024-08-01T14:10:15","modified_gmt":"2024-08-01T20:10:15","slug":"respuesta-de-los-padres-y-las-madres-de-los-43-estudiantes-desaparecidos-de-ayotzinapa-al-informe-de-lopez-obrador","status":"publish","type":"post","link":"https:\/\/radiozapatista.org\/?p=48559","title":{"rendered":"Respuesta de los padres y las madres de los 43 estudiantes desaparecidos de Ayotzinapa al informe de L\u00f3pez Obrador"},"content":{"rendered":"\n<p class=\"has-text-align-right\">Ciudad de M\u00e9xico 26 de julio de 2024<\/p>\n\n\n\n<p class=\"has-text-align-left\">Se\u00f1or Presidente, quienes abajo firmamos, padres y madres de estudiantes normalistas de Ayotzinapa, desaparecidos la noche del 26 de septiembre de 2014 en Iguala, Guerrero, nos dirigimos a usted respetuosamente para dejar constancia escrita de nuestra respuesta al reporte del 8 de julio de 2024, publicado hace unos d\u00edas.<br><br>Aunque el documento no nos fue entregado personalmente en nuestro domicilio, como se hab\u00eda anunciado, sino en un proceso poco cuidadoso, al punto de que muchas familias no recibieron su correspondiente copia, ya todos y todas hemos podido conocer el documento, al menos en la versi\u00f3n que se public\u00f3 el s\u00e1bado 20 de julio en el peri\u00f3dico <em>La Jornada<\/em>.<br><br>Despu\u00e9s de revisar el reporte y analizar su contenido junto con nuestro equipo de asesores queremos compartir nuestras valoraciones, junto con las razones y pruebas que lo sustentan.<br><br>Somos los primeros en reconocer que al inicio de su Gobierno, su voluntad de reabrir la investigaci\u00f3n en el caso de nuestros hijos se tradujo en avances que no se hab\u00edan logrado sin su voluntad. Sin embargo, nuestra exigencia principal de saber qu\u00e9 pas\u00f3 con nuestros hijos mediante el esclarecimiento pleno de lo ocurrido y la sanci\u00f3n a todos los responsables no ha sido a\u00fan satisfecha.<br><br>Como padres y madres esto nos causa dolor y sufrimiento en esta tortura de no saber sobre nuestros hijos, lo que nos ha impulsado a seguir moviliz\u00e1ndonos para exigir la verdad y justicia, y siempre lo hemos hecho con dignidad: un caso de desaparici\u00f3n forzada no puede considerarse resuelto mientras no se esclarezca el paradero de los desaparecidos.<br><br>Nunca ha sido nuestro inter\u00e9s se\u00f1alar al Ej\u00e9rcito para debilitarlo como instituci\u00f3n, ni para servir a intereses ajenos a nuestra \u00fanica prioridad, que es saber qu\u00e9 pas\u00f3 con nuestros hijos. Los se\u00f1alamientos sobre la necesidad de investigar el papel de los militares tiene que ver con la propia investigaci\u00f3n, pues en esta aparici\u00f3n poco a poco preguntan sobre la actuaci\u00f3n de integrantes del Ej\u00e9rcito antes, durante y despu\u00e9s de los hechos.<br><br>Antes de los hechos, porque se acredit\u00f3 la infiltraci\u00f3n ilegal en la escuela normal Ra\u00fal Isidro Burgos y los v\u00ednculos militares con las organizaciones delictivas en Iguala.<br><br>Durante los hechos, porque esa noche los militares presenciaron completamente la desaparici\u00f3n de nuestros hijos y luego lo ocultaron de modo sospechoso en sus declaraciones iniciales.<br><br>Y despu\u00e9s de los hechos, porque la Sedena actu\u00f3 y act\u00faa con opacidad frente a la investigaci\u00f3n, al no entregar toda la informaci\u00f3n, pese a que as\u00ed instruy\u00f3 desde el decreto presidencial del 4 de diciembre de 2018.<br><br>Adem\u00e1s, la indagatoria arroj\u00f3 al menos otros dos elementos adicionales que pensamos son relevantes: el dicho de los testigos protegidos que hablan de una posible participaci\u00f3n activa en la desaparici\u00f3n y los mensajes de tel\u00e9fono de celular que gracias a sus gestiones se recuperaron de los Estados Unidos, que muestran c\u00f3mo los militares ten\u00edan v\u00ednculos con los criminales.<br><br>Frente a esos hechos lo \u00fanico que hemos pedido es que esta l\u00ednea de investigaci\u00f3n se agote y que se act\u00fae en consecuencia.<\/p>\n\n\n\n<!--more-->\n\n\n\n<p class=\"has-text-align-left\">Consideramos injusto que nuestro reclamo que quiera ver como expresi\u00f3n de un intento de desprestigiar al Ej\u00e9rcito, y que incluso se se\u00f1ala que est\u00e1 guiado por intereses internacionales ajenos por completo a nosotros.<br><br>Que se diga que al inicio no se\u00f1alamos a los militares, no es bastante para descreditar nuestra exigencia pues ha sido el propio avance de la investigaci\u00f3n que se realizan a las autoridades, lo que ha permitido que surjan evidencias al respecto.<br><br>Son muchos los aspectos que no conoc\u00edamos al inicio, tambi\u00e9n consideramos injusto que se descarta la posible existencia de otros niveles de responsabilidad mayores cuando ni siquiera se ha investigado a profundidad, pero al margen de eso nunca hemos entendido por qu\u00e9 cuando se trata del Ej\u00e9rcito exigir una investigaci\u00f3n exhaustiva, se toma una afrenta m\u00e1xime cuando esta instituci\u00f3n no se ha conducido a una buena fe en este proceso.<br><br>Prueba de la mala fe del Ej\u00e9rcito en el caso es que los militares una y otra vez han dado informaci\u00f3n falsa. Un ejemplo, presente en el propio reporte que nos entreg\u00f3, es suficiente para demostrarlo.<br><br>En el anexo del documento que nos entreg\u00f3 la Sedena, niega que el estudiante desaparecido trabajaba para dicha instituci\u00f3n fuera parte de una infiltraci\u00f3n liberada de la escuela normal Ra\u00fal Isidro Burgos de Ayotzinapa, se\u00f1alando en su documento que no contaba con alg\u00fan curso de inteligencia militar y que la \u00fanica raz\u00f3n de su existencia en la escuela era el deseo de superarse personalmente por el bien propio y de su familia, p\u00e1gina 11.<br><br>A partir de esa informaci\u00f3n, la Sedena en el reporte presidencial se nos dice que el mencionado compa\u00f1ero, quien tiene desde luego todo el derecho a ser buscado y sus familias toda la legitimidad de v\u00edctimas, no contaba con adiestramiento en materia de inteligencia militar ni mucho menos era un infiltrado, sino que se trataba de un joven que hab\u00eda recibido autorizaci\u00f3n de su comandancia para estudiar en la escuela, como parte del deseo de superarse y convertirse en maestro rural, p\u00e1gina 8.<br><br>Pues bien, es el caso que en la propia investigaci\u00f3n se puede obtener en el oficio GAOUI-5823, de fecha 21 de octubre de 2014 firmado por el general de brigada diplomado del estado mayor, Alejandro Saavedra Hern\u00e1ndez, en el que la Sedena acepta que dicho joven hab\u00eda recibido entrenamiento para el manejo de informaci\u00f3n sensible, estaba desplegado en el municipio de Tixtla como \u00d3rgano de B\u00fasqueda de Informaci\u00f3n (OBI), segu\u00eda bajo las \u00f3rdenes de sus superiores y se encontraba con estos una vez a la semana para dar al Ej\u00e9rcito informaci\u00f3n sobre la Normal, donde se inscribi\u00f3 con la finalidad de adquirir la fachada de estudiante. Es decir, realizaba labores de inteligencia militar en el plantel, tanto as\u00ed que el mismo documento refiere como tras los hechos se orden\u00f3 una intensiva vigilancia sobre sus familiares, siendo este el caso y existiendo el referido documento.<br><br>Solo abona a nuestra desconfianza que el Ej\u00e9rcito le mienta a usted, a nosotros, al pueblo de M\u00e9xico y en su \u00faltimo informe. Es por conductas institucionales tan desleales como \u00e9sta que aqu\u00ed referimos solo para ejemplificar y que han sido sistem\u00e1ticas en nuestro caso durante toda una d\u00e9cada.<br><br>Estimamos acreditada la mala fe del ej\u00e9rcito, lo que nos lleva a seguir insistiendo en que se investigue realmente a fondo la actuaci\u00f3n de sus elementos. Si en este tema los militares le presentaron a usted y publicaron informaci\u00f3n falsa, se confirma que tenemos raz\u00f3n en no confiar a ciegas en las palabras castrenses.<br><br>En ese sentido, seguimos exigiendo la entrega de los 800 folios faltantes del Centro Regional de Fusi\u00f3n de Inteligencia (CFRI) de Iguala, y que una vez que estos sean entregados a autoridades civiles, se permita la revisi\u00f3n y an\u00e1lisis por parte del grupo independiente, GIEI, preferentemente propuesto por los expertos internacionales que ya han tenido conocimiento del caso, pues en estos antecedentes no podemos dar por satisfechos que el hecho de que sea la propia Sedena la que determine la forma unilateral \u00bfcu\u00e1les de estos folios tienen que ver con el caso?, \u00bfcu\u00e1les no? \u00bfy cu\u00e1les supuestamente son de seguridad nacional?, como nos han dicho.<br><br>Por todas estas razones consideramos que sigue siendo fundada nuestra exigencia y que no debe trivializarse se\u00f1alando que es producto de la ideolog\u00eda o de la injerencia e inter\u00e9s ajenos al proceso.<br><br>Recordamos adem\u00e1s que esta exigencia nunca ha implicado que dejemos de demandar tambi\u00e9n que se investigue a las otras corporaciones y actores civiles criminales implicados en la desaparici\u00f3n de nuestros hijos y en su posterior encubrimiento.<br><br>Finalmente, no estamos de acuerdo con la apreciaci\u00f3n que usted tiene respecto a instituciones y organizaciones que nos han tendido la mano a lo largo de este camino de casi 10 a\u00f1os de buscar justicia y verdad.<br><br>Los organismos internacionales de derechos humanos no buscamos debilitar al Estado mexicano, sino quisieron apoyarlo.<br><br>La Comisi\u00f3n Interamericana de Derechos Humanos fue fundamental para la exigencia del Grupo Interdisciplinario de Expertos Independientes (GIEI). Este \u00faltimo, junto con el Equipo Argentino de Antropolog\u00eda Forense fue fundamental, pues gracias a su labor supimos que no hab\u00eda pruebas cient\u00edficas suficientes para afirmar que nuestros hijos hab\u00edan sido calcinados en el basurero de Cocula.<br><br>La Oficina en M\u00e9xico del Alto Comisionado para los Derechos de las Naciones Unidas fue clave para documentar el uso de la tortura en la investigaci\u00f3n y nos sigue acompa\u00f1ando reuni\u00f3n a reuni\u00f3n.<br><br>Con los aportes en conjunto de los organismos internacionales fue posible demostrar que la versi\u00f3n del basurero de Cocula, la \u201cverdad hist\u00f3rica\u201d, fue una maquinaci\u00f3n del gobierno anterior para tratar de acallarnos y cerrar nuestro caso.<br><br>Y gracias a esto y su voluntad pol\u00edtica se logr\u00f3 algo in\u00e9dito: llevar a juicio a un ex procurador General de la Rep\u00fablica.<br><br>Igualmente los organismos civiles, defensores de derechos humanos han estado con nosotros siempre, incluso las autoridades nos voltearon la espalda y han intentado siempre coadyuvar de buena fe.<br><br>El Centro de Derechos Humanos de la Monta\u00f1a y el Centro de Derechos Humanos Miguel Agust\u00edn Pro, junto con Serapaz y Fundar, han sido siempre nuestros m\u00e1s honestos asesores. De estas organizaciones hemos recibido acompa\u00f1amiento constante y humano.<br><br>Lamentamos que se se\u00f1ale al abogado de Tlachinollan por unas declaraciones que nunca se tradujeron en acciones concretas, pues en ning\u00fan momento irrumpimos en ning\u00fan evento electoral de la hoy Presidenta electa, a quien expresamos nuestro respeto.<br><br>Tambi\u00e9n lamentamos que se se\u00f1ale al Centro Prodh por firmar el acuerdo que permiti\u00f3 la llegada del GIEI, pues se firm\u00f3 uno id\u00e9ntico con su Gobierno.<br><br>Atribuirle al Centro Prodh la autoridad de una sentencia que descalific\u00f3 la \u201cverdad hist\u00f3rica\u201d cuando ni siquiera \u00e9ramos parte del expediente, es una falsedad.<br><br>En suma, nos parece que los se\u00f1alamientos contra nuestros representantes legales buscan minar nuestra desconfianza en ellos en el \u00e1nimo de dividirnos, lo que ya se foment\u00f3 recientemente desde algunas instancias de Gobierno. Pese a ello, la gran mayor\u00eda de las familias seguimos unidas lo que es a 10 a\u00f1os en ese mismo un logro, pues usted tambi\u00e9n lo ha experimentado. Luchar no es f\u00e1cil y el riesgo de las divisiones siempre es alto.<br><br>En cuanto al resto del reporte, respetuosamente consideramos que nos distrae de lo esencial y que no abona al objetivo que buscamos.<br><br>Tenemos 10 a\u00f1os luchando con nuestra salud f\u00edsica y mental mermada y es triste que terminemos este sexenio debatiendo sobre una conspiraci\u00f3n internacional contra el Ej\u00e9rcito que no existe.<br><br>En este sentido, ni siquiera tenemos relaci\u00f3n con muchas de las personas y situaciones mencionadas en el reporte. Las hip\u00f3tesis que quisi\u00e9ramos conocer son las relacionadas con lo que ocurri\u00f3 a nuestros hijos.<br><br>Pese a todo lo anterior, si se retoma lo que se logr\u00f3 avanzar en esta administraci\u00f3n, gracias al impulso de usted, a\u00fan tenemos la esperanza de llegar a la verdad y esperemos que esto pueda ocurrir en el pr\u00f3ximo Gobierno.<br><br>Para ello, ser\u00e1 fundamental que la siguiente administraci\u00f3n se forme su propia lectura e interpretaci\u00f3n del caso, que se remueva a quien hoy est\u00e1 en la cabeza de las investigaciones y la interlocuci\u00f3n con nosotros, pues han mostrado su ineficiencia.<br><br>Que se contin\u00faen las b\u00fasquedas en terreno, que se asegure la entrega de la informaci\u00f3n militar faltante, que se aceleren las extradiciones pendientes, que la asistencia victimal sea por fin digna y que se agoten todas las l\u00edneas de investigaci\u00f3n pendientes.<br><br>En la propia experiencia de los primeros a\u00f1os de esta administraci\u00f3n puede haber un camino que retomar.<br><br>Como familiares de personas cuyo paradero no ha sido esclarecido, nosotros seguiremos interpelando la responsabilidad del Estado y dialogando con quien debamos hacerlo. Nuestro amor a nuestros hijos nos obliga a ello.<br><br>Se\u00f1or Presidente, para las v\u00edctimas de la violencia en M\u00e9xico sigue siendo pr\u00e1cticamente imposible acceder a la justicia y a la verdad; es natural que eso, sumando al inmenso dolor que cargamos, nos lleve a exigir con firmeza.<br><br>Lo hacemos nosotros, lo hacen tambi\u00e9n muchos otros padres y muchas otras madres que buscan a sus hijos e hijas en este pa\u00eds herido que a\u00fan tenemos, que no son recibidos por ninguna autoridad, a quienes siempre tenemos presentes.<br><br>Exigir justicia y verdad no nos convierte en opositores pol\u00edticos, ni mucho menos en sujetos pasivos de la supuesta manipulaci\u00f3n de nuestros abogados, ni menos a\u00fan representantes de intereses extranjeros.<br><br>A nosotros esas cuestiones pol\u00edticas no nos interesan. Lo que queremos es saber qu\u00e9 pas\u00f3 con nuestros hijos. Ojal\u00e1 eso no deje de entenderse y respetarse siempre en nuestro pa\u00eds y que sea lo que a usted le motive a continuar trabajando hasta el \u00faltimo d\u00eda de su Gobierno.<br><br>Tenemos dignidad, exigimos justicia y verdad, no m\u00e1s pero tampoco menos.<br><br>\u00a1Porque vivos se los llevaron! \u00a1Vivos los queremos!<\/p>\n","protected":false},"excerpt":{"rendered":"<p>Ciudad de M\u00e9xico 26 de julio de 2024 Se\u00f1or Presidente, quienes abajo firmamos, padres y madres de estudiantes normalistas de Ayotzinapa, desaparecidos la noche del 26 de septiembre de 2014 en Iguala, Guerrero, nos dirigimos a usted respetuosamente para dejar constancia escrita de nuestra respuesta al reporte del 8 de julio de 2024, publicado hace [&hellip;]<\/p>\n","protected":false},"author":21,"featured_media":48560,"comment_status":"open","ping_status":"closed","sticky":false,"template":"","format":"standard","meta":{"footnotes":""},"categories":[957,51,954,935],"tags":[929,58,682,53,147,1432,23,545,87,148,27,483],"class_list":["post-48559","post","type-post","status-publish","format-standard","has-post-thumbnail","hentry","category-autonomia","category-autor","category-mexico","category-temas","tag-ayotzinapa","tag-derechos-humanos","tag-desaparicion-forzada","tag-justicia","tag-militarizacion","tag-padres-y-madres-de-los-43","tag-paramilitares","tag-pueblos-indigenas","tag-represion","tag-resistencia","tag-solidaridad","tag-tierra-y-territorio"],"_links":{"self":[{"href":"https:\/\/radiozapatista.org\/index.php?rest_route=\/wp\/v2\/posts\/48559","targetHints":{"allow":["GET"]}}],"collection":[{"href":"https:\/\/radiozapatista.org\/index.php?rest_route=\/wp\/v2\/posts"}],"about":[{"href":"https:\/\/radiozapatista.org\/index.php?rest_route=\/wp\/v2\/types\/post"}],"author":[{"embeddable":true,"href":"https:\/\/radiozapatista.org\/index.php?rest_route=\/wp\/v2\/users\/21"}],"replies":[{"embeddable":true,"href":"https:\/\/radiozapatista.org\/index.php?rest_route=%2Fwp%2Fv2%2Fcomments&post=48559"}],"version-history":[{"count":3,"href":"https:\/\/radiozapatista.org\/index.php?rest_route=\/wp\/v2\/posts\/48559\/revisions"}],"predecessor-version":[{"id":48580,"href":"https:\/\/radiozapatista.org\/index.php?rest_route=\/wp\/v2\/posts\/48559\/revisions\/48580"}],"wp:featuredmedia":[{"embeddable":true,"href":"https:\/\/radiozapatista.org\/index.php?rest_route=\/wp\/v2\/media\/48560"}],"wp:attachment":[{"href":"https:\/\/radiozapatista.org\/index.php?rest_route=%2Fwp%2Fv2%2Fmedia&parent=48559"}],"wp:term":[{"taxonomy":"category","embeddable":true,"href":"https:\/\/radiozapatista.org\/index.php?rest_route=%2Fwp%2Fv2%2Fcategories&post=48559"},{"taxonomy":"post_tag","embeddable":true,"href":"https:\/\/radiozapatista.org\/index.php?rest_route=%2Fwp%2Fv2%2Ftags&post=48559"}],"curies":[{"name":"wp","href":"https:\/\/api.w.org\/{rel}","templated":true}]}}