{"id":48494,"date":"2024-07-15T16:20:00","date_gmt":"2024-07-15T22:20:00","guid":{"rendered":"https:\/\/radiozapatista.org\/?p=48494"},"modified":"2024-07-19T12:02:37","modified_gmt":"2024-07-19T18:02:37","slug":"noticias-de-abajo-15-jul-2024","status":"publish","type":"post","link":"https:\/\/radiozapatista.org\/?p=48494","title":{"rendered":"Noticias de abajo 15 jul 2024"},"content":{"rendered":"\n[podcast]https:\/\/archive.org\/download\/noticiasdeabajo_15julio2024\/noticias%20de%20abajo%2015%20julio%202024.MP3[\/podcast]\n\n\n\n<p>\u2014 EUA: Entrevista a Carolina Salda\u00f1a sobre las acciones por la libertad del\u00a0 preso pol\u00edtico Mumia Abu Jamal. Anuncia traducci\u00f3n de nuevo libro sobre lucha anticarcelaria.\u00a0Por NdA.<\/p>\n\n\n\n<p>\u2014 GUATEMALA: Lolita Ch\u00e1vez, La Nieta del Pueblo Maya K\u2019iche\u2019 regresa a Ixim Ulew: Un viaje de reconexi\u00f3n y resistencia.\u00a0 Acompa\u00f1ada de una delegaci\u00f3n, regresa tras 10 a\u00f1os de exilio por amenazas de muerte. Fuente: <a href=\"https:\/\/depuebloybarrio.wordpress.com\/2024\/07\/05\/la-nieta-del-pueblo-maya-kiche-a-regresado-a-ixim-ulew\/embed\/#?secret=toNELGdIaV#?secret=GZMzbcqSkh\">De pueblo y barrio<\/a>.<\/p>\n\n\n\n<p>\u2014 CHILE: Las luchas contra la prisi\u00f3n pol\u00edtica en Chile llaman a luchar por la libertad de los presos pol\u00edticos del ataque policiaco a Villa Francia. El preso pol\u00edtico Mapuche de la CAM H\u00e9ctor Laiquitul inicia huelga l\u00edquida para denunciar la pol\u00edtica represiva del r\u00e9gimen de Boric. Y se realizan jornadas para la libertad de anarquistas presos como Francisco Solar para sacarlo de aislamiento. Fuente: Buskando la Kalle. Fuente: <a href=\"https:\/\/www.federacionanarquista.net\/uruguay-agitacion-contra-el-aislamiento-al-companero-francisco-solar\">Federaci\u00f3n Anarquista<\/a> | <a href=\"https:\/\/informativoanarquista.noblogs.org\/companerxs-en-prision\/embed\/#?secret=K40ZD0rwRj#?secret=MPVJAK1zCi\">Informativo Anarquista<\/a><\/p>\n\n\n\n<p>\u2014 CHIAPAS: ENTREVISTA a&nbsp;<strong> NO ESTAMOS TODOS<\/strong> sobre el caso Jos\u00e9 D\u00edaz, el zapatista, base de apoyo preso injustamente y de la lucha anticarcelaria en Chiapas. Por Nda.<\/p>\n\n\n\n<p>\u2014 GUERRERO: Los huracanes de la violencia. Un panorama desolador en Guerrero.<\/p>\n\n\n\n<p>La omnipresencia de los grupos criminales se ha normalizado al punto de imponer un estilo de represi\u00f3n caciquil y militar. Fuente: <a href=\"https:\/\/www.tlachinollan.org\/los-huracanes-de-la-violencia\/\">Tlachinollan<\/a>. <\/p>\n\n\n\n<p>\u2014 M\u00c9XICO: Convocan a la quinta Asamblea Nacional del Agua, la vida y el territorio. Un espacio de resistencias comunitarias y populares, el pr\u00f3ximo 17 Y 18 de Agosto.<\/p>\n\n\n\n<p><a href=\"https:\/\/youtube.com\/watch?v=2LYirX2PL0w%3Fversion%3D3%26rel%3D1%26showsearch%3D0%26showinfo%3D1%26iv_load_policy%3D1%26fs%3D1%26hl%3Des%26autohide%3D2%26wmode%3Dtransparent\">Ver en YouTube.<\/a> <\/p>\n","protected":false},"excerpt":{"rendered":"<p>[podcast]https:\/\/archive.org\/download\/noticiasdeabajo_15julio2024\/noticias%20de%20abajo%2015%20julio%202024.MP3[\/podcast] \u2014 EUA: Entrevista a Carolina Salda\u00f1a sobre las acciones por la libertad del\u00a0 preso pol\u00edtico Mumia Abu Jamal. Anuncia traducci\u00f3n de nuevo libro sobre lucha anticarcelaria.\u00a0Por NdA. \u2014 GUATEMALA: Lolita Ch\u00e1vez, La Nieta del Pueblo Maya K\u2019iche\u2019 regresa a Ixim Ulew: Un viaje de reconexi\u00f3n y resistencia.\u00a0 Acompa\u00f1ada de una delegaci\u00f3n, regresa tras 10 [&hellip;]<\/p>\n","protected":false},"author":21,"featured_media":48496,"comment_status":"open","ping_status":"closed","sticky":false,"template":"","format":"standard","meta":{"footnotes":""},"categories":[1,957,51,6,1284,826,954,953,962,935],"tags":[579,667,171,37,939],"class_list":["post-48494","post","type-post","status-publish","format-standard","has-post-thumbnail","hentry","category-audio","category-autonomia","category-autor","category-chiapas","category-latinoamerica","category-medios-libres-2","category-mexico","category-mundo","category-presos","category-temas","tag-agua","tag-baezln","tag-medio-ambiente","tag-presos-politicos","tag-recursos-naturales"],"_links":{"self":[{"href":"https:\/\/radiozapatista.org\/index.php?rest_route=\/wp\/v2\/posts\/48494","targetHints":{"allow":["GET"]}}],"collection":[{"href":"https:\/\/radiozapatista.org\/index.php?rest_route=\/wp\/v2\/posts"}],"about":[{"href":"https:\/\/radiozapatista.org\/index.php?rest_route=\/wp\/v2\/types\/post"}],"author":[{"embeddable":true,"href":"https:\/\/radiozapatista.org\/index.php?rest_route=\/wp\/v2\/users\/21"}],"replies":[{"embeddable":true,"href":"https:\/\/radiozapatista.org\/index.php?rest_route=%2Fwp%2Fv2%2Fcomments&post=48494"}],"version-history":[{"count":9,"href":"https:\/\/radiozapatista.org\/index.php?rest_route=\/wp\/v2\/posts\/48494\/revisions"}],"predecessor-version":[{"id":48517,"href":"https:\/\/radiozapatista.org\/index.php?rest_route=\/wp\/v2\/posts\/48494\/revisions\/48517"}],"wp:featuredmedia":[{"embeddable":true,"href":"https:\/\/radiozapatista.org\/index.php?rest_route=\/wp\/v2\/media\/48496"}],"wp:attachment":[{"href":"https:\/\/radiozapatista.org\/index.php?rest_route=%2Fwp%2Fv2%2Fmedia&parent=48494"}],"wp:term":[{"taxonomy":"category","embeddable":true,"href":"https:\/\/radiozapatista.org\/index.php?rest_route=%2Fwp%2Fv2%2Fcategories&post=48494"},{"taxonomy":"post_tag","embeddable":true,"href":"https:\/\/radiozapatista.org\/index.php?rest_route=%2Fwp%2Fv2%2Ftags&post=48494"}],"curies":[{"name":"wp","href":"https:\/\/api.w.org\/{rel}","templated":true}]}}