{"id":48488,"date":"2024-07-16T14:49:30","date_gmt":"2024-07-16T20:49:30","guid":{"rendered":"https:\/\/radiozapatista.org\/?p=48488"},"modified":"2024-07-19T11:50:18","modified_gmt":"2024-07-19T17:50:18","slug":"comunicado-urgente-amenazan-de-muerte-a-delegado-del-cni-y-del-cipog-ez","status":"publish","type":"post","link":"https:\/\/radiozapatista.org\/?p=48488","title":{"rendered":"\u00a1Comunicado urgente! Amenazan de muerte a delegado del CNI y del CIPOG-EZ"},"content":{"rendered":"\n<p>Al Ej\u00e9rcito Zapatista de Liberaci\u00f3n Nacional<br>Al Congreso Nacional Ind\u00edgena<br>Al Concejo Indigena de Gobierno<br>A la Sexta Mundial<br>A quienes suscribieron Una Declaraci\u00f3n por la Vida<br>A las Redes de Resistencia y Rebeldia<br>A los organismos de derechos humanos<br>Al Pueblo de M\u00e9xico<br>A los medios libres y aut\u00f3nomos<\/p>\n\n\n\n<p>16 de julio de 2024.<\/p>\n\n\n\n<p>Hermanos, hermanas: Con mucha preocupaci\u00f3n, les compartimos que el d\u00eda 15 de julio, nuestro hermano, delegado del Congreso Nacional Ind\u00edgena y promotor del Concejo Ind\u00edgena y Popular de Guerrero Emiliano Zapata, Jes\u00fas Pl\u00e1cido Galindo y otro compa\u00f1ero del CIPOG-EZ de nombre Francisco Vazquez Mendoza, recibieron llamadas telef\u00f3nicas del n\u00famero 7471352147 en las que fueron amenazados con \u00abpartirles la madre\u00bb, les dijeron que \u00ablos tienen ubicados\u00bb y que ya le \u00abbajen de huevos\u00bb.<\/p>\n\n\n\n<p>Es de todos sabido el panorama del estado de Guerrero, donde el crimen organizado est\u00e1 por encima de cualquier instituci\u00f3n y autoridad, e incluso, \u00e9stas mismas son la delincuencia y forman parte de los grupos narco-paramilitares que azotan a nuestro estado. Es por eso que nos queda claro que las llamadas vienen del grupo narco-paramilitar los Ardillos que por muchos a\u00f1os han asesinado, torturado y aterrorizado a nuestras comunidades, vali\u00e9ndose de la red de complicidad que han tejido con autoridades y polic\u00edas municipales, estatales, con la fiscal\u00eda y con gobierno del estado.<\/p>\n\n\n\n<p>Les pedimos hermanos y hermanas que en la medida de lo posible est\u00e9n alerta por lo que pueda suceder y que hagan llamados a quienes se supone que y al estado de Guerrero para que detengan violencia gue vivimos. De la misma forma, responsabilizamos al gobierno federal, a la gobernadora del estado de Guerrero Evelyn Salgado, as\u00ed como a la fiscal\u00eda y dem\u00e1s autoridades de lo que pueda suceder a alg\u00fan Compa\u00f1ero o compa\u00f1era del CIPOG-EZ, pues a \u00e9stas autoridades les hemos pedido ya por varios a\u00f1os que desarticulen a los grupos delincuenciales y lo \u00fanico que hemos obtenido, ha sido su silencio.<\/p>\n\n\n\n<p>Sin m\u00e1s, les decimos que no nos vendemos, no claudicamos, no nos rendimos.<\/p>\n\n\n\n<p class=\"has-text-align-center\">Atentamente:<\/p>\n\n\n\n<p class=\"has-text-align-center\">Concejo Ind\u00edgena y Popular de Guerrero Emiliano Zapata.<\/p>\n","protected":false},"excerpt":{"rendered":"<p>Al Ej\u00e9rcito Zapatista de Liberaci\u00f3n NacionalAl Congreso Nacional Ind\u00edgenaAl Concejo Indigena de GobiernoA la Sexta MundialA quienes suscribieron Una Declaraci\u00f3n por la VidaA las Redes de Resistencia y RebeldiaA los organismos de derechos humanosAl Pueblo de M\u00e9xicoA los medios libres y aut\u00f3nomos 16 de julio de 2024. Hermanos, hermanas: Con mucha preocupaci\u00f3n, les compartimos que [&hellip;]<\/p>\n","protected":false},"author":21,"featured_media":48489,"comment_status":"open","ping_status":"closed","sticky":false,"template":"","format":"standard","meta":{"footnotes":""},"categories":[957,51,826,954,935],"tags":[1269,1061,58,77,53,567,147,912,23,545,87,148,27,483],"class_list":["post-48488","post","type-post","status-publish","format-standard","has-post-thumbnail","hentry","category-autonomia","category-autor","category-medios-libres-2","category-mexico","category-temas","tag-cipog-ez","tag-crimen-organizado","tag-derechos-humanos","tag-guerrero","tag-justicia","tag-megaproyectos","tag-militarizacion","tag-narcoestado","tag-paramilitares","tag-pueblos-indigenas","tag-represion","tag-resistencia","tag-solidaridad","tag-tierra-y-territorio"],"_links":{"self":[{"href":"https:\/\/radiozapatista.org\/index.php?rest_route=\/wp\/v2\/posts\/48488","targetHints":{"allow":["GET"]}}],"collection":[{"href":"https:\/\/radiozapatista.org\/index.php?rest_route=\/wp\/v2\/posts"}],"about":[{"href":"https:\/\/radiozapatista.org\/index.php?rest_route=\/wp\/v2\/types\/post"}],"author":[{"embeddable":true,"href":"https:\/\/radiozapatista.org\/index.php?rest_route=\/wp\/v2\/users\/21"}],"replies":[{"embeddable":true,"href":"https:\/\/radiozapatista.org\/index.php?rest_route=%2Fwp%2Fv2%2Fcomments&post=48488"}],"version-history":[{"count":2,"href":"https:\/\/radiozapatista.org\/index.php?rest_route=\/wp\/v2\/posts\/48488\/revisions"}],"predecessor-version":[{"id":48510,"href":"https:\/\/radiozapatista.org\/index.php?rest_route=\/wp\/v2\/posts\/48488\/revisions\/48510"}],"wp:featuredmedia":[{"embeddable":true,"href":"https:\/\/radiozapatista.org\/index.php?rest_route=\/wp\/v2\/media\/48489"}],"wp:attachment":[{"href":"https:\/\/radiozapatista.org\/index.php?rest_route=%2Fwp%2Fv2%2Fmedia&parent=48488"}],"wp:term":[{"taxonomy":"category","embeddable":true,"href":"https:\/\/radiozapatista.org\/index.php?rest_route=%2Fwp%2Fv2%2Fcategories&post=48488"},{"taxonomy":"post_tag","embeddable":true,"href":"https:\/\/radiozapatista.org\/index.php?rest_route=%2Fwp%2Fv2%2Ftags&post=48488"}],"curies":[{"name":"wp","href":"https:\/\/api.w.org\/{rel}","templated":true}]}}