{"id":48471,"date":"2024-07-09T10:19:33","date_gmt":"2024-07-09T16:19:33","guid":{"rendered":"https:\/\/radiozapatista.org\/?p=48471"},"modified":"2024-07-09T10:19:43","modified_gmt":"2024-07-09T16:19:43","slug":"el-fogon-de-las-palabras-laboratorio-de-historias-comunitarias","status":"publish","type":"post","link":"https:\/\/radiozapatista.org\/?p=48471","title":{"rendered":"El fog\u00f3n de las palabras: Laboratorio de historias comunitarias"},"content":{"rendered":"\n<p>Durante dos a\u00f1os, <em>Promedios de Comunicaci\u00f3n Comunitaria<\/em> y <em>Habitar La Escucha<\/em> trabajaron en un nuevo proyecto de producci\u00f3n radiof\u00f3nica llamado <strong><em><a href=\"https:\/\/elfogondelaspalabras.com\/\">El Fog\u00f3n de las Palabras. Laboratorio de historias comunitarias<\/a><\/em><\/strong>, que contar\u00e1 con un podcast mensual. Este nuevo proyecto se present\u00f3 este pasado 6 de julio de 2024 en el espacio Sendas, en San Crist\u00f3bal de Las Casas. All\u00ed se comparti\u00f3 el <a href=\"https:\/\/elfogondelaspalabras.com\/01-chicomuselo\">primer podcast<\/a>, con historias creadas y narradas por distintas comunidades de Chiapas y Guatemala, y cont\u00f3 con la participaci\u00f3n de compa\u00f1eras y compa\u00f1eros de estas organizaciones y colectivos, quienes compartieron su palabra.<\/p>\n\n\n\n<figure class=\"wp-block-table\"><table><tbody><tr><td><strong>Podcast 01:<\/strong><br><a href=\"https:\/\/elfogondelaspalabras.com\/01-chicomuselo\">Comit\u00e9 para la Promoci\u00f3n y Defensa de la Vida Samuel Ruiz Garc\u00eda &#8211; Chicomuselo, Chiapas<\/a><\/td><td>Animales que protegen la tierra; el agua como fuente de vida y cuidadora de la comunidad; un meteorito, la luna y las personas que trabajan y defienden su territorio; son algunos de los personajes en los relatos creados en el <em>Laboratorio de Historias Comunitarias <\/em>que nos narran la vida y trabajo, las luchas y esperanzas de los y las integrantes del \u201cComit\u00e9 para la Promoci\u00f3n y Defensa de la Vida Samuel Ruiz Garc\u00eda\u201d del municipio de Chicomuselo, Chiapas<\/td><\/tr><\/tbody><\/table><\/figure>\n\n\n\n<p>[podcast]<a href=\"https:\/\/radiozapatista.org\/wp-content\/uploads\/2024\/07\/El-Fogon-de-las-Palabras-Programa-01-Chicomuselo.mp3\">https:\/\/radiozapatista.org\/wp-content\/uploads\/2024\/07\/El-Fogon-de-las-Palabras-Programa-01-Chicomuselo.mp3<\/a>[\/podcast]<\/p>\n\n\n\n<p>El fog\u00f3n de las palabras es un proyecto interdisciplinario que busca abrir espacios de <strong><em>encuentro y escucha<\/em> <\/strong>a trav\u00e9s de la comunicaci\u00f3n popular y el arte comunitario, donde las personas puedan crear y narrar sus propias historias, basadas en sus experiencias cotidianas y el contexto de resistencia en el que viven, as\u00ed como en los relatos, mitos y leyendas que les conforman como comunidad.<\/p>\n\n\n\n<p>Se busca que los grupos participantes puedan generar otros contenidos -desde sus propias voces y su visi\u00f3n del mundo- para difundir su labor, defender su lucha, denunciar agresiones y violaciones a los derechos humanos y construir alternativas de vida desde la <strong><em>esperanza<\/em><\/strong>. El anhelo es ser un meg\u00e1fono de estas historias, fortalecer los v\u00ednculos entre los colectivos y organizaciones participantes y alimentar la red de difusi\u00f3n de radios comunitarias y medios libres a nivel regional, nacional e internacional.<\/p>\n\n\n\n<p><a href=\"https:\/\/elfogondelaspalabras.com\">https:\/\/elfogondelaspalabras.com<\/a><br>FB: <a href=\"https:\/\/www.facebook.com\/elfogondelaspalabras\" target=\"_blank\" rel=\"noreferrer noopener\">https:\/\/www.facebook.com\/elfogondelaspalabras<\/a><br>Ig: <a href=\"https:\/\/www.instagram.com\/elfogondelaspalabras\/\" target=\"_blank\" rel=\"noreferrer noopener\">https:\/\/www.instagram.com\/elfogondelaspalabras\/<\/a><\/p>\n","protected":false},"excerpt":{"rendered":"<p>Durante dos a\u00f1os, Promedios de Comunicaci\u00f3n Comunitaria y Habitar La Escucha trabajaron en un nuevo proyecto de producci\u00f3n radiof\u00f3nica llamado El Fog\u00f3n de las Palabras. Laboratorio de historias comunitarias, que contar\u00e1 con un podcast mensual. Este nuevo proyecto se present\u00f3 este pasado 6 de julio de 2024 en el espacio Sendas, en San Crist\u00f3bal de [&hellip;]<\/p>\n","protected":false},"author":1,"featured_media":48474,"comment_status":"open","ping_status":"closed","sticky":false,"template":"","format":"standard","meta":{"footnotes":""},"categories":[1,957,6,934,190],"tags":[917,1476,545,148],"class_list":["post-48471","post","type-post","status-publish","format-standard","has-post-thumbnail","hentry","category-audio","category-autonomia","category-chiapas","category-multimedia","category-radiozapatista","tag-chiapas","tag-chicomuselo","tag-pueblos-indigenas","tag-resistencia"],"_links":{"self":[{"href":"https:\/\/radiozapatista.org\/index.php?rest_route=\/wp\/v2\/posts\/48471","targetHints":{"allow":["GET"]}}],"collection":[{"href":"https:\/\/radiozapatista.org\/index.php?rest_route=\/wp\/v2\/posts"}],"about":[{"href":"https:\/\/radiozapatista.org\/index.php?rest_route=\/wp\/v2\/types\/post"}],"author":[{"embeddable":true,"href":"https:\/\/radiozapatista.org\/index.php?rest_route=\/wp\/v2\/users\/1"}],"replies":[{"embeddable":true,"href":"https:\/\/radiozapatista.org\/index.php?rest_route=%2Fwp%2Fv2%2Fcomments&post=48471"}],"version-history":[{"count":1,"href":"https:\/\/radiozapatista.org\/index.php?rest_route=\/wp\/v2\/posts\/48471\/revisions"}],"predecessor-version":[{"id":48473,"href":"https:\/\/radiozapatista.org\/index.php?rest_route=\/wp\/v2\/posts\/48471\/revisions\/48473"}],"wp:featuredmedia":[{"embeddable":true,"href":"https:\/\/radiozapatista.org\/index.php?rest_route=\/wp\/v2\/media\/48474"}],"wp:attachment":[{"href":"https:\/\/radiozapatista.org\/index.php?rest_route=%2Fwp%2Fv2%2Fmedia&parent=48471"}],"wp:term":[{"taxonomy":"category","embeddable":true,"href":"https:\/\/radiozapatista.org\/index.php?rest_route=%2Fwp%2Fv2%2Fcategories&post=48471"},{"taxonomy":"post_tag","embeddable":true,"href":"https:\/\/radiozapatista.org\/index.php?rest_route=%2Fwp%2Fv2%2Ftags&post=48471"}],"curies":[{"name":"wp","href":"https:\/\/api.w.org\/{rel}","templated":true}]}}