{"id":48452,"date":"2024-07-06T00:39:00","date_gmt":"2024-07-06T06:39:00","guid":{"rendered":"https:\/\/radiozapatista.org\/?p=48452"},"modified":"2024-07-09T08:56:01","modified_gmt":"2024-07-09T14:56:01","slug":"palabra-publica-del-gobierno-comunitario-de-chilon-por-la-libertad-de-jose-diaz","status":"publish","type":"post","link":"https:\/\/radiozapatista.org\/?p=48452","title":{"rendered":"Palabra publica del Gobierno Comunitario de Chilon por la libertad de Jos\u00e9 D\u00edaz"},"content":{"rendered":"\n<p><strong>Palabra p\u00fablica por la liberaci\u00f3n inmediata e incondicional de Jos\u00e9 D\u00edaz G\u00f3mez, ind\u00edgena Ch\u00b4ol, Base de Apoyo del EZLN, Defensor del Territorio de Trapiche, municipio de Salto de Agua, Chiapas<\/strong><\/p>\n\n\n\n<p><strong>06 de Julio de 2024<\/strong><\/p>\n\n\n\n<p>Demandamos que el juzgado de Catazaj\u00e1 Chiapas cumpla con su deber de impartir justicia verdadera a nuestro hermano Jos\u00e9 D\u00edaz G\u00f3mez, Base de Apoyo del Ejercito Zapatista de Liberaci\u00f3n Nacional (BAEZLN), Defensor de la vida y el Territorio, originario de Rancher\u00eda el Trapiche, municipio de Salto de Agua, Chiapas acusado injustamente, que desde el 25 de noviembre de 2022 fue secuestrado y reh\u00e9n por el gobierno del Estado de Chiapas, donde le fabricaron un delito de robo ejecutado con violencia, estrategia del Gobierno para encarcelar a los m\u00e1s indefensos.<\/p>\n\n\n\n<p>En el marco de la apertura del juicio oral que dio inicio el 4 de junio, despu\u00e9s de un a\u00f1o y siete meses de prisi\u00f3n preventiva oficiosa, solo han llevado a la larga su proceso penal, estamos sabedores que el 8 de julio de 2024, se dar\u00e1 continuidad a su proceso, para posteriormente dictarse una sentencia, nos preocupa que el Juez vaya a dictar una sentencia de condena a nuestro compa\u00f1ero sin prueba alguna que justifique su encarcelamiento y criminalizaci\u00f3n. Estamos conscientes que no existen elementos para sentenciar a Jos\u00e9 D\u00edaz, al tratarse de un delito fabricado.<\/p>\n\n\n\n<p>Repudiamos la actitud de las autoridades por el maltrato a nuestro hermano Jos\u00e9 D\u00edaz G\u00f3mez al ser v\u00edctima de detenci\u00f3n arbitraria con uso excesivo de la fuerza, v\u00edctima de tortura, desaparecido e incomunicado por la polic\u00eda especializada de la fiscal\u00eda del Distrito Selva, estrat\u00e9gicamente le hicieron firmar y poner su huella en varios papeles en blanco y no le facilitaron un traductor de su lengua materna Ch\u00b4ol , ni por un abogado, lo que es una grave violaci\u00f3n a sus derechos humanos.<\/p>\n\n\n\n<p><strong>Nos unimos a la voz de todos aquellos que claman justicia desde las c\u00e1rceles:<\/strong><\/p>\n\n\n\n<p><strong>EXIGIMOS:<\/strong><\/p>\n\n\n\n<p>\u2022\u00a0La liberaci\u00f3n inmediata e incondicional de nuestro hermano Defensor de la vida y el Territorio Jos\u00e9 D\u00edaz G\u00f3mez BAEZLN y de otros cuatro hermanos de Base de Apoyo Zapatista, que tenemos conocimiento que cuentan con \u00f3rdenes de aprehensi\u00f3n.<br>\u2022\u00a0Respeto a nuestros derechos humanos ind\u00edgenas.<br>\u2022\u00a0Respeto a nuestras autonom\u00edas comunitarias.<br>\u2022\u00a0Basta de los trabajos sucios e ineptos de los jueces y la fiscal\u00eda del Estado.<br>\u2022\u00a0Basta de la corrupci\u00f3n de las autoridades que ponen en riesgo la vida de los m\u00e1s indefensos.<br>\u2022\u00a0Basta del encarcelamiento y criminalizaci\u00f3n injustificado de los m\u00e1s indefensos.<\/p>\n\n\n\n<p class=\"has-text-align-center\"><strong>ATENTAMENTE<\/strong><br><strong>CONCEJO DEL GOBIERNO COMUNITARIO<\/strong><br><strong>Chil\u00f3n, Chiapas.<\/strong><\/p>\n","protected":false},"excerpt":{"rendered":"<p>Palabra p\u00fablica por la liberaci\u00f3n inmediata e incondicional de Jos\u00e9 D\u00edaz G\u00f3mez, ind\u00edgena Ch\u00b4ol, Base de Apoyo del EZLN, Defensor del Territorio de Trapiche, municipio de Salto de Agua, Chiapas 06 de Julio de 2024 Demandamos que el juzgado de Catazaj\u00e1 Chiapas cumpla con su deber de impartir justicia verdadera a nuestro hermano Jos\u00e9 D\u00edaz [&hellip;]<\/p>\n","protected":false},"author":21,"featured_media":48453,"comment_status":"open","ping_status":"closed","sticky":false,"template":"","format":"standard","meta":{"footnotes":""},"categories":[957,51,6,826,954,962,935],"tags":[58,53,567,147,23,545,87,148,27,483],"class_list":["post-48452","post","type-post","status-publish","format-standard","has-post-thumbnail","hentry","category-autonomia","category-autor","category-chiapas","category-medios-libres-2","category-mexico","category-presos","category-temas","tag-derechos-humanos","tag-justicia","tag-megaproyectos","tag-militarizacion","tag-paramilitares","tag-pueblos-indigenas","tag-represion","tag-resistencia","tag-solidaridad","tag-tierra-y-territorio"],"_links":{"self":[{"href":"https:\/\/radiozapatista.org\/index.php?rest_route=\/wp\/v2\/posts\/48452","targetHints":{"allow":["GET"]}}],"collection":[{"href":"https:\/\/radiozapatista.org\/index.php?rest_route=\/wp\/v2\/posts"}],"about":[{"href":"https:\/\/radiozapatista.org\/index.php?rest_route=\/wp\/v2\/types\/post"}],"author":[{"embeddable":true,"href":"https:\/\/radiozapatista.org\/index.php?rest_route=\/wp\/v2\/users\/21"}],"replies":[{"embeddable":true,"href":"https:\/\/radiozapatista.org\/index.php?rest_route=%2Fwp%2Fv2%2Fcomments&post=48452"}],"version-history":[{"count":2,"href":"https:\/\/radiozapatista.org\/index.php?rest_route=\/wp\/v2\/posts\/48452\/revisions"}],"predecessor-version":[{"id":48464,"href":"https:\/\/radiozapatista.org\/index.php?rest_route=\/wp\/v2\/posts\/48452\/revisions\/48464"}],"wp:featuredmedia":[{"embeddable":true,"href":"https:\/\/radiozapatista.org\/index.php?rest_route=\/wp\/v2\/media\/48453"}],"wp:attachment":[{"href":"https:\/\/radiozapatista.org\/index.php?rest_route=%2Fwp%2Fv2%2Fmedia&parent=48452"}],"wp:term":[{"taxonomy":"category","embeddable":true,"href":"https:\/\/radiozapatista.org\/index.php?rest_route=%2Fwp%2Fv2%2Fcategories&post=48452"},{"taxonomy":"post_tag","embeddable":true,"href":"https:\/\/radiozapatista.org\/index.php?rest_route=%2Fwp%2Fv2%2Ftags&post=48452"}],"curies":[{"name":"wp","href":"https:\/\/api.w.org\/{rel}","templated":true}]}}