{"id":48439,"date":"2024-07-05T23:19:06","date_gmt":"2024-07-06T05:19:06","guid":{"rendered":"https:\/\/radiozapatista.org\/?p=48439"},"modified":"2024-07-09T08:59:14","modified_gmt":"2024-07-09T14:59:14","slug":"comunicado-de-la-comision-de-coordinacion-y-seguimiento-del-cni-ante-el-desmedido-ataque-armado-por-parte-del-cartel-jaliscon-nueva-generacion-a-la-comunidad-de-santa-maria-ostula","status":"publish","type":"post","link":"https:\/\/radiozapatista.org\/?p=48439","title":{"rendered":"Comunicado de la Comisi\u00f3n de Coordinaci\u00f3n y Seguimiento del CNI, ante el desmedido ataque armado por parte del c\u00e1rtel Jaliscon Nueva Generaci\u00f3n a la comunidad de Santa Mar\u00eda Ostula"},"content":{"rendered":"\n<p>La Comisi\u00f3n de Coordinaci\u00f3n y Seguimiento del Congreso Nacional Ind\u00edgena, nos sumamos a la exigencia de la comunidad ind\u00edgena de Santa Mar\u00eda Ostula, municipio de Aquila, Muchoac\u00e1n y URGIMOS a que se tomen de inmediato las acciones necesarias para resguardar la seguridad en la regi\u00f3n costa sierra de Michoac\u00e1n, y se detenga el avance del Cartel Jalisco Nueva Generaci\u00f3n, que&nbsp; acrecent\u00f3 de una manera desmedida su ataque armado a la encargatura de La Cofrad\u00eda, en la zona sierra de la comunidad ind\u00edgena de Ostula.&nbsp;&nbsp;<\/p>\n\n\n\n<p>Desde el d\u00eda 1 de julio comenz\u00f3 el ataque a los puntos de seguridad de la comunidad. Y desde el 3 de julio comenz\u00f3 un artero ataque con explosivos arrojados desde drones sobre lugares p\u00fablicos de la comunidad, a los que cada 40 minutos estuvieron arrojando explosivos y atacando con grupos de alrededor de 50 sicarios con armas de guerra, sumados a los ataques que la comunidad ha denunciado en semanas anteriores y ante los cuales, los gobiernos han sido omisos, permitiendo con ello la expansi\u00f3n del Cartel Jalisco Nueva Generaci\u00f3n a costa de la vida de los pueblos ind\u00edgenas y campesinos<\/p>\n\n\n\n<p>Denunciamos que el gobierno estatal de Michoac\u00e1n y el gobierno federal est\u00e1n dejando sola a la comunidad de Ostula. No solo no han hecho presencia para resguardar y defender al pueblo ind\u00edgena de la sierra costa, sino que permiten que los atacantes puedan transitar por la regi\u00f3n para reabastecerse de parque y armamento para mantener su guerra a la que nuestras hermanas y hermanos resisten de manera heroica con organizaci\u00f3n y dignidad.&nbsp;<\/p>\n\n\n\n<p>Expresamos nuestra solidaridad con el pueblo nahua de Santa Mar\u00eda Ostula, Michoac\u00e1n y su guardia comunal y convocamos a los pueblos originarios de M\u00e9xico y el mundo, a la sexta nacional e internacional, a las organizaciones de derechos humanos y colectivos solidarios y conscientes, a denunciar y exigir que se detenga el ataque armado y sean desmantelados los grupos criminales.&nbsp;<\/p>\n\n\n\n<p class=\"has-text-align-center\">ATENTAMENTE<br>Comisi\u00f3n de Coordinaci\u00f3n y Seguimiento del Congreso Nacional Ind\u00edgena.\u00a0<\/p>\n","protected":false},"excerpt":{"rendered":"<p>La Comisi\u00f3n de Coordinaci\u00f3n y Seguimiento del Congreso Nacional Ind\u00edgena, nos sumamos a la exigencia de la comunidad ind\u00edgena de Santa Mar\u00eda Ostula, municipio de Aquila, Muchoac\u00e1n y URGIMOS a que se tomen de inmediato las acciones necesarias para resguardar la seguridad en la regi\u00f3n costa sierra de Michoac\u00e1n, y se detenga el avance del [&hellip;]<\/p>\n","protected":false},"author":21,"featured_media":48440,"comment_status":"open","ping_status":"closed","sticky":false,"template":"","format":"standard","meta":{"footnotes":""},"categories":[957,51,826,958,954,935],"tags":[58,53,567,147,23,545,87,27],"class_list":["post-48439","post","type-post","status-publish","format-standard","has-post-thumbnail","hentry","category-autonomia","category-autor","category-medios-libres-2","category-megaproyectos","category-mexico","category-temas","tag-derechos-humanos","tag-justicia","tag-megaproyectos","tag-militarizacion","tag-paramilitares","tag-pueblos-indigenas","tag-represion","tag-solidaridad"],"_links":{"self":[{"href":"https:\/\/radiozapatista.org\/index.php?rest_route=\/wp\/v2\/posts\/48439","targetHints":{"allow":["GET"]}}],"collection":[{"href":"https:\/\/radiozapatista.org\/index.php?rest_route=\/wp\/v2\/posts"}],"about":[{"href":"https:\/\/radiozapatista.org\/index.php?rest_route=\/wp\/v2\/types\/post"}],"author":[{"embeddable":true,"href":"https:\/\/radiozapatista.org\/index.php?rest_route=\/wp\/v2\/users\/21"}],"replies":[{"embeddable":true,"href":"https:\/\/radiozapatista.org\/index.php?rest_route=%2Fwp%2Fv2%2Fcomments&post=48439"}],"version-history":[{"count":2,"href":"https:\/\/radiozapatista.org\/index.php?rest_route=\/wp\/v2\/posts\/48439\/revisions"}],"predecessor-version":[{"id":48467,"href":"https:\/\/radiozapatista.org\/index.php?rest_route=\/wp\/v2\/posts\/48439\/revisions\/48467"}],"wp:featuredmedia":[{"embeddable":true,"href":"https:\/\/radiozapatista.org\/index.php?rest_route=\/wp\/v2\/media\/48440"}],"wp:attachment":[{"href":"https:\/\/radiozapatista.org\/index.php?rest_route=%2Fwp%2Fv2%2Fmedia&parent=48439"}],"wp:term":[{"taxonomy":"category","embeddable":true,"href":"https:\/\/radiozapatista.org\/index.php?rest_route=%2Fwp%2Fv2%2Fcategories&post=48439"},{"taxonomy":"post_tag","embeddable":true,"href":"https:\/\/radiozapatista.org\/index.php?rest_route=%2Fwp%2Fv2%2Ftags&post=48439"}],"curies":[{"name":"wp","href":"https:\/\/api.w.org\/{rel}","templated":true}]}}