{"id":4836,"date":"2011-12-15T10:22:53","date_gmt":"2011-12-15T16:22:53","guid":{"rendered":"https:\/\/radiozapatista.org\/?p=4836"},"modified":"2011-12-15T10:22:53","modified_gmt":"2011-12-15T16:22:53","slug":"pronunciamiento-de-la-rvsr-por-el-asesinato-de-don-trinidad-de-la-cruz-y-contra-la-guerra-a-ostula","status":"publish","type":"post","link":"https:\/\/radiozapatista.org\/?p=4836","title":{"rendered":"Pronunciamiento de la RvsR por el asesinato de don Trinidad de la Cruz y contra la Guerra a Ostula"},"content":{"rendered":"<p><\/p>\n<p style=\"text-align: center\"><a href=\"https:\/\/radiozapatista.org\/wp-content\/uploads\/2011\/12\/ostula.jpg\"><img loading=\"lazy\" decoding=\"async\" class=\"aligncenter size-full wp-image-4838\" src=\"https:\/\/radiozapatista.org\/wp-content\/uploads\/2011\/12\/ostula.jpg\" alt=\"\" width=\"259\" height=\"194\" \/><\/a><\/p>\n<p>La noticia del asesinato de don Trinidad de la Cruz nos ha provocado indignaci\u00f3n. Este asesinato se suma a la de otros compa\u00f1eros de Santa Mar\u00eda Ostula:<\/p>\n<ul>\n<li>Diego Ram\u00edrez Dom\u00ednguez<\/li>\n<li>Sim\u00f3n Pineda Verd\u00eda<\/li>\n<li>Sim\u00f3n Pineda, hijo<\/li>\n<li>Quint\u00edn Regis Valdez<\/li>\n<li>Erick Nemesio Dom\u00ednguez<\/li>\n<li>Froyl\u00e1n Medina \u00c1lvarez<\/li>\n<li>Demetrio Olivero \u00c1lvarez<\/li>\n<li>Humberto Santos Valladares<\/li>\n<li>Venancio Ram\u00edrez Cirino<\/li>\n<li>Manuel Flores \u00c1lvarez<\/li>\n<li>Miguel \u00c1ngel Flores \u00c1lvarez<\/li>\n<li>Jos\u00e9 Mart\u00ednez Ramos<\/li>\n<li>Horacio Mart\u00ednez Ramos<\/li>\n<li>Ernesto Nicol\u00e1s L\u00f3pez<\/li>\n<li>Pedro Nazario Dom\u00ednguez<\/li>\n<li>Pedro Guzm\u00e1n<\/li>\n<li>Isidro Mora Dom\u00ednguez<\/li>\n<li>Feliciano Cirino Dom\u00ednguez<\/li>\n<li>Fortino Verd\u00eda G\u00f3mez (quemado y despu\u00e9s asesinado)<\/li>\n<li>Jonathan Verd\u00eda G\u00f3mez (quemado y despu\u00e9s asesinado)<\/li>\n<li>Francisco Verd\u00eda Mac\u00edas<\/li>\n<li>Ambrosio Verd\u00eda Mac\u00edas<\/li>\n<li>Nicol\u00e1s de la Cruz<\/li>\n<li>Nicol\u00e1s de la Cruz, hijo<\/li>\n<li>Juan Faustino Nemesio<\/li>\n<li>Pedro Leyva<\/li>\n<\/ul>\n<p>Adem\u00e1s de las desapariciones de Gerardo Vera Orcino, Javier Mart\u00ednez Robles, Francisco de As\u00eds Manuel, M\u00e1ximo Magno Valladares y Enrique Dom\u00ednguez Mac\u00edas, de 17 a\u00f1os de edad.<\/p>\n<p>Tantos asesinatos, en apariencia, parecen no importar a las autoridades estatales de Michoac\u00e1n o a las federales; pero es una falsa impresi\u00f3n\u00a0\u00a0ya que los promueven, los provocan y los mantienen impunes., y, por lo tanto, hay un sincero inter\u00e9s en continuar perpetrando cr\u00edmenes contra este pueblo nahua.<\/p>\n<p>Las razones son claras: detener los procesos de autonom\u00eda de la regi\u00f3n, sin las plagas electoreras promovidas por el IFE, sin los intereses de ning\u00fan partido pol\u00edtico (opuestos a los de cualquier ciudadano de este pa\u00eds), sin la rapi\u00f1a gubernamental y sin la explotaci\u00f3n del crimen organizado. Ah\u00ed est\u00e1 la feliz comuni\u00f3n entre las organizaciones criminales y los gobiernos locales y las instancias federales, enemigos del trabajo honesto, de la madurez pol\u00edtica de los ciudadanos y de la libertad, y tan amigos de la ambici\u00f3n, la corrupci\u00f3n y el poder paternalista que somete.<\/p>\n<p>El asesinato de don Trinidad ha demostrado esta complicidad ya conocida. Horas despu\u00e9s de su desaparici\u00f3n forzada, se difundi\u00f3 la denuncia firmada por la Campa\u00f1a: Alto a la Guerra contra Ostula, y por organizaciones e individuos solidarios con Santa Mar\u00eda Ostula. Esta denuncia nos narra c\u00f3mo, sospechosamente, el veh\u00edculo de la Polic\u00eda Federal Preventiva, que escoltaba a los integrantes de las Brigada de Observaci\u00f3n a Ostula, se separ\u00f3 momentos antes de las agresiones contra los brigadistas y de la desaparici\u00f3n de don Trinidad. En la denuncia se identifica a tres de los agresores:\u00a0Prisciliano Corona S\u00e1nchez,\u00a0<em>El<\/em> <em>Chalano<\/em>, Iturbide Alejo,\u00a0<em>El<\/em> <em>Turbinas,<\/em> y Margarita P\u00e9rez,\u00a0<em>La Usurpadora<\/em>. Estos tres criminales, el 14 de noviembre de 2011, fueron los mismos que golpearon y amenazaron de muerte p\u00fablicamente\u00a0\u00a0a don Trinidad. Las autoridades, con esta informaci\u00f3n, no hicieron nada. Con el asesinato de don Trinidad, la PGJE inici\u00f3 la averiguaci\u00f3n previa\u00a0215\/2011-U, en el que no se tiene el nombre de ning\u00fan sospechoso. La impunidad est\u00e1 presente. Autoridades y criminales son aliados.<\/p>\n<p>Llamamos a manifestarnos contra este brutal asesinato, contra la Guerra que el gobierno federal, estatal de Michoac\u00e1n y el crimen organizado ejecuta contra el pueblo de Santa Mar\u00eda de Ostula; llamamos a presionar por la justicia, incluso, a que nosotros mismos investiguemos todos estos hechos que la mismas autoridades no les conviene realizar, ya que ellas mismas son c\u00f3mplices, ydenunci\u00e9moslas p\u00fablicamente; organic\u00e9monos contra la represi\u00f3n.<\/p>\n<p><strong>ALTO A LA GUERRA CONTRA OSTULA<\/strong><\/p>\n<p>Contra el despojo y la represi\u00f3n\u2026<\/p>\n<p>la solidaridad.<\/p>\n<p><strong>Red Contra la Represi\u00f3n y por la Solidaridad<\/strong><\/p>\n<p><strong> <\/strong><\/p>\n<p><strong>RvsR<\/strong><\/p>","protected":false},"excerpt":{"rendered":"<p>La noticia del asesinato de don Trinidad de la Cruz nos ha provocado indignaci\u00f3n. Este asesinato se suma a la de otros compa\u00f1eros de Santa Mar\u00eda Ostula: Diego Ram\u00edrez Dom\u00ednguez Sim\u00f3n Pineda Verd\u00eda Sim\u00f3n Pineda, hijo Quint\u00edn Regis Valdez Erick Nemesio Dom\u00ednguez Froyl\u00e1n Medina \u00c1lvarez Demetrio Olivero \u00c1lvarez Humberto Santos Valladares Venancio Ram\u00edrez Cirino Manuel [&hellip;]<\/p>\n","protected":false},"author":4,"featured_media":0,"comment_status":"open","ping_status":"open","sticky":false,"template":"","format":"standard","meta":{"footnotes":""},"categories":[183],"tags":[218,114,27,97],"class_list":["post-4836","post","type-post","status-publish","format-standard","hentry","category-blog","tag-marcha-por-justicia-y-contra-la-impunidad","tag-ostula","tag-solidaridad","tag-territorio"],"_links":{"self":[{"href":"https:\/\/radiozapatista.org\/index.php?rest_route=\/wp\/v2\/posts\/4836","targetHints":{"allow":["GET"]}}],"collection":[{"href":"https:\/\/radiozapatista.org\/index.php?rest_route=\/wp\/v2\/posts"}],"about":[{"href":"https:\/\/radiozapatista.org\/index.php?rest_route=\/wp\/v2\/types\/post"}],"author":[{"embeddable":true,"href":"https:\/\/radiozapatista.org\/index.php?rest_route=\/wp\/v2\/users\/4"}],"replies":[{"embeddable":true,"href":"https:\/\/radiozapatista.org\/index.php?rest_route=%2Fwp%2Fv2%2Fcomments&post=4836"}],"version-history":[{"count":0,"href":"https:\/\/radiozapatista.org\/index.php?rest_route=\/wp\/v2\/posts\/4836\/revisions"}],"wp:attachment":[{"href":"https:\/\/radiozapatista.org\/index.php?rest_route=%2Fwp%2Fv2%2Fmedia&parent=4836"}],"wp:term":[{"taxonomy":"category","embeddable":true,"href":"https:\/\/radiozapatista.org\/index.php?rest_route=%2Fwp%2Fv2%2Fcategories&post=4836"},{"taxonomy":"post_tag","embeddable":true,"href":"https:\/\/radiozapatista.org\/index.php?rest_route=%2Fwp%2Fv2%2Ftags&post=4836"}],"curies":[{"name":"wp","href":"https:\/\/api.w.org\/{rel}","templated":true}]}}