{"id":48352,"date":"2024-06-22T18:48:53","date_gmt":"2024-06-23T00:48:53","guid":{"rendered":"https:\/\/radiozapatista.org\/?p=48352"},"modified":"2024-06-22T18:50:38","modified_gmt":"2024-06-23T00:50:38","slug":"comunicado-de-la-anavi-denunciamos-la-violencia-de-estado-contra-los-pueblos-a-19-dias-de-la-farsa-electoral","status":"publish","type":"post","link":"https:\/\/radiozapatista.org\/?p=48352","title":{"rendered":"Comunicado de la ANAVI: Denunciamos la violencia de Estado contra los pueblos a 19 d\u00edas de la farsa electoral"},"content":{"rendered":"\n<p>ANTE LA REPRESI\u00d3N Y CRIMENES DEL ESTADO, LA SOLIDARIDAD DE LOS PUEBLOS<\/p>\n\n\n\n<p>Al Congreso Nacional Ind\u00edgena<\/p>\n\n\n\n<p>A los pueblos que luchan y resisten<\/p>\n\n\n\n<p>A los medios de comunicaci\u00f3n<\/p>\n\n\n\n<p>&nbsp;A solamente 19 d\u00edas de la Farsa electoral, en la que se hace oficial la imposici\u00f3n de Claudia Sheinbaum como responsable de continuar el proyecto de muerte llamado cuarta transformaci\u00f3n, y para hacer alarde de su caracter violento, el sexenio de Andr\u00e9s Manuel L\u00f3pez Obrador cierra con represi\u00f3n, sangre y secuestro estatal a pueblos que defienden su territorio y ejercen sus derechos a la autodeterminaci\u00f3n, a la protesta, la libertad de expresi\u00f3n y a un medio ambiente sano. El sat\u00edricamente llamado \u00absegundo piso\u00bb de la cuarta transformaci\u00f3n se inaugura con violencia sangrienta. Es la cruenta guerra por el agua y contra los pueblos, es la defensa del gran capital con el uso de toda la fuerza militar, policiaca y paramilitar. Es la guerra contra la vida.<\/p>\n\n\n\n<p>Con rabia e indignaci\u00f3n, los pueblos, organizaciones, colectivos e individu@s que integramos la Asamblea Nacional por el Agua y la Vida denunciamos p\u00fablicamente el recrudecimiento de la violencia de Estado contra los pueblos y todos aquellos que defienden los derechos al agua, a la tierra, al trabajo, a la vida.<\/p>\n\n\n\n<p>-Corte de luz e intimidaci\u00f3n a la Comunidad Otom\u00ed<\/p>\n\n\n\n<p>Alrededor de las 12:00 hrs del 20 de junio del presente a\u00f1o, la Comisi\u00f3n Federal de Electricidad realiz\u00f3, una vez m\u00e1s, el corte de energ\u00eda el\u00e9ctrica a la Casa de los pueblos donde habitan beb\u00e9s, ni\u00f1os, j\u00f3venes con alguna discapacidad, adultos mayores y mujeres, con lo cual se suspende tambi\u00e9n la disponibilidad de agua y drenaje afectando directamente la salud y bienestar de las familias que integran la Comunidad Otom\u00ed Residente en la CDMX originarios de Santiago Mexquititlan.<\/p>\n\n\n\n<p>Al rededor de las 18:45 hrs aumenta la presencia policiaca en las inmediaciones de la Casa de los pueblos anunciando una posible represi\u00f3n. Hasta el momento de la publicaci\u00f3n del presente comunicado no se ha restablecido la energ\u00eda el\u00e9ctrica.<\/p>\n\n\n\n<p>Ante la imposibilidad de resolver las demandas de la Comunidad en mesas de di\u00e1logo, la salida que el gobierno plantea para \u00abresolver\u00bb el conflicto es la violencia que culminar\u00eda en el desalojo de la comunidad otom\u00ed de la Casa de los Pueblos, aunado a la criminalizaci\u00f3n en contra de los miembros de la comunidad y del compa\u00f1ero Diego Garc\u00eda de UPREZ Benito Ju\u00e1rez.<\/p>\n\n\n\n<p>-Amenazas de desalojo al plant\u00f3n contra el basurero y criminalizaci\u00f3n a compa\u00f1eros<\/p>\n\n\n\n<p>Tras el anuncio de la orden por parte de un juez federal a la Procuradur\u00eda Federal de Protecci\u00f3n al Ambiente (PROFEPA) de la recolocaci\u00f3n de los sellos de clausura en el basurero de San Pedro Cholula por incumplimiento de las normas de funcionamiento, el secretario de gobernaci\u00f3n de Puebla, Javier Aquino Lim\u00f3n, declar\u00f3 que existe un litigio por parte de la empresa Profaj Hidro Limpieza para que se ejecute un desalojo del plant\u00f3n contra el basurero usando la fuerza represiva del Estado. Esto aunado a las reiteradas declaraciones del mismo en torno a cuatro \u00f3rdenes de aprehensi\u00f3n en contra de pobladores que luchan contra el basurero. Por otra parte, Juan Carlos Valerio, pseudoperiodista de IMAGEN TV, servil a los intereses del gobierno y el capital, promueve en televisi\u00f3n la represi\u00f3n a los pueblos cholultecas se\u00f1alando que son solo un grupo reducido de personas y que el basurero no contamina. Denunciamos tambi\u00e9n los ataques cibern\u00e9ticos dirigidos a los medios comunitarios de los pueblos cholultecas lo cual violenta su derecho a la libertad de expresi\u00f3n.<\/p>\n\n\n\n<p>-Represi\u00f3n con armas de fuego a compa\u00f1eros de Libres oriental<\/p>\n\n\n\n<p>El 20 de junio polic\u00eda de Veracruz reprimi\u00f3 con uso de armas de fuego al Movimiento en Defensa del Agua de la Cuenca Libres\u2013Oriental de Puebla y Veracruz, para desalojar el plant\u00f3n que instal\u00f3 este mi\u00e9rcoles frente a Granjas Carroll. La exigencia de los campesinos es que se deje de acaparar y contaminar el agua lo cual ha tra\u00eddo graves afectaciones al campo.<\/p>\n\n\n\n<p>Los elementos de la polic\u00eda dispararon contra los compa\u00f1eros, provocando la muerte de dos de ellos. A otros los golpearon brutalmente y posteriormente cercaron al pueblo de Totalco persiguiendo a los habitantes con la finalidad de detenerlos y reprimirlos. Esta agresi\u00f3n por parte de la polic\u00eda se dio despu\u00e9s de haberse comunicado con Sergio Tonatiuh Ram\u00edrez Guevara, funcionario del gobierno federal, y con Rafael Mendoza, delegado federal en Veracruz con quienes se busc\u00f3 un acuerdo para el di\u00e1logo, el cual no se llev\u00f3 a cabo.<\/p>\n\n\n\n<p>Esta regi\u00f3n tambi\u00e9n es afectada por las empresas Driscoll y Audi que bombardean las nubes para evitar la lluvia.<\/p>\n\n\n\n<p>-Agresiones a chinamper@s de San Gregorio Atlapulco, Xochimilco<\/p>\n\n\n\n<p>El d\u00eda 19 de junio, Columba Jazm\u00edn L\u00f3pez Guti\u00e9rrez (exdirectora de la Comisi\u00f3n de Recursos Naturales y Desarrollo Rural) y Juan Abel Vera Mart\u00ednez(Coordinador del Centro de Innovaci\u00f3n e integraci\u00f3n Comunitaria No. 4) agredieron f\u00edsica y verbalmente a Frida Rocha y S\u00f3crates Galicia, representante del paraje de San Sebasti\u00e1n Tlacoapa. Ambos documentaban junto a otros compa\u00f1er@s, a trav\u00e9s de sus dispositivos m\u00f3viles, el recorrido exigido a CORENADR y SACMEX por la zona chinampera, con el objetivo de denunciar la falta de agua en los canales. Asimismo, Abel Vera mand\u00f3 a traer a sus empleados que laboran como T\u00e9cnicos, jefes de cuadrillas y cuadrillas de trabajo para intimidar a los asistentes al recorrido, bajo la consigna de que habr\u00edan golpes. Por su parte, Columba L\u00f3pez busc\u00f3 censurar la transmisi\u00f3n en vivo de medios libres como Resistencia Chinampera, atropellando el derecho constitucional a grabar y documentar (arts. 6 y 7), y utilizando a sus empleados para hostigar, hacer comentarios pasivo-agresivos, y tomar fotos de los rostros de los compa\u00f1er@s. Estos actos forman parte de una serie de agresiones continuas en contra de representaciones y autoridades tradicionales del pueblo originario de San Gregorio Atlapulco, a quienes el estado menosprecia y busca no reconocer como interlocutores leg\u00edtimos.<\/p>\n\n\n\n<p>-Encarcelamiento de Mar\u00eda Cruz Paz.<\/p>\n\n\n\n<p>El d\u00eda 5 de junio del presente a\u00f1o, fue detenida arbitrariamente por la Fiscal\u00eda General de Michoac\u00e1n, la compa\u00f1era Mar\u00eda Cruz Paz Zamora, delegada del Congreso Nacional Ind\u00edgena, Consejera del Gobierno Comunal de Ocumicho, integrante del Consejo Supremo Ind\u00edgena de Michoac\u00e1n y defensora de los bosques, la cultura p\u2019urh\u00e9pecha y la vida. Fue detenida arbitrariamente sin explicaci\u00f3n alguna. Su detenci\u00f3n est\u00e1 relacionada estrechamente a su actividad comprometida con la defensa del territorio, el bosque y la cultura p\u2019urh\u00e9pecha.<\/p>\n\n\n\n<p>-Violencia en el Ejido Tila<\/p>\n\n\n\n<p>El 4 de junio, el grupo delicuencial \u00abKarma\u00bb agredieron a la poblaci\u00f3n con armas de alto calibre provocando terror y desplazamiento forzado en el Ejido Tila, dicho grupo, apoyado por el Ayuntamiento Municipal es responsable del asesinato de Carmen L\u00f3pez Lugo el 12 de enero del presente a\u00f1o y de Domingo Lugo Ram\u00edrez el 14 de marzo, dicho crimen contin\u00faa en la impunidad mientras en el Ejido Tila se mantiene una tensi\u00f3n y amenaza constante por el grupo armado. Este grupo paramilitar tiene el objetivo claro de acabar con la autonom\u00eda que durante a\u00f1os han construido en este territorio Ch\u2019ol.<\/p>\n\n\n\n<p>-Aplazamiento de la audiencia de Jos\u00e9 D\u00edaz: El juez no garantiz\u00f3 el derecho a un int\u00e9rprete,de la lengua materna de Jos\u00e9, para poder realizar la audiencia programada el pasado 19 de junio,por lo cual se pospuso, negando una vez m\u00e1s el derecho a un debido proceso y a la defensa adecuada. Lo mismo sucedi\u00f3 en noviembre del 2022, cuando Jos\u00e9 fue detenido arbitrariamente y no fue asistido por un interprete en lengua ch\u00b4ol, ni un abogado,peor a\u00fan,la fiscal\u00eda le oblig\u00f3 a poner su huella y firmar varios papeles en blanco. No s\u00f3lo se trata de discriminaci\u00f3n y racismo por ser de un pueblo originario,Jos\u00e9 D\u00edaz es reh\u00e9n de estado por su adherencia zapatista,ha sido torturado,desaparecido e incomunicado por la polic\u00eda y ahora se encuentra secuestrado en condiciones carcelarias de tortura, (hacinamiento e insalubridad) bajo la medida de \u00abprisi\u00f3n preventiva oficiosa\u00bb, con faltas al debido proceso y m\u00faltiples violaciones a derechos humanos.<\/p>\n\n\n\n<p>Ante la guerra los pueblos respondemos con rebeld\u00eda, solidaridad y organizaci\u00f3n.<\/p>\n\n\n\n<p>EXIGIMOS<\/p>\n\n\n\n<p>Reconexi\u00f3n de energ\u00eda el\u00e9ctrica (luz), alto a la intimidaci\u00f3n a la Comunidad Ind\u00edgena Otom\u00ed Residente en la Ciudad de M\u00e9xico y cumplimiento cabal de sus demandas de vivienda digna.<\/p>\n\n\n\n<p>Cierre definitivo del basurero t\u00f3xico de San Pedro Cholula y alto a las amenazas de desalojo al plant\u00f3n contra el basurero y criminalizaci\u00f3n a la Uni\u00f3n de pueblos y Fraccionamientos en contra del basurero.<\/p>\n\n\n\n<p>Alto a la represi\u00f3n con armas de fuego a compa\u00f1eros de Libres oriental, justicia y castigo a los culpables, cese al fuego del estado en contra de la comunidad que defiende su agua.<\/p>\n\n\n\n<p>Alto a las agresiones, actitudes racistas y clasistas contra chinamper@s en Xochimilco<\/p>\n\n\n\n<p>Alto a la violencia paramilitar en el Ejido Tila.<\/p>\n\n\n\n<p>Alto a la censura de los medios libres y comunitarios.<\/p>\n\n\n\n<p>Libertad inmediata e incondicional a Mar\u00eda Cruz Paz, del Consejo Supremo Ind\u00edgena de Michoac\u00e1n.<\/p>\n\n\n\n<p>Libertad inmediata e incondicional a Jos\u00e9 D\u00edaz G\u00f3mez Base de apoyo Zapatista<\/p>\n\n\n\n<p>Hacemos un llamado a las organizaciones, colectivos e individ@s solidarios a sumarse a las exigencias de Alto a la guerra contra los pueblos a trav\u00e9s de acciones y presencia en los espacios en riesgo.<\/p>\n\n\n\n<p>Donde los de arriba destruyen los de abajo reconstruimos.<\/p>\n\n\n\n<p>ATENTAMENTE<\/p>\n\n\n\n<p>Tierra, Agua y Libertad<\/p>\n\n\n\n<p>ASAMBLEA NACIONAL POR EL AGUA Y LA VIDA<\/p>\n\n\n\n<p>#asambleanacionalporelaguaylavida<\/p>\n\n\n\n<p>#NuestraLuchaEsPorLaVida<\/p>\n\n\n\n<p>#ViolenciaDeEstado<\/p>\n\n\n\n<p>#PresxsPoliticxsLibertad<\/p>\n\n\n\n<p>#ALTOalaGUERRAcontralosPueblosZAPATISTAS<\/p>\n\n\n\n<p>#CNI<\/p>\n\n\n\n<p>#EZLN<\/p>\n","protected":false},"excerpt":{"rendered":"<p>ANTE LA REPRESI\u00d3N Y CRIMENES DEL ESTADO, LA SOLIDARIDAD DE LOS PUEBLOS Al Congreso Nacional Ind\u00edgena A los pueblos que luchan y resisten A los medios de comunicaci\u00f3n &nbsp;A solamente 19 d\u00edas de la Farsa electoral, en la que se hace oficial la imposici\u00f3n de Claudia Sheinbaum como responsable de continuar el proyecto de muerte [&hellip;]<\/p>\n","protected":false},"author":21,"featured_media":48355,"comment_status":"open","ping_status":"closed","sticky":false,"template":"","format":"standard","meta":{"footnotes":""},"categories":[957,51,6,826,958,954,935],"tags":[58,53,567,147,23,545,87,148,27,483],"class_list":["post-48352","post","type-post","status-publish","format-standard","has-post-thumbnail","hentry","category-autonomia","category-autor","category-chiapas","category-medios-libres-2","category-megaproyectos","category-mexico","category-temas","tag-derechos-humanos","tag-justicia","tag-megaproyectos","tag-militarizacion","tag-paramilitares","tag-pueblos-indigenas","tag-represion","tag-resistencia","tag-solidaridad","tag-tierra-y-territorio"],"_links":{"self":[{"href":"https:\/\/radiozapatista.org\/index.php?rest_route=\/wp\/v2\/posts\/48352","targetHints":{"allow":["GET"]}}],"collection":[{"href":"https:\/\/radiozapatista.org\/index.php?rest_route=\/wp\/v2\/posts"}],"about":[{"href":"https:\/\/radiozapatista.org\/index.php?rest_route=\/wp\/v2\/types\/post"}],"author":[{"embeddable":true,"href":"https:\/\/radiozapatista.org\/index.php?rest_route=\/wp\/v2\/users\/21"}],"replies":[{"embeddable":true,"href":"https:\/\/radiozapatista.org\/index.php?rest_route=%2Fwp%2Fv2%2Fcomments&post=48352"}],"version-history":[{"count":1,"href":"https:\/\/radiozapatista.org\/index.php?rest_route=\/wp\/v2\/posts\/48352\/revisions"}],"predecessor-version":[{"id":48353,"href":"https:\/\/radiozapatista.org\/index.php?rest_route=\/wp\/v2\/posts\/48352\/revisions\/48353"}],"wp:featuredmedia":[{"embeddable":true,"href":"https:\/\/radiozapatista.org\/index.php?rest_route=\/wp\/v2\/media\/48355"}],"wp:attachment":[{"href":"https:\/\/radiozapatista.org\/index.php?rest_route=%2Fwp%2Fv2%2Fmedia&parent=48352"}],"wp:term":[{"taxonomy":"category","embeddable":true,"href":"https:\/\/radiozapatista.org\/index.php?rest_route=%2Fwp%2Fv2%2Fcategories&post=48352"},{"taxonomy":"post_tag","embeddable":true,"href":"https:\/\/radiozapatista.org\/index.php?rest_route=%2Fwp%2Fv2%2Ftags&post=48352"}],"curies":[{"name":"wp","href":"https:\/\/api.w.org\/{rel}","templated":true}]}}