{"id":48295,"date":"2024-06-12T08:42:58","date_gmt":"2024-06-12T14:42:58","guid":{"rendered":"https:\/\/radiozapatista.org\/?p=48295"},"modified":"2025-07-14T13:32:21","modified_gmt":"2025-07-14T19:32:21","slug":"terror-en-tila-ayuntamiento-y-crimen-organizado","status":"publish","type":"post","link":"https:\/\/radiozapatista.org\/?p=48295","title":{"rendered":"Terror en Tila: Ayuntamiento y crimen organizado"},"content":{"rendered":"\n<p>Ante el terror desatado en Tila los \u00faltimos d\u00edas, los medios de comunicaci\u00f3n se han enfocado en culpar a un presunto grupo delincuencial que denominan &#8220;los aut\u00f3nomos&#8221;, sorprendentemente, sin ofrecer ning\u00fan contexto hist\u00f3rico ni mencionar la creciente violencia que se ha vivido en Tila los \u00faltimos a\u00f1os. En esas coberturas, no se hace ninguna menci\u00f3n de la larga lucha de los ejidatarios para recuperar las 130 hect\u00e1reas ocupadas ilegalmente por el ayuntamiento; la ya largamente denunciada complicidad de dicho ayuntamiento con el grupo del crimen organizado &#8220;Karma&#8221; y el v\u00ednculo del mismo con el brutal grupo paramilitar &#8220;Paz y Justicia&#8221;, que en la d\u00e9cada de 1990 caus\u00f3 tanta muerte; las m\u00faltiples agresiones por parte de dicho grupo en tiempos recientes, que culminaron con el asesinato de dos ex autoridades del ejido, Carmen L\u00f3pez Lugo y Domingo Lugo Ram\u00edrez, miembros del Congreso Nacional Ind\u00edgena, en enero y marzo de este a\u00f1o. <\/p>\n\n\n\n<p>(Para entender el contexto, lee el excelente an\u00e1lisis <strong><a href=\"https:\/\/estepais.com\/tendencias_y_opiniones\/guerra-contra-el-ejido-tila\/\" target=\"_blank\" rel=\"noreferrer noopener\">Paramilitarismo y crimen organizado: La guerra contra el Ejido Tila<\/a><\/strong>).<\/p>\n\n\n\n<p>Dichas coberturas abonan a la destrucci\u00f3n de la autonom\u00eda, tan cuidadosamente construida, y el retorno ilegal del ayuntamiento, vinculado tanto al paramilitarismo de los 1990 como a su versi\u00f3n contempor\u00e1nea narcoparamilitar por medio del grupo &#8220;Karma&#8221;. Las palabras del presidente L\u00f3pez Obrador en su conferencia ma\u00f1anera, que afirma que se trata de disputa entre los mismos pobladores &#8220;que no se han podido armonizar&#8221;, levanta la sospecha de complicidad por parte del gobierno federal con el ayuntamiento y sus v\u00ednculos con el crimen organizado, y su determinaci\u00f3n de destruir cualquier intento de autonom\u00eda por parte de los pueblos organizados.<\/p>\n\n\n\n<p>Ante tal avalancha de desinformaci\u00f3n, los ejidatarios adherentes al Congreso Nacional Ind\u00edgena publicaron un comunicado, que reproducimos abajo.<\/p>\n\n\n\n<hr class=\"wp-block-separator has-alpha-channel-opacity\"\/>\n\n\n\n<h3 class=\"wp-block-heading has-text-align-center\">El terror de los grupos delincuenciales del mal gobierno<\/h3>\n\n\n\n<p class=\"has-text-align-right\">Ejido Tila, Chiapas a 11 de junio del 2024<\/p>\n\n\n\n<p>A la opini\u00f3n publica<br>A las organizaciones nacionales e internacionales no gubernamentales<br>A los medios de comunicaci\u00f3n nacional e internacional<br>A los pueblos originarios en defensa de la tierra, el territorio y la vida<br>Al Congreso Nacional Ind\u00edgena<br>Al Consejo Ind\u00edgena de Gobierno<\/p>\n\n\n\n<p>Reciban un saludo de parte de las familias ejidatarias organizadas que formamos parte del Congreso Nacional Ind\u00edgena. Queremos alzar la voz para denunciar lo que se encuentra sucediendo en nuestro Ejido Tila porque hemos venido denunciando el grupo delincuencial Karma, que es apoyado por el Ayuntamiento Municipal y ha venido actuando impunemente porque han estado matando a ejidatarios, entre ellos a nuestros compa\u00f1eros Carmen L\u00f3pez Lugo el 12 de enero y Domingo Lugo Ram\u00edrez el 14 de marzo, a quienes primero los se\u00f1alaron y luego los ejecutaron con toda impunidad.<\/p>\n\n\n\n<p>Por eso el martes 4 de junio pasado el grupo delincuencial Karma se presentaron armados detonando armas de alto calibre y provocaron que quienes est\u00e1n actualmente como autoridades ejidales ya no pudieran mantener la paz ya y la gente respondi\u00f3 a todo lo que han estado ocasionando. &nbsp;<\/p>\n\n\n\n<p>Estas \u00faltimas semanas han sido de dolor y terror en el Ejido Tila. Luego de que se denunciara insistentemente la entrada del crimen organizado a nuestro territorio, los asesinatos de compa\u00f1eros y las amenazas; ahora estamos en un escenario de desplazamiento forzado, muerte y amenaza a nuestra supervivencia como Pueblo Ch\u2019ol. (Ver tambi\u00e9n: Saucedo, Dante. &#8220;<a href=\"https:\/\/estepais.com\/tendencias_y_opiniones\/guerra-contra-el-ejido-tila\/\">Paramilitarismo y crimen organizado: la guerra contra el Ejido Tila<\/a>&#8220;, <em>Este Pa\u00eds<\/em>, 25 de enero de 2024).<\/p>\n\n\n\n<p>Queremos hacer un pronunciamiento en\u00e9rgico en reconocimiento de la defensa de los derechos de los pueblos ind\u00edgenas que han hecho diversas personas del Ejido Tila. En esta comunicaci\u00f3n resaltamos y reconocemos la labor de defensa de los derechos de los pueblos ind\u00edgenas que a lo largo de muchos a\u00f1os han realizado dichos compa\u00f1eros.<\/p>\n\n\n\n<p>La lucha de estos compa\u00f1eros se ha desarrollado principalmente por la v\u00eda pac\u00edfica y jur\u00eddica. Varios de ellos han tenido cargos ejidales, algunos han mantenido liderazgos hist\u00f3ricos que han guiado el camino del Ejido Tila; siempre nos han ense\u00f1ado la defensa jur\u00eddica y pol\u00edtica de los derechos a la libre determinaci\u00f3n y autonom\u00eda, al territorio y al acceso pleno a la justicia.<\/p>\n\n\n\n<p>Aclaramos que quienes pertenecemos al CNI que hab\u00edamos sido autoridades ejidales desde 2008 siempre mantuvimos la calma a la asamblea para no caer en las provocaciones, aunque fueron muchas las provocaciones. Somos defensores de derechos humanos de nuestra tierra y territorio y as\u00ec fuimos construyendo la autonomia ejidal desde el 16 de diciembre en que se expuls\u00f3 al ayuntamiento del territorio ejidal porque tenemos el amparo ganado y su inejecuci\u00f3n ganada en la Suprema Corte de Justicia.\u00a0Por eso seguimos exigiendo la plena restituci\u00f3n de las 130 hect\u00e1reas que no son cabecera ejidal y ya fue determinado.\u00a0<\/p>\n\n\n\n<p>Todos estos \u00faltimos a\u00f1os hemos denunciado toda la impunidad del ayuntamiento, pero como son apoyados por el gobierno, pudieron seguir provocando el problema tan grande que se ocasion\u00f3 al dia de hoy. Lo pueden ver en todas las denuncias que hemos realizado pero que el mal gobierno nunca hizo caso de parar a sus grupos porque quer\u00ecan ocasionar una desgracia como la que ya provocaron para buscar el pretexto de regresar al territorio ejidal.<\/p>\n\n\n\n<p>Denucniamos &nbsp;la cobertura medi\u00e1tica que se habla de \u201clos aut\u00f3nomos\u201d como criminales, pues la autonom\u00eda es un derecho que hemos ejercido con apego al marco constitucional y en vista de la incertidumbre jur\u00eddica en que nos ha mantenido el Poder Judicial Federal.<\/p>\n\n\n\n<p><strong>Todas las autoridades que recientemente han intervenido en el territorio que ocupa el Ejido deben conocer esta informaci\u00f3n y evitar cualquier da\u00f1o a su seguridad, libertad, integridad personal e incluso a su vida.<\/strong><\/p>\n\n\n\n<p class=\"has-text-align-center\"><strong>Atentamente<\/strong><\/p>\n\n\n\n<p class=\"has-text-align-center\"><strong>Adherentes al Congreso Nacional Ind\u00edgena<\/strong><br><strong>Tierra y Libertad<\/strong><br><strong>Ejido Tila Chiapas<\/strong><\/p>\n","protected":false},"excerpt":{"rendered":"<p>Ante el terror desatado en Tila los \u00faltimos d\u00edas, los medios de comunicaci\u00f3n se han enfocado en culpar a un presunto grupo delincuencial que denominan &#8220;los aut\u00f3nomos&#8221;, sorprendentemente, sin ofrecer ning\u00fan contexto hist\u00f3rico ni mencionar la creciente violencia que se ha vivido en Tila los \u00faltimos a\u00f1os. En esas coberturas, no se hace ninguna menci\u00f3n [&hellip;]<\/p>\n","protected":false},"author":1,"featured_media":22392,"comment_status":"open","ping_status":"closed","sticky":false,"template":"","format":"standard","meta":{"footnotes":""},"categories":[957,6,1024,190],"tags":[95],"class_list":["post-48295","post","type-post","status-publish","format-standard","has-post-thumbnail","hentry","category-autonomia","category-chiapas","category-cni-temas","category-radiozapatista","tag-tila"],"_links":{"self":[{"href":"https:\/\/radiozapatista.org\/index.php?rest_route=\/wp\/v2\/posts\/48295","targetHints":{"allow":["GET"]}}],"collection":[{"href":"https:\/\/radiozapatista.org\/index.php?rest_route=\/wp\/v2\/posts"}],"about":[{"href":"https:\/\/radiozapatista.org\/index.php?rest_route=\/wp\/v2\/types\/post"}],"author":[{"embeddable":true,"href":"https:\/\/radiozapatista.org\/index.php?rest_route=\/wp\/v2\/users\/1"}],"replies":[{"embeddable":true,"href":"https:\/\/radiozapatista.org\/index.php?rest_route=%2Fwp%2Fv2%2Fcomments&post=48295"}],"version-history":[{"count":1,"href":"https:\/\/radiozapatista.org\/index.php?rest_route=\/wp\/v2\/posts\/48295\/revisions"}],"predecessor-version":[{"id":48296,"href":"https:\/\/radiozapatista.org\/index.php?rest_route=\/wp\/v2\/posts\/48295\/revisions\/48296"}],"wp:featuredmedia":[{"embeddable":true,"href":"https:\/\/radiozapatista.org\/index.php?rest_route=\/wp\/v2\/media\/22392"}],"wp:attachment":[{"href":"https:\/\/radiozapatista.org\/index.php?rest_route=%2Fwp%2Fv2%2Fmedia&parent=48295"}],"wp:term":[{"taxonomy":"category","embeddable":true,"href":"https:\/\/radiozapatista.org\/index.php?rest_route=%2Fwp%2Fv2%2Fcategories&post=48295"},{"taxonomy":"post_tag","embeddable":true,"href":"https:\/\/radiozapatista.org\/index.php?rest_route=%2Fwp%2Fv2%2Ftags&post=48295"}],"curies":[{"name":"wp","href":"https:\/\/api.w.org\/{rel}","templated":true}]}}