{"id":4828,"date":"2011-12-12T13:43:05","date_gmt":"2011-12-12T19:43:05","guid":{"rendered":"https:\/\/radiozapatista.org\/?p=4828"},"modified":"2011-12-12T13:43:05","modified_gmt":"2011-12-12T19:43:05","slug":"reprimen-a-estudiantes-normalistas-en-guerrero-tres-muertos","status":"publish","type":"post","link":"https:\/\/radiozapatista.org\/?p=4828","title":{"rendered":"Reprimen a estudiantes normalistas en Guerrero &#8211; Tres muertos"},"content":{"rendered":"<p><span style=\"font-family: Arial;color: navy;font-size: x-small\">El d\u00eda de hoy 12 de diciembre siendo las 12 hrs, aproximadamente 300 estudiantes de la Escuela Normal Rural de Ayotzinapa, tomar\u00f3n la caseta de salida de la carretera Chilpancingo-Acapulco , para exigir el cumplimiento a sus peticiones de educaci\u00f3n al gobierno del Estado de Guerrero. A las 12:30 se presentaron elementos de la Polic\u00eda Federal y Polic\u00eda de la Fuerzas Especiales , los cuales abrieron fuego contra los estudiantes, as\u00ed como persecuci\u00f3n contra ellos golpe\u00e1ndolos y deteni\u00e9ndolos a varios de ellos;<\/span><span style=\"font-family: Arial;color: navy;font-size: x-small\"> a las 12:50 estudiante de ayotzinapa confirmaban que habia tres muertos, heridos y 10 detenidos<br \/>\nNos reportan un periodista de apellido Escobedo detenido.<\/p>\n<p><\/span><\/p>\n<div><span style=\"font-family: Arial;color: navy;font-size: x-small\">Pedimos a todas las organizaciones sociales, civiles y de derechos humanos que est\u00e9n atentas a la situaci\u00f3n y a la defensa y denuncia de los hechos que se susciten de este ataque a los estudiantes normalistas.<\/span><\/div>\n<p><\/p>","protected":false},"excerpt":{"rendered":"<p>El d\u00eda de hoy 12 de diciembre siendo las 12 hrs, aproximadamente 300 estudiantes de la Escuela Normal Rural de Ayotzinapa, tomar\u00f3n la caseta de salida de la carretera Chilpancingo-Acapulco , para exigir el cumplimiento a sus peticiones de educaci\u00f3n al gobierno del Estado de Guerrero. A las 12:30 se presentaron elementos de la Polic\u00eda [&hellip;]<\/p>\n","protected":false},"author":4,"featured_media":0,"comment_status":"open","ping_status":"open","sticky":false,"template":"","format":"standard","meta":{"footnotes":""},"categories":[183],"tags":[87],"class_list":["post-4828","post","type-post","status-publish","format-standard","hentry","category-blog","tag-represion"],"_links":{"self":[{"href":"https:\/\/radiozapatista.org\/index.php?rest_route=\/wp\/v2\/posts\/4828","targetHints":{"allow":["GET"]}}],"collection":[{"href":"https:\/\/radiozapatista.org\/index.php?rest_route=\/wp\/v2\/posts"}],"about":[{"href":"https:\/\/radiozapatista.org\/index.php?rest_route=\/wp\/v2\/types\/post"}],"author":[{"embeddable":true,"href":"https:\/\/radiozapatista.org\/index.php?rest_route=\/wp\/v2\/users\/4"}],"replies":[{"embeddable":true,"href":"https:\/\/radiozapatista.org\/index.php?rest_route=%2Fwp%2Fv2%2Fcomments&post=4828"}],"version-history":[{"count":0,"href":"https:\/\/radiozapatista.org\/index.php?rest_route=\/wp\/v2\/posts\/4828\/revisions"}],"wp:attachment":[{"href":"https:\/\/radiozapatista.org\/index.php?rest_route=%2Fwp%2Fv2%2Fmedia&parent=4828"}],"wp:term":[{"taxonomy":"category","embeddable":true,"href":"https:\/\/radiozapatista.org\/index.php?rest_route=%2Fwp%2Fv2%2Fcategories&post=4828"},{"taxonomy":"post_tag","embeddable":true,"href":"https:\/\/radiozapatista.org\/index.php?rest_route=%2Fwp%2Fv2%2Ftags&post=4828"}],"curies":[{"name":"wp","href":"https:\/\/api.w.org\/{rel}","templated":true}]}}