{"id":48231,"date":"2024-05-28T12:11:46","date_gmt":"2024-05-28T18:11:46","guid":{"rendered":"https:\/\/radiozapatista.org\/?p=48231"},"modified":"2024-05-28T12:11:47","modified_gmt":"2024-05-28T18:11:47","slug":"protestas-coordinadas-en-centroamerica-contra-la-siembra-de-transgenicos","status":"publish","type":"post","link":"https:\/\/radiozapatista.org\/?p=48231","title":{"rendered":"Protestas coordinadas en Centroam\u00e9rica contra la Siembra de Transg\u00e9nicos"},"content":{"rendered":"\n<p>Fuente: <a href=\"https:\/\/avispa.org\/protestas-coordinadas-en-centroamerica-contra-la-siembra-de-transgenicos\/\">Avispa Midia<\/a><\/p>\n\n\n\n<p>Por Sare Frabes<\/p>\n\n\n\n<p><sup>Guatemala, rej\u00f3n del Estor. Foto por Santiago Navarro F<\/sup><\/p>\n\n\n\n<p>El Colectivo Semillas de Am\u00e9rica Latina, el Movimiento Agroecol\u00f3gico de Am\u00e9rica Latina y el Caribe, la Red Nacional por la Defensa de la Soberan\u00eda Alimentaria en Guatemala (RedSag), autoridades ancestrales y la Mesa por la Soberan\u00eda Alimentaria de El Salvador realizaron acciones simult\u00e1neas en las sedes del Sistema de Integraci\u00f3n Centroamericano (<a href=\"https:\/\/www.sica.int\/\">SICA<\/a>), en El Salvador, y en la Secretaria de Integraci\u00f3n Econ\u00f3mica Centroamericana (<a href=\"https:\/\/www.sieca.int\/\">SIECA<\/a>), en Guatemala, para que dejen sin efecto el Reglamento T\u00e9cnico de Bioseguridad de Organismos Vivos Modificados para usos Agropecuarios.&nbsp;<\/p>\n\n\n\n<p>La normativa, conocida como \u201creglamento transg\u00e9nico\u201d, permite el transporte, movimiento transfronterizo, investigaci\u00f3n, experimentaci\u00f3n, manejo y producci\u00f3n de semillas transg\u00e9nicas. Est\u00e1 en vigencia en Guatemala y Honduras desde 2019 y, en El Salvador, desde 2023.<\/p>\n\n\n\n<p><strong>Ver tambi\u00e9n: <a href=\"https:\/\/avispa.org\/en-guatemala-cooperativa-campesina-mantiene-territorio-libre-de-palma-africana\/\">En Guatemala, cooperativa campesina mantiene territorio libre de palma africana<\/a><\/strong><\/p>\n\n\n\n<p>De acuerdo con David Paredes, de la RedSag, el reglamento se ha realizado con varias violaciones a los derechos de los pueblos entre ellos la ausencia de una consulta libre, previa e informado. \u201cRepresenta un peligro a los sistemas alimentarios ancestrales. Guatemala es reconocidamente centro de origen del ma\u00edz. La semilla nativa lleva mas de 10 mil a\u00f1os de evoluci\u00f3n, procesos llevados a cabo por los pueblos que aqu\u00ed vivieron siempre\u201d, sostiene.<\/p>\n\n\n\n<p>Hay muchos estudios cient\u00edficos que comprueban los impactos negativos de los transg\u00e9nicos en los territorios ind\u00edgenas y campesinos, se\u00f1ala Paredes. Entre ellos est\u00e1 la \u201ccontaminaci\u00f3n gen\u00e9tica\u201d de las semillas nativas. \u201cSolo por el simple hecho de estar contaminadas, pasar\u00edan a ser propiedad de las empresas que poseen las patentes de las semillas modificadas\u201d.<\/p>\n\n\n\n<p>Adem\u00e1s, las semillas modificadas est\u00e1n vinculados al uso de los paquetes tecnol\u00f3gicos, que incluyen los agrot\u00f3xicos. \u201cEl objetivo es privilegiar a las empresas transnacionales, en este caso las empresas m\u00e1s grandes de semillas\u201d, como Bayer-Monsanto y Syngenta.<\/p>\n\n\n\n<p><strong>Tambi\u00e9n te puede interesar: <a href=\"https:\/\/avispa.org\/el-fantasma-de-la-privatizacion-de-las-semillas-vuelve-con-fuerza-en-guatemala\/\">El fantasma de la privatizaci\u00f3n de las semillas vuelve con fuerza en Guatemala<\/a><\/strong><\/p>\n\n\n\n<p>Las organizaciones denunciaron que a trav\u00e9s de este tipo de reglamentos se permite experimentos con los tipos de ma\u00edz amarillo, mostaza y petunia, seg\u00fan datos que fueron incluidos en un informe de la Embajada de Estados Unidas en Guatemala en 2022 y que fue enviado al Departamento de Agricultura de Estados Unidos (USDA).<\/p>\n\n\n\n<p>El expediente realizado en el a\u00f1o 2022 tambi\u00e9n se\u00f1ala que se han importado de Estados Unidos 1.3 millones toneladas m\u00e9tricas de semillas de ma\u00edz gen\u00e9ticamente modificado. Una de las justificaciones es que este tipo de cultivo es m\u00e1s resistente a las plagas, seg\u00fan una publicaci\u00f3n del Consejo Argentino para la Informaci\u00f3n y el Desarrollo de la biotecnolog\u00eda.<\/p>\n\n\n\n<p>De acuerdo con el informe, ya se han implementado tres experimentos transg\u00e9nicos en Guatemala. Y hay otras solicitudes que est\u00e1n en proceso. Organizaciones de la RedSag han solicitado al gobierno de Guatemala nombres de empresas y lugares d\u00f3nde se han hecho los experimentos. \u201cPero no hay respuesta\u201d, afirma Paredes.<\/p>\n\n\n\n<p>Las organizaciones han logrado, con el apoyo de la Universidad de California, algunas pruebas para determinar la presencia, o no, de transg\u00e9nicos en territorios ind\u00edgenas y campesinos en Guatemala. \u201cDetectaron en el departamento de Pet\u00e9n [norte del pa\u00eds]. Eso nos tiene sobre alerta\u201d.&nbsp;<\/p>\n\n\n\n<p><strong>Seguimiento<\/strong><\/p>\n\n\n\n<p>Desde El Salvador, las organizaciones que comparecieron a la sede de SICA, para entregar a las autoridades una carta donde exponen los motivos que sostienen su demanda, lamentaron el trato que recibieron de los funcionarios del Sistema de Integraci\u00f3n Centroamericano.&nbsp;&nbsp;<\/p>\n\n\n\n<p>\u201cTuvimos que hacer toda una lucha para que dejaran entrar una delegaci\u00f3n. Solicitamos el seguimiento del contenido de la carta. Queremos una audiencia para que podamos expresar nuestros argumentos. Pero [hay que haber] un mejor trato a los pueblos. Es de suma importancia que nos tomen en cuenta\u201d, dijo la mujer maya q&#8217;eqchi&#8217; Paulina Margarita Caal Chocooj, del pueblo San Juan Chamelco, de Guatemala.&nbsp;&nbsp;&nbsp;<\/p>\n\n\n\n<p><strong>Generar dependencia<\/strong><\/p>\n\n\n\n<p>Una de las formas de fomentar el uso de las semillas transg\u00e9nicas en las comunidades es a trav\u00e9s de acciones de dependencia, dijo Luz Emilia Ulario, exalcaldesa ind\u00edgena de Santa Luc\u00eda Ututl\u00e1n. \u201cEl a\u00f1o pasado regalaron 25 libras de semillas mejoradas y junto con esto va el paquete de todos los agrot\u00f3xicos, que si no se aplican no dan resultado. Aplic\u00e1ndolo va a dar resultado. Eso crea dependencia para agricultor, y lo que uno despu\u00e9s compra ya no va a dar el mismo resultado, mientras tanto uno va contaminando su semilla y su territorio\u201d, se\u00f1al\u00f3 la exalcaldesa ind\u00edgena.<\/p>\n\n\n\n<p>A inicios de mayo, el Consejo Ind\u00edgena Maya Chort\u00ed y la Comunidad Ind\u00edgena de Quetzaltepeque tambi\u00e9n alertaron sobre la entrega de semillas h\u00edbridas en el territorio del pueblo Chort\u00ed, sin la realizaci\u00f3n de una consulta libre, previa e informada. Las semillas fueron entregadas por el Ministerio de Agricultura, Ganader\u00eda y Alimentaci\u00f3n (Maga).<\/p>\n\n\n\n<p>El Consejo promueve la defensa y el rescate de la semilla nativa y criolla. \u201cEl uso de semillas mejoradas representa una amenaza para las semillas ancestrales\u201d, alerta en un comunicado.<\/p>\n\n\n\n<p>Las organizaciones que hacen parte de la RedSag manifestaron su oposici\u00f3n a la distribuci\u00f3n de variedades de semillas, que son generadas por el Instituto de Ciencia y Tecnolog\u00eda Agr\u00edcola de Guatemala. \u201cCreemos firmemente en la importancia de preservar y promover el uso de semillas nativas y criollas, como ha sido desde hace miles de a\u00f1os, pedimos el fomento de pr\u00e1cticas agroecol\u00f3gicas y el fortalecimiento de la agricultura a peque\u00f1a escala y familiar campesino (\u2026), que privilegie la diversidad de cultivos, el respeto por los ciclos naturales, la conservaci\u00f3n de los recursos naturales y la justicia social en el campo\u201d.&nbsp;<\/p>\n\n\n\n<p><strong>Antecedentes<\/strong><\/p>\n\n\n\n<p>En Guatemala, en 2014, se aprob\u00f3 la llamada Ley Monsanto. \u201cCon la presi\u00f3n popular se derog\u00f3 la ley. Pero se volvi\u00f3 a revivir en 2023 y de nuevo pone en peligro nuestras semillas nativas.&nbsp;<a href=\"https:\/\/avispa.org\/el-fantasma-de-la-privatizacion-de-las-semillas-vuelve-con-fuerza-en-guatemala\/\">Esta amenaza<\/a>&nbsp;todav\u00eda est\u00e1 latente\u201d, recuerda Paredes.<em>Con informaciones de&nbsp;<a href=\"https:\/\/prensacomunitaria.org\/\">Prensa Comunitaria<\/a><\/em><\/p>\n","protected":false},"excerpt":{"rendered":"<p>Fuente: Avispa Midia Por Sare Frabes Guatemala, rej\u00f3n del Estor. Foto por Santiago Navarro F El Colectivo Semillas de Am\u00e9rica Latina, el Movimiento Agroecol\u00f3gico de Am\u00e9rica Latina y el Caribe, la Red Nacional por la Defensa de la Soberan\u00eda Alimentaria en Guatemala (RedSag), autoridades ancestrales y la Mesa por la Soberan\u00eda Alimentaria de El Salvador [&hellip;]<\/p>\n","protected":false},"author":21,"featured_media":48232,"comment_status":"open","ping_status":"closed","sticky":false,"template":"","format":"standard","meta":{"footnotes":""},"categories":[957,51,1284,826,958,935],"tags":[58,53,567,147,545,87,148,27,483],"class_list":["post-48231","post","type-post","status-publish","format-standard","has-post-thumbnail","hentry","category-autonomia","category-autor","category-latinoamerica","category-medios-libres-2","category-megaproyectos","category-temas","tag-derechos-humanos","tag-justicia","tag-megaproyectos","tag-militarizacion","tag-pueblos-indigenas","tag-represion","tag-resistencia","tag-solidaridad","tag-tierra-y-territorio"],"_links":{"self":[{"href":"https:\/\/radiozapatista.org\/index.php?rest_route=\/wp\/v2\/posts\/48231","targetHints":{"allow":["GET"]}}],"collection":[{"href":"https:\/\/radiozapatista.org\/index.php?rest_route=\/wp\/v2\/posts"}],"about":[{"href":"https:\/\/radiozapatista.org\/index.php?rest_route=\/wp\/v2\/types\/post"}],"author":[{"embeddable":true,"href":"https:\/\/radiozapatista.org\/index.php?rest_route=\/wp\/v2\/users\/21"}],"replies":[{"embeddable":true,"href":"https:\/\/radiozapatista.org\/index.php?rest_route=%2Fwp%2Fv2%2Fcomments&post=48231"}],"version-history":[{"count":1,"href":"https:\/\/radiozapatista.org\/index.php?rest_route=\/wp\/v2\/posts\/48231\/revisions"}],"predecessor-version":[{"id":48233,"href":"https:\/\/radiozapatista.org\/index.php?rest_route=\/wp\/v2\/posts\/48231\/revisions\/48233"}],"wp:featuredmedia":[{"embeddable":true,"href":"https:\/\/radiozapatista.org\/index.php?rest_route=\/wp\/v2\/media\/48232"}],"wp:attachment":[{"href":"https:\/\/radiozapatista.org\/index.php?rest_route=%2Fwp%2Fv2%2Fmedia&parent=48231"}],"wp:term":[{"taxonomy":"category","embeddable":true,"href":"https:\/\/radiozapatista.org\/index.php?rest_route=%2Fwp%2Fv2%2Fcategories&post=48231"},{"taxonomy":"post_tag","embeddable":true,"href":"https:\/\/radiozapatista.org\/index.php?rest_route=%2Fwp%2Fv2%2Ftags&post=48231"}],"curies":[{"name":"wp","href":"https:\/\/api.w.org\/{rel}","templated":true}]}}