{"id":48226,"date":"2024-05-27T10:02:04","date_gmt":"2024-05-27T16:02:04","guid":{"rendered":"https:\/\/radiozapatista.org\/?p=48226"},"modified":"2024-05-27T10:02:19","modified_gmt":"2024-05-27T16:02:19","slug":"la-teia-dos-povos-invita-a-la-viii-jornada-agroecologica-de-bahia-enero-de-2025","status":"publish","type":"post","link":"https:\/\/radiozapatista.org\/?p=48226","title":{"rendered":"La Teia dos Povos invita a la VIII Jornada Agroecol\u00f3gica de Bah\u00eda [enero de 2025]"},"content":{"rendered":"\n<p>La <em><a href=\"https:\/\/teiadospovos.org\" target=\"_blank\" rel=\"noreferrer noopener\">Teia dos Povos<\/a><\/em> (Tejido de los Pueblos) es una gran red de autonom\u00edas en Brasil que articula las luchas de los pueblos originarios, afrodescendiente y de abajo, del campo y la ciudad. Como explica Joelson Ferreira, uno de los idealizadores de la <em>Teia<\/em>:<\/p>\n\n\n\n<blockquote class=\"wp-block-quote is-layout-flow wp-block-quote-is-layout-flow\">\n<p>Entendemos que vivimos un momento hist\u00f3rico muy dif\u00edcil, que el mundo pasa por una enorme transici\u00f3n a una gran velocidad, y que tenemos la responsabilidad de asumir esa alianza. Porque tenemos muy claro que ni los pueblos originarios, ni los pueblos sin tierra, ni los peque\u00f1os propietarios, ni los pueblos quilombolas, ya sea en el campo o en la ciudad, pueden enfrentar esa lucha solos.<\/p>\n<\/blockquote>\n\n\n\n<p>(Ve nuestro reportaje <strong><a href=\"https:\/\/radiozapatista.org\/?p=44357\">Teia dos Povos: Construyendo otros mundos posibles en Brasil<\/a><\/strong>)<\/p>\n\n\n\n<p>Desde 2012, la <em>Teia dos Povos<\/em> ha organizado las Jornadas de Agroecolog\u00eda de Bah\u00eda, grandes comparticiones donde representantes de los pueblos ind\u00edgenas, afrodescendientes y populares del campo y la ciudad se dan cita para reflexionar sobre c\u00f3mo enfrentar el sistema de muerte que vivimos, fortaleciendo las autonom\u00edas y creando espacios de vida articulados en red. <\/p>\n\n\n\n<p>Este a\u00f1o, la VIII Jornada de Agroecolog\u00eda se llevar\u00e1 a cabo en la ciudad de Salvador, capital del estado de Bah\u00eda, en enero de 2024, con el tema &#8220;Alianza Campo y Ciudad para el Combate al Hambre y la Pobreza&#8221;. A este encuentro invitan a quienes luchan en los diversos territorios de la Teia, pero tambi\u00e9n a quienes luchamos en otras geograf\u00edas, con la intenci\u00f3n de romper las fronteras de la resistencias.<\/p>\n\n\n\n<p>Enseguida, la invitaci\u00f3n lanzada por el Colectivo de Comunicaci\u00f3n de la Teia dos Povos (<a href=\"https:\/\/teiadospovos.org\/teia-dos-povos-convoca-viii-jornada-de-agroecologia-da-bahia-acontecera-em-salvador\/\">en portugu\u00e9s aqu\u00ed<\/a>):<\/p>\n\n\n\n<!--more-->\n\n\n\n<hr class=\"wp-block-separator has-alpha-channel-opacity\"\/>\n\n\n\n<figure class=\"wp-block-image size-large\"><img decoding=\"async\" src=\"https:\/\/teiadospovos.org\/wp-content\/uploads\/2024\/05\/Artboard-2.png\" alt=\"\"\/><\/figure>\n\n\n\n<p><em>N\u00facleos y Eslabones del Tejido de los Pueblos se unen para la primera construcci\u00f3n de la Jornada en Salvador, Bah\u00eda, Brasil. La perspectiva es ampliar la asamblea bianual de pueblos tradicionales y movimientos sociales en lucha en Brasil para un mayor n\u00famero de participantes.<\/em><\/p>\n\n\n\n<p><em><strong>*Por Colectivo de Comunicaci\u00f3n del Tejido de los Pueblos (Teia dos Povos)<\/strong><\/em><\/p>\n\n\n\n<p>Estamos en las aldeas, asentamientos, palenques, fondos de pasto, orillas de r\u00edos y mares, en fin, en los m\u00e1s diversos territorios en los m\u00e1s variados biomas y regiones, pero tambi\u00e9n, numerosamente, en los grandes n\u00facleos urbanos, sobre todo en las periferias de las grandes ciudades. Somos una red, un tejido, y por lo tanto muchas comunidades, pueblos y territorios confluyen en una lucha por la libertad para todas y todos, combatiendo la expansi\u00f3n del latifundio en el campo y el agravamiento de la violencia contra los pueblos por parte del Estado y su brazo urbano en la urbanidad.<\/p>\n\n\n\n<p>Este 2024, establecemos como desaf\u00edo colectivo, en una perspectiva solidaria, tejer en Salvador, capital de Bah\u00eda, un encuentro para construir la <strong>VIII Jornada de Agroecolog\u00eda de Bah\u00eda, que se llevar\u00e1 a cabo en enero de 2025<\/strong> con el tema <strong><em>\u201cAlianza Campo y Ciudad para Combatir el Hambre y la Pobreza\u201d<\/em>.<\/strong> Una asamblea de pueblos tradicionales y movimientos sociales en lucha por la Tierra y el Territorio, la Jornada es al mismo tiempo celebraci\u00f3n de culturas y fortalecimiento de alianzas comunitarias.<\/p>\n\n\n\n<p>En una coyuntura en que se acent\u00faan tanto los ataques a las aldeas y comunidades quilombolas como el genocidio del pueblo negro con la excusa de la guerra contra las drogas, se fortalece el racismo y la xenofobia en todo el planeta, con el crecimiento de movimientos antimigrantes y creciente presencia de pol\u00edticos de extrema derecha; el genocidio del pueblo palestino en Gaza; el aumento de las tasas de hambre y miseria; cat\u00e1strofes clim\u00e1ticas \u2014respuesta de la Madre Tierra a las imposiciones del modo de producci\u00f3n y acumulaci\u00f3n neoliberal\u2014; casos de esclavitud contempor\u00e1nea en diversas partes del mundo, incluso, fuertemente, en Brasil y en Bah\u00eda; debemos estar unidas y unidos, ciudad y campo, barriada y parcela, bosque y aguas, en la misma direcci\u00f3n y sentido: conquistar la autonom\u00eda y la soberan\u00eda de los pueblos. El Capital est\u00e1 en crisis, necesitamos crear formas de enfrentar su proyecto de muerte y exterminio.<\/p>\n\n\n\n<p>La primera capital fundada por los invasores europeos en el territorio que se llamar\u00eda Brasil, Salvador fue el escenario de muchos levantamientos contra el poder colonial. De ese lugar surgieron los valientes Mal\u00eas \u2014a quienes veneramos en nombre de la ancestral Lu\u00edsa Mahin\u2014, que se rebelaron contra las cadenas y marcharon en las calles convocando al pueblo africano en di\u00e1spora al combate. A\u00f1os antes, en las batallas por la Independencia de Bah\u00eda, tropas portuguesas se las vieron negras, siendo expulsados sin tregua por los pueblos negros e ind\u00edgenas que habitaban la Bah\u00eda de Todos los Santos. \u00a1Salve, Maria Felipa! \u00a1Salve, Caboclas y Caboclos!<\/p>\n\n\n\n<p>En 2017, los N\u00facleos de Base y los Eslabones de la <em>Teia dos Povos<\/em> se un\u00edan en un momento parecido a este, para una gran celebraci\u00f3n de una Jornada de Agroecolog\u00eda m\u00e1s, pero en otro contexto hist\u00f3rico: los colonialistas conmemoraban 517 a\u00f1os de la invasi\u00f3n de Pindorama en el preciso momento en que reafirmamos la guerra por la ca\u00edda del imperio y contra la hegemon\u00eda del capital. Sin embargo, ese acuerdo no estar\u00eda completo si no demarc\u00e1ramos Salvador como Territorio Negro, Ind\u00edgena y Popular, tanto para vengar a los Parientes que aqu\u00ed estaban antes de la desgracia de la usurpaci\u00f3n europea y los pueblos de \u00c1frica que fueron secuestrados y tra\u00eddos a los puertos bahianos, as\u00ed como para consolidar las organizaciones que actualmente tejen luchas por la dignidad de nuestra gente.<\/p>\n\n\n\n<p>Hemos visto y vivido las dificultades y el caos de las grandes ciudades. Lejos de los territorios, con sus antepasados robados o expulsados de la Tierra, nuestro pueblo sigue refugi\u00e1ndose en los cerros, sometido a las m\u00e1s tr\u00e1gicas e insalubres condiciones de supervivencia, muchas veces sin comida ni agua, viendo sus hijos masacrados por un Estado que no s\u00f3lo no les ofrece las herramientas para la libertad, sino que les quita la vida con crueldad e inclemencia. Estamos convocando justamente a ese pueblo para unirse a la gran batalla. Debemos regresar a la Tierra, donde podemos plantar comida saludable para alimentar a nuestros hijos, respirar aire puro que nos fue robado por las Caravelas y romper las cadenas de la miseria. Queremos tejer formas de crear vida, y vida con abundancia, con plenitud.<\/p>\n\n\n\n<p>\u00c9ste es un llamado a todos los pueblos, organizaciones, colectivos, movimientos y comunidades. Sin unidad, es imposible derrotar al capital, al latifundio, al imperio y a las fuerzas represivas del Estado. S\u00f3lo juntas y juntos podemos hacer realidad lo que nuestros ancestros so\u00f1aron: transformar a este mundo en Fiesta, Trabajo y Pan. \u00a1Vamos a la VIII Jornada de Agroecolog\u00eda de Bah\u00eda!<\/p>\n\n\n\n<p>\u00a1Digamos a los pueblos que avancen! \u00a1Avanzaremos!<\/p>\n\n\n\n<p>\u00a1Lo que nos une es m\u00e1s grande que lo que nos separa!<\/p>\n\n\n\n<p>\u00a1En memoria de N\u00eaga Patax\u00f3, ni un paso atr\u00e1s!<\/p>\n","protected":false},"excerpt":{"rendered":"<p>La Teia dos Povos (Tejido de los Pueblos) es una gran red de autonom\u00edas en Brasil que articula las luchas de los pueblos originarios, afrodescendiente y de abajo, del campo y la ciudad. Como explica Joelson Ferreira, uno de los idealizadores de la Teia: Entendemos que vivimos un momento hist\u00f3rico muy dif\u00edcil, que el mundo [&hellip;]<\/p>\n","protected":false},"author":1,"featured_media":48227,"comment_status":"open","ping_status":"closed","sticky":false,"template":"","format":"standard","meta":{"footnotes":""},"categories":[957,1284,190],"tags":[79,42,56,1401,483],"class_list":["post-48226","post","type-post","status-publish","format-standard","has-post-thumbnail","hentry","category-autonomia","category-latinoamerica","category-radiozapatista","tag-autonomia","tag-brasil","tag-encuentros","tag-teia-dos-povos","tag-tierra-y-territorio"],"_links":{"self":[{"href":"https:\/\/radiozapatista.org\/index.php?rest_route=\/wp\/v2\/posts\/48226","targetHints":{"allow":["GET"]}}],"collection":[{"href":"https:\/\/radiozapatista.org\/index.php?rest_route=\/wp\/v2\/posts"}],"about":[{"href":"https:\/\/radiozapatista.org\/index.php?rest_route=\/wp\/v2\/types\/post"}],"author":[{"embeddable":true,"href":"https:\/\/radiozapatista.org\/index.php?rest_route=\/wp\/v2\/users\/1"}],"replies":[{"embeddable":true,"href":"https:\/\/radiozapatista.org\/index.php?rest_route=%2Fwp%2Fv2%2Fcomments&post=48226"}],"version-history":[{"count":1,"href":"https:\/\/radiozapatista.org\/index.php?rest_route=\/wp\/v2\/posts\/48226\/revisions"}],"predecessor-version":[{"id":48228,"href":"https:\/\/radiozapatista.org\/index.php?rest_route=\/wp\/v2\/posts\/48226\/revisions\/48228"}],"wp:featuredmedia":[{"embeddable":true,"href":"https:\/\/radiozapatista.org\/index.php?rest_route=\/wp\/v2\/media\/48227"}],"wp:attachment":[{"href":"https:\/\/radiozapatista.org\/index.php?rest_route=%2Fwp%2Fv2%2Fmedia&parent=48226"}],"wp:term":[{"taxonomy":"category","embeddable":true,"href":"https:\/\/radiozapatista.org\/index.php?rest_route=%2Fwp%2Fv2%2Fcategories&post=48226"},{"taxonomy":"post_tag","embeddable":true,"href":"https:\/\/radiozapatista.org\/index.php?rest_route=%2Fwp%2Fv2%2Ftags&post=48226"}],"curies":[{"name":"wp","href":"https:\/\/api.w.org\/{rel}","templated":true}]}}