{"id":48191,"date":"2024-05-21T13:32:55","date_gmt":"2024-05-21T19:32:55","guid":{"rendered":"https:\/\/radiozapatista.org\/?p=48191"},"modified":"2024-05-21T13:32:56","modified_gmt":"2024-05-21T19:32:56","slug":"a-dias-de-las-elecciones-en-mexico-comunidades-la-califican-de-farsa","status":"publish","type":"post","link":"https:\/\/radiozapatista.org\/?p=48191","title":{"rendered":"A d\u00edas de las elecciones en M\u00e9xico, comunidades la califican de \u201cfarsa\u201d"},"content":{"rendered":"\n<p>Fuente: <a href=\"https:\/\/avispa.org\/a-dias-de-las-elecciones-en-mexico-comunidades-la-califican-de-farsa\/\">Avispa Midia<\/a><\/p>\n\n\n\n<p>Por Sare Frabes<\/p>\n\n\n\n<p><em><sup>En portada: Participantes de la Asamblea Nacional por el Agua y la Vida durante protesta en Santiago Mexquititl\u00e1n, Quer\u00e9taro. Febrero, 2023. Foto: Santiago Navarro F<\/sup><\/em><\/p>\n\n\n\n<p>Colectivos, pueblos ind\u00edgenas y organizaciones sociales se reunieron el pasado s\u00e1bado (18) en la Casa de los Pueblos \u201cSamir Flores Soberanes\u201d, en la Ciudad de M\u00e9xico, para llevar a cabo el foro \u201cEn medio de la farsa electoral, la guerra capitalista contra los pueblos\u201d.<\/p>\n\n\n\n<p>Las y los presentes compartieron an\u00e1lisis y reflexiones en torno a la violencia y represi\u00f3n que se vive en M\u00e9xico, enfatizando que, con la denominada \u201cCuarta Transformaci\u00f3n\u201d (popularmente conocida como 4T), la militarizaci\u00f3n increment\u00f3 contra las comunidades ind\u00edgenas, especialmente en territorios zapatistas en Chiapas.<\/p>\n\n\n\n<p>\u201cGrupos paramilitares y el crimen organizado operan con toda impunidad como garantes de la imposici\u00f3n no solo de megaproyectos de muerte como el Tren Maya, el Corredor Interoce\u00e1nico y el Proyecto Integral Morelos; est\u00e1n al servicio del Estado y el gran capital para llevar a cabo el despojo del territorio, la Madre Tierra y la vida\u201d, aseveraron mediante comunicado firmado por la Asamblea Nacional por el Agua y la Vida.<\/p>\n\n\n\n<p>En medio del contexto electoral, las y los particpantes del foro sostuvieron que, el pr\u00f3ximo 2 de junio, no est\u00e1 en disputa la democracia, sino el poder econ\u00f3mico y pol\u00edtico \u201cque busca sostenerse con la militarizaci\u00f3n, con la impunidad, y con la acumulaci\u00f3n de riqueza en las manos un@s cuant@s al servicio de las grandes transnacionales\u201d.&nbsp;&nbsp;<\/p>\n\n\n\n<p>\u201cLas crisis en m\u00faltiples niveles del capitalismo y la devastaci\u00f3n de la naturaleza est\u00e1n provocando fen\u00f3menos nuevos, que no hab\u00edamos observado o que no se observaban de manera tan aguda. Nuestro pa\u00eds, nos digan lo que nos digan, de un modo cada vez m\u00e1s creciente est\u00e1 siendo dominado, est\u00e1 siendo controlado por c\u00e1rteles criminales que, de manera relativamente nueva, est\u00e1n poniendo sus miras en los territorios donde existe mayor concentraci\u00f3n de riqueza natural y de agua\u201d, enfatiz\u00f3 Carlos Gonz\u00e1lez Garc\u00eda, integrante del Congreso Nacional Ind\u00edgena.<\/p>\n\n\n\n<figure class=\"wp-block-image\"><a href=\"https:\/\/avispa.org\/wp-content\/uploads\/2024\/05\/FarsaElectoral-Kehuelga-2.jpg\"><img decoding=\"async\" src=\"https:\/\/avispa.org\/wp-content\/uploads\/2024\/05\/FarsaElectoral-Kehuelga-2-1024x768.jpg\" alt=\"\" class=\"wp-image-116233\"\/><\/a><figcaption class=\"wp-element-caption\"><em><sup><strong>Foto: K\u00e9 Huelga Radio<\/strong><\/sup><\/em><\/figcaption><\/figure>\n\n\n\n<p>Por ello, la Asamblea sostuvo que el plan de la 4T es sostener una guerra capitalista contra los pueblos y comunidades ind\u00edgenas y para denunciarlo, destacaron las agresiones armadas contra comunidades aut\u00f3nomas zapatistas; la intimidaci\u00f3n policial contra la comunidad otom\u00ed y Diego Garc\u00eda, quienes mantienen la toma de la Casa de los Pueblos; as\u00ed como la violencia contra Pueblos Unidos de la regi\u00f3n choluteca, quienes resisten a la operaci\u00f3n irregular de un basurero; casos de presos pol\u00edticos; el encubirmiento militar en el caso Ayotzinapa, entre muchos otros.<\/p>\n\n\n\n<p>Ante las agresiones, miembros de la comunidad Otom\u00ed de Santiago Mexquititl\u00e1n pidieron no parar con la difusi\u00f3n de los casos, \u201cde hacer acciones directas para seguir denunciando, visibilizando y arranc\u00e1ndole (al Estado) lo poquito de justicia que podemos seguir recuperando desde nuestras fuerzas como comunidades organizadas\u201d.<\/p>\n\n\n\n<h3 class=\"wp-block-heading\" id=\"h-agresiones-contra-zapatistas\"><strong><mark>Agresiones contra zapatistas<\/mark><\/strong><\/h3>\n\n\n\n<p>Durante el foro se denunci\u00f3 el incremento de las agresiones armadas contra las comunidades aut\u00f3nomas zapatistas, especialmente las realizadas por la Organizaci\u00f3n Regional de Cafeticultores de Ocosingo (ORCAO), quienes durante a\u00f1os&nbsp;<a href=\"https:\/\/avispa.org\/gobierno-de-la-cuarta-transformacion-continua-politica-contrainsurgente-en-chiapas\/\">han atacado impunemente a las Bases de Apoyo del EZLN<\/a>&nbsp;(BAEZLN), provocando desplazamientos forzados, tortura, desapariciones e intentos de homicidio.&nbsp;<\/p>\n\n\n\n<p>En lo que va del 2024,&nbsp;<a href=\"https:\/\/avispa.org\/comunidades-autonomas-bajo-fuego-reportan-28-zapatistas-desplazados\/\">fueron desplazadas 28 personas BAEZLN<\/a>&nbsp;de la comunidad La Resistencia. En enero, cuando se registraron las agresiones tambi\u00e9n fueron destruidas la Escuela Primaria Aut\u00f3noma, 15 casas y siembras; adem\u00e1s robaron una tienda y otros bienes de la comunidad.&nbsp;<\/p>\n\n\n\n<figure class=\"wp-block-image\"><a href=\"https:\/\/avispa.org\/wp-content\/uploads\/2022\/01\/2022_01_14_EZLN.webp\"><img decoding=\"async\" src=\"https:\/\/avispa.org\/wp-content\/uploads\/2022\/01\/2022_01_14_EZLN-1024x683.webp\" alt=\"\" class=\"wp-image-47912\"\/><\/a><figcaption class=\"wp-element-caption\"><em><sup><mark><strong>Habitantes de las comunidades de Nuevo San Gregorio han reportado el incremento de las agresiones armadas contra su comunidad aut\u00f3noma.<\/strong><\/mark><\/sup><\/em><\/figcaption><\/figure>\n\n\n\n<p>En el poblado aut\u00f3nomo de Emiliano Zapata quemaron un potrero de las bases de apoyo. Para febrero, integrantes de la ORCAO atacaron la comunidad aut\u00f3noma zapatista de Mois\u00e9s y Gandhi, donde registraron m\u00e1s de 100 disparos con arma de fuego de alto calibre.&nbsp;<\/p>\n\n\n\n<p>Ante el incremento de la violencia, denunciaron la agresi\u00f3n armada, ocurrida en mayo del 2023 contra el integrante base de la base de apoyo Jorge L\u00f3pez S\u00e1ntiz, que puso en grave riesgo su vida. Tambi\u00e9n mencionaron el caso del ind\u00edgena chol, BAEZLN, Jos\u00e9 D\u00edaz G\u00f3mez, quien desde el 25 de noviembre del 2022 es reh\u00e9n del gobierno de Chiapas, pues se encuentra encarcelado acusado por robo con violencia, \u201ccomo represalia por su adherencia pol\u00edtica zapatista\u201d.<\/p>\n\n\n\n<p>La Asamblea sostiene que, programas sociales como Sembrando Vida, han empoderado a grupos criminales, exacerbando la violencia y el despojo de tierras colectivas. \u201cLa guerra integral de desgaste contra la autonom\u00eda zapatista, empezada desde hace d\u00e9cadas por los diferentes partidos pol\u00edticos, ha sido intensificada durante este gobierno de la cuarta simulaci\u00f3n\u201d, se\u00f1alan.<\/p>\n\n\n\n<h3 class=\"wp-block-heading\" id=\"h-guerra-nbsp\"><strong>Guerra&nbsp;<\/strong><\/h3>\n\n\n\n<p>De acuerdo a las y los participantes del foro, a trav\u00e9s del territorio mexicano existen otros ejemplos de violencia contra los pueblos organizados, como es el caso del hostigamiento a la Comunidad Otom\u00ed en CDMX, quienes desde el a\u00f1o 2020 tomaron el Instituto Nacional de Pueblos Ind\u00edgenas (INPI) en demanda de vivienda justa y por ello han sido objeto de violentos intentos de desalojo, as\u00ed como de criminalizaci\u00f3n.&nbsp;<\/p>\n\n\n\n<p>La Asamblea denuncia la complicidad del director del INPI, Adelfo Regino Montes, y del gobierno de la CDMX en estos ataques.<\/p>\n\n\n\n<p>En Puebla, en la regi\u00f3n Choluteca, diversos pueblos resisten desde el pasado 21 de marzo contra la operaci\u00f3n de un relleno sanitario, de la empresa ProFaj Hidro Limpieza, mediante protestas y un campamento, pero indican que han recibido represi\u00f3n estatal.&nbsp;<\/p>\n\n\n\n<p><a href=\"https:\/\/avispa.org\/pueblos-de-cholula-denuncian-contaminacion-de-pozos-por-operacion-irregular-de-basurero\/\">Te puede interesar &#8211;&nbsp;Pueblos de Cholula denuncian contaminaci\u00f3n de pozos por operaci\u00f3n irregular de basurero<\/a><\/p>\n\n\n\n<p>\u201cEl gobierno envi\u00f3 un operativo con m\u00e1s de 500 polic\u00edas y grupos de choque para forzar la entrada de camiones recolectores de basura, polic\u00edas estatales y municipales dispararon en contra de los habitantes que resisten en las barricadas para impedir la entrada de dichos camiones, y tras muchas horas de represi\u00f3n dirigida hacia el plant\u00f3n y barricadas, las unidades de polic\u00eda y guardia nacional, as\u00ed como los camiones de basura se retiraron\u201d, sostienen mediante comunicado.<\/p>\n\n\n\n<figure class=\"wp-block-image\"><a href=\"https:\/\/avispa.org\/wp-content\/uploads\/2024\/05\/Protestas-basurero-Cholula.jpeg\"><img decoding=\"async\" src=\"https:\/\/avispa.org\/wp-content\/uploads\/2024\/05\/Protestas-basurero-Cholula.jpeg\" alt=\"\" class=\"wp-image-115373\"\/><\/a><figcaption class=\"wp-element-caption\"><em><sup><strong>Protestas de Pueblos Unidos para exigir la clausura de las operaciones irregulares del relleno sanitario en la Regi\u00f3n Choluteca.<\/strong><\/sup><\/em><\/figcaption><\/figure>\n\n\n\n<p>La Asamblea denuncia la criminalizaci\u00f3n de los defensores del territorio, como&nbsp;<a href=\"https:\/\/avispa.org\/defensor-del-agua-miguel-lopez-vega-en-libertad-definitiva\/\">Miguel L\u00f3pez Vega, primer preso pol\u00edtico de la 4T<\/a>&nbsp;y Alejandro Torres Chocolatl,&nbsp;ambos defensores del r\u00edo Metlapanapa.&nbsp;<\/p>\n\n\n\n<p>Destaca tambi\u00e9n el caso de la desaparici\u00f3n forzada de los 43 normalistas de Ayotzinapa. A punto de cumplirse una d\u00e9cada y, a pesar de numerosas investigaciones que apuntan como&nbsp;<a href=\"file:\/\/\/Users\/paxchi\/Downloads\/Gobierno%20de%20Me%CC%81xico%20rechaza%20entrega%20de%20informacio%CC%81n%20militar%20sobre%20caso%20Ayotzinapa\">actor clave la participaci\u00f3n del ej\u00e9rcito mexicano en el crimen<\/a>, el gobierno contin\u00faa neg\u00e1ndose a entregar documentos, en posesi\u00f3n de la Secretar\u00eda de la Defensa Nacional (Sedena), que podr\u00edan dar pistas para dar con el paradero de los estudiantes.&nbsp;<\/p>\n\n\n\n<p>La Asamblea resalta que, en el cierre del sexenio de L\u00f3pez Obrador la cifra de desaparecidos alcanza la cifra de 116 mil personas, en cuya mayor\u00eda de los casos no existen avances en la b\u00fasqueda por parte de las autoridades, sino que son las madres y familiares buscadores quienes realizan las investigaciones.&nbsp;<\/p>\n\n\n\n<figure class=\"wp-block-image\"><a href=\"https:\/\/avispa.org\/wp-content\/uploads\/2024\/01\/AyotzinapaEnero24-1_JuanPerezLatitudesPress.jpg\"><img decoding=\"async\" src=\"https:\/\/avispa.org\/wp-content\/uploads\/2024\/01\/AyotzinapaEnero24-1_JuanPerezLatitudesPress-1024x682.jpg\" alt=\"\" class=\"wp-image-110605\"\/><\/a><figcaption class=\"wp-element-caption\"><strong><em><sup>Pese a la negativa del ej\u00e9rcito para entregar informaci\u00f3n y los intentos de divisi\u00f3n de las autoridades, los familiares de los estudiantes desaparecidos de Ayotzinapa contin\u00faan la lucha.<\/sup><\/em><\/strong><\/figcaption><\/figure>\n\n\n\n<p>\u201cLas madres y familiares est\u00e1n en constante riesgo de ataques por grupos criminales, polic\u00eda, ej\u00e9rcito alentados por el desd\u00e9n con que el ejecutivo federal se refiere a ellas. Andr\u00e9s Manuel L\u00f3pez Obrador termina su sexenio manchado de la sangre de 7 madres buscadoras que fueron asesinadas por buscar a sus hijos\u201d, acusan.<\/p>\n\n\n\n<p>Las y los participantes del foro tambi\u00e9n exigieron justicia para las v\u00edctimas del incendio en la estancia migratoria de Ciudad Ju\u00e1rez, ocurrido en marzo de 2023 y donde murieron 40 migrantes. Ante ello, denunciaron la violencia sistem\u00e1tica contra las personas en movilidad, pues solo en 2023, durante su paso por M\u00e9xico fueron detenidos 782 mil 176 migrantes, un r\u00e9cord hist\u00f3rico de personas que muchas veces son v\u00edctimas de funcionarios del Instituto Nacional de Migraci\u00f3n, quienes los extorsionan o entregan a grupos del crimen organizado.<\/p>\n\n\n\n<p>Los periodistas y defensores de derechos humanos tambi\u00e9n fueron mencionados por las agresiones en su contra. M\u00e9xico se ha consolidado como uno de los pa\u00edses m\u00e1s peligrosos para el periodismo, con 56 periodistas asesinados en el \u00faltimo sexenio, que han ocurrido en medio de la legitimaci\u00f3n de la violencia desde la presidencia contra quienes muestran una postura cr\u00edtica hacia el gobierno y sus nexos criminales.<\/p>\n\n\n\n<p>Por \u00faltimo, reconocieron la lucha de las y los presos pol\u00edticos con casos como los defensores del territorio de&nbsp;<a href=\"https:\/\/avispa.org\/chiapas-condena-a-defensores-tseltales-confirma-crisis-de-derechos-humanos-en-mexico\/\">San Juan Cancuc<\/a>,&nbsp;<a href=\"https:\/\/avispa.org\/no-es-sequia-es-saqueo-asamblea-por-el-agua-y-la-vida-encara-a-conagua\/\">Sa\u00fal Rosales Mel\u00e9ndez<\/a>, los presos de&nbsp;<a href=\"https:\/\/avispa.org\/justicia-o-tortura-estrategias-penales-en-oaxaca-contra-presos-politicos-indigenas\/\">Eloxochitl\u00e1n<\/a>, as\u00ed como el caso de criminalizaci\u00f3n contra Karla y Magda de la Okupa Cuba.&nbsp;<\/p>\n\n\n\n<p>En un llamado a la acci\u00f3n, la&nbsp;Asamblea Nacional por el Agua y la Vida&nbsp;se sum\u00f3 a la&nbsp;<a href=\"https:\/\/avispa.org\/a-30-anos-del-levantamiento-armado-ezln-llama-urgentemente-a-la-accion-en-comun\/\">iniciativa zapatista de \u201cel com\u00fan y la no propiedad\u201d<\/a>&nbsp;para mantener su lucha por autonom\u00eda y autodeterminaci\u00f3n.<\/p>\n","protected":false},"excerpt":{"rendered":"<p>Fuente: Avispa Midia Por Sare Frabes En portada: Participantes de la Asamblea Nacional por el Agua y la Vida durante protesta en Santiago Mexquititl\u00e1n, Quer\u00e9taro. Febrero, 2023. Foto: Santiago Navarro F Colectivos, pueblos ind\u00edgenas y organizaciones sociales se reunieron el pasado s\u00e1bado (18) en la Casa de los Pueblos \u201cSamir Flores Soberanes\u201d, en la Ciudad [&hellip;]<\/p>\n","protected":false},"author":21,"featured_media":48192,"comment_status":"open","ping_status":"closed","sticky":false,"template":"","format":"standard","meta":{"footnotes":""},"categories":[957,51,826,958,954,935],"tags":[579,58,53,567,147,23,545,87,27,483],"class_list":["post-48191","post","type-post","status-publish","format-standard","has-post-thumbnail","hentry","category-autonomia","category-autor","category-medios-libres-2","category-megaproyectos","category-mexico","category-temas","tag-agua","tag-derechos-humanos","tag-justicia","tag-megaproyectos","tag-militarizacion","tag-paramilitares","tag-pueblos-indigenas","tag-represion","tag-solidaridad","tag-tierra-y-territorio"],"_links":{"self":[{"href":"https:\/\/radiozapatista.org\/index.php?rest_route=\/wp\/v2\/posts\/48191","targetHints":{"allow":["GET"]}}],"collection":[{"href":"https:\/\/radiozapatista.org\/index.php?rest_route=\/wp\/v2\/posts"}],"about":[{"href":"https:\/\/radiozapatista.org\/index.php?rest_route=\/wp\/v2\/types\/post"}],"author":[{"embeddable":true,"href":"https:\/\/radiozapatista.org\/index.php?rest_route=\/wp\/v2\/users\/21"}],"replies":[{"embeddable":true,"href":"https:\/\/radiozapatista.org\/index.php?rest_route=%2Fwp%2Fv2%2Fcomments&post=48191"}],"version-history":[{"count":1,"href":"https:\/\/radiozapatista.org\/index.php?rest_route=\/wp\/v2\/posts\/48191\/revisions"}],"predecessor-version":[{"id":48193,"href":"https:\/\/radiozapatista.org\/index.php?rest_route=\/wp\/v2\/posts\/48191\/revisions\/48193"}],"wp:featuredmedia":[{"embeddable":true,"href":"https:\/\/radiozapatista.org\/index.php?rest_route=\/wp\/v2\/media\/48192"}],"wp:attachment":[{"href":"https:\/\/radiozapatista.org\/index.php?rest_route=%2Fwp%2Fv2%2Fmedia&parent=48191"}],"wp:term":[{"taxonomy":"category","embeddable":true,"href":"https:\/\/radiozapatista.org\/index.php?rest_route=%2Fwp%2Fv2%2Fcategories&post=48191"},{"taxonomy":"post_tag","embeddable":true,"href":"https:\/\/radiozapatista.org\/index.php?rest_route=%2Fwp%2Fv2%2Ftags&post=48191"}],"curies":[{"name":"wp","href":"https:\/\/api.w.org\/{rel}","templated":true}]}}