{"id":48159,"date":"2024-05-16T11:03:11","date_gmt":"2024-05-16T17:03:11","guid":{"rendered":"https:\/\/radiozapatista.org\/?p=48159"},"modified":"2024-05-16T11:03:14","modified_gmt":"2024-05-16T17:03:14","slug":"colombia-escalada-de-violencia-en-el-cauca-amenaza-poblaciones-indigenas-nasa","status":"publish","type":"post","link":"https:\/\/radiozapatista.org\/?p=48159","title":{"rendered":"Colombia | Escalada de violencia en el Cauca amenaza poblaciones ind\u00edgenas Nasa"},"content":{"rendered":"\n<p>Fuente: <a href=\"https:\/\/avispa.org\/colombia-escalada-de-violencia-en-el-cauca-amenaza-poblaciones-indigenas-nasa\/\">Avispa Midia<\/a><\/p>\n\n\n\n<p>Por Sare Frabes<\/p>\n\n\n\n<p><em><sup>En portada: Marcha del pueblo Nasa con la Guardia Ind\u00edgena al frente.&nbsp;<\/sup><\/em><\/p>\n\n\n\n<p>El departamento del Cauca, en el suroeste de Colombia, vive un contexto de emergencia humanitaria debido a diversos acontecimientos violentos contra poblaciones ind\u00edgenas que, desde enero hasta abril de 2024, han escalado en la regi\u00f3n.&nbsp;<\/p>\n\n\n\n<p>As\u00ed lo&nbsp;<a href=\"https:\/\/iprights.org\/index.php\/en\/all-statements\/colombia-emergencia-en-el-cauca-urgen-acciones-ante-escalada-de-violencia-armada-contra-pueblos-indigenas\">denuncian organizaciones internacionales<\/a>&nbsp;de derechos humanos, quienes hacen un llamado al Estado colombiano para accionar y garantizar la integridad ante los ataques que, consideran, violan la autonom\u00eda y derechos colectivos del pueblo Nasa.<\/p>\n\n\n\n<p>Acorde al llamado de alerta, las comunidades permanecen en estado de vigilancia. Destacan el asesinato de&nbsp;la lideresa Carmelina Yule Pav\u00ed, acontecido durante marzo y denunciado por la Asociaci\u00f3n de Cabildos Ind\u00edgenas del Norte del Cauca (ACIN). Las poblaciones ind\u00edgenas acusan a grupos armados, como el denominado \u201cFrente Dagoberto Ramos del Estado Mayor Central\u201d, agrupaci\u00f3n de disidencias de las extintas Fuerzas Armadas Revolucionarias de Colombia (FARC), como los responsables por el homicidio.<\/p>\n\n\n\n<p><a href=\"https:\/\/avispa.org\/disidencias-de-farc-atacan-indigenas-nasa-reportan-asesinato-de-lideresa-en-cauca\/\">Te puede interesar &#8211;&nbsp;Disidencias de FARC atacan ind\u00edgenas Nasa; reportan asesinato de lideresa e<\/a><a href=\"https:\/\/avispa.org\/disidencias-de-farc-atacan-indigenas-nasa-reportan-asesinato-de-lideresa-en-cauca\/\" target=\"_blank\" rel=\"noreferrer noopener\">n Cauca<\/a><\/p>\n\n\n\n<p>La organizaci\u00f3n Derechos de los Pueblos Ind\u00edgenas Internacional (IPRI) detalla que esta situaci\u00f3n de emergencia se inscribe en el contexto de la violencia armada que contin\u00faa afectando a pueblos ind\u00edgenas tras la firma de los Acuerdos de Paz en noviembre del 2016.<\/p>\n\n\n\n<p>Seg\u00fan un informe elaborado por el Observatorio de Derechos Humanos de la Organizaci\u00f3n Ind\u00edgena de Colombia (ONIC), durante el a\u00f1o 2023&nbsp;m\u00e1s de 58 mil hombres y mujeres pertenecientes a diversos pueblos ind\u00edgenas&nbsp;<a href=\"https:\/\/www.onic.org.co\/noticias\/4674-a-pesar-de-la-firma-del-acuerdo-final-de-paz-persiste-la-estrategia-de-exterminio-contra-los-pueblos-indigenas-onic-denuncia-impunidad-sobre-las-mas-de-58-mil-personas-indigenas-victimas-del-conflicto-armado-en-el-2023\">fueron v\u00edctimas de hostigamientos, confinamientos y desplazamientos forzados<\/a>. El reporte resalta que los mayores perpetradores de violencia hacia los pueblos ind\u00edgenas de Colombia fueron el Ej\u00e9rcito de Liberaci\u00f3n Nacional (ELN) con 42,700 v\u00edctimas; Fuerza P\u00fablica (Ej\u00e9rcito, Armada, Fuerza A\u00e9rea y Polic\u00eda Nacional) con 6,551 y las disidencias de las FARC con 3,448.<\/p>\n\n\n\n<figure class=\"wp-block-image\"><a href=\"https:\/\/avispa.org\/wp-content\/uploads\/2024\/05\/Las-actuaciones-de-diferentes-grupos-armados-en-el-departamento-del-Cauca-han-generado-una-crisis-humanitaria-tambien-advertida-por-organizaciones-internacionales.jpeg\"><img decoding=\"async\" src=\"https:\/\/avispa.org\/wp-content\/uploads\/2024\/05\/Las-actuaciones-de-diferentes-grupos-armados-en-el-departamento-del-Cauca-han-generado-una-crisis-humanitaria-tambien-advertida-por-organizaciones-internacionales.jpeg\" alt=\"\" class=\"wp-image-115934\"\/><\/a><figcaption class=\"wp-element-caption\"><em><sup>Las actuaciones de diferentes grupos armados en el departamento del Cauca han generado una crisis humanitaria, advertida por organizaciones internacionales.<\/sup><\/em><\/figcaption><\/figure>\n\n\n\n<p>Por su parte,&nbsp;el Instituto de Estudios para el Desarrollo y la Paz&nbsp;(Indepaz) estima que al menos 37 l\u00edderes ind\u00edgenas fueron v\u00edctimas de la violencia en Colombia durante 2023.&nbsp;<\/p>\n\n\n\n<p>IPRI enfatiza en su&nbsp;<a href=\"https:\/\/iprights.org\/images\/articles\/resources\/Colombia%20report%202021-2022\/INFORME%20COLOMBIA%202022_SPA.pdf\">informe de 2022<\/a>&nbsp;<em>Violencia, impunidad y criminalizaci\u00f3n contra pueblos ind\u00edgenas de Colombia<\/em>, sobre la actuaci\u00f3n de grupos armados dentro de los territorios de pueblos ind\u00edgenas, \u201casesinando a guardias ind\u00edgenas y autoridades, reclutando de manera forzada a ni\u00f1os, ni\u00f1as y adolescentes ind\u00edgenas, imponiendo confinamientos forzados y desplazando a personas ind\u00edgenas de sus territorios\u201d.<\/p>\n\n\n\n<p>La organizaci\u00f3n de derechos humanos sostiene que el 90% de los casos permanecen en impunidad, lo que fomenta que los atentados contra las poblaciones ind\u00edgenas se sigan perpetrando. \u201cLas y los hermanos de los pueblos ind\u00edgenas caucanos -mayoras y mayores, infancias y el propio territorio- no son actores del conflicto, sino v\u00edctimas del mismo y, como tales, merecedores de especial protecci\u00f3n\u201d, puntualiza IPRI.<\/p>\n\n\n\n<p><strong>Escalada<\/strong><\/p>\n\n\n\n<p>La escalada de violencia durante el pasado abril alcanz\u00f3 niveles alarmantes con sucesos como el&nbsp;<a href=\"https:\/\/www.cric-colombia.org\/portal\/secuestro-comuneros-indigenas-san-andres-pisimbala-cric-cauca\/\">secuestro de comuneros nasa<\/a>&nbsp;del Reguardo Ind\u00edgena de San Andr\u00e9s de Pisimbal\u00e1, seg\u00fan denunci\u00f3 el Consejo Regional Ind\u00edgena del Cauca (CRIC).&nbsp;<\/p>\n\n\n\n<p>Ante la privaci\u00f3n de la libertad de los comuneros&nbsp;Luis \u00c1ngel Liz y el menor de edad Estiven Quinto, la comunidad de Pisimbal\u00e1 se moviliz\u00f3 y mediante la guardia ind\u00edgena y miembros de la comunidad rescataron a los ind\u00edgenas. En su denuncia, el CRIC enfatiz\u00f3 que ante estos hechos, \u201cno permitir\u00e1n m\u00e1s desarmon\u00edas en nuestros territorios\u201d.&nbsp;<\/p>\n\n\n\n<figure class=\"wp-block-image\"><a href=\"https:\/\/avispa.org\/wp-content\/uploads\/2024\/05\/El-Cauca-se-ha-convertido-en-un-territorio-de-disputa-de-las-organizaciones-ilegales-credito-Fernando-Vergara.jpeg\"><img decoding=\"async\" src=\"https:\/\/avispa.org\/wp-content\/uploads\/2024\/05\/El-Cauca-se-ha-convertido-en-un-territorio-de-disputa-de-las-organizaciones-ilegales-credito-Fernando-Vergara.jpeg\" alt=\"\" class=\"wp-image-115933\"\/><\/a><figcaption class=\"wp-element-caption\"><em><sup>El Cauca se ha convertido en un territorio de disputa de los grupos armados. Foto: Fernando Vergara<\/sup><\/em><\/figcaption><\/figure>\n\n\n\n<p>El CRIC se\u00f1al\u00f3 como responsable por los da\u00f1os f\u00edsicos y psicol\u00f3gicos de sus comuneros al grupo armado Dagoberto Ramos y exhortaron a la comunidad internacional para pronunciarse para frenar la violencia sistem\u00e1tica contra los pueblos del Cauca.<\/p>\n\n\n\n<p>En una&nbsp;<a href=\"https:\/\/www.cric-colombia.org\/portal\/solidaridad-mexico-pueblos-cauca-colombia\/\">carta de solidaridad desde M\u00e9xico<\/a>, organizaciones sociales sostienen que, solo entre el 1 de enero al 31 de marzo de este 2024, se ha registrado el asesinato de 26 personas en la regi\u00f3n. En la misiva destacan que entre los homicidios se enuentran los casos de ocho sabedores ancestrales perpetrados durante los \u00faltimos dos a\u00f1os.<\/p>\n\n\n\n<p>Adem\u00e1s, externaron su preocupaci\u00f3n en cuanto al reclutamiento forzado por actores armados de ni\u00f1os, ni\u00f1as y\/o adolescentes, menores de 18 a\u00f1os, la mayor\u00eda en el norte del Cauca. \u201cEn el a\u00f1o 2022 se llev\u00f3 un registro de al menos de 250 casos, en el a\u00f1o 2023 al menos de 153 casos y en lo ocurrido del a\u00f1o 2024 se lleva un registro de 27 menores de edad reclutados\u201d, detallan.<\/p>\n\n\n\n<p>Las organizaciones internacionales comunicaron su apoyo a las decisiones tomadas por el Plan de Vida Proyecto Nasa (Toribio, Cauca), a las que se sum\u00f3 la Cxhab Wala Kiwe-Asociaci\u00f3n de Cabildos Ind\u00edgenas del Norte del Cauca (ACIN) para realizar control de su territorio, como administrar justicia para los responsables de estas graves vulneraciones, y \u201cdescontaminar el territorio de toda publicidad alusiva a las organizaciones armadas con el objetivo \u00faltimo de defender la vida\u201d.<\/p>\n\n\n\n<p><strong>Suspensi\u00f3n de cese al fuego<\/strong><\/p>\n\n\n\n<p>Estos actos violentos acontecen en un contexto de incremento de enfrentamientos entre grupos armados y cuerpos de seguridad en diversas zonas del Cauca luego de que, el pasado marzo, un&nbsp;<a href=\"https:\/\/www.radionacional.co\/actualidad\/politica\/suspendido-cese-al-fuego-con-el-estado-mayor-de-las-farc\">decreto firmado por el ministro de Defensa<\/a>, Iv\u00e1n Vel\u00e1squez, suspendi\u00f3 el Cese al Fuego Bilateral y Temporal de car\u00e1cter Nacional con impacto Territorial (CFBTNT) el cual hab\u00eda establecido una tregua entre el gobierno colombiano y las disidencias de las FARC en los departamentos de Nari\u00f1o, Cauca y Valle del Cauca.<\/p>\n\n\n\n<p>Ya en septiembre del 2023, disidencias de las FARC&nbsp;<a href=\"https:\/\/www.infobae.com\/colombia\/2023\/09\/10\/disidencias-se-tomaron-un-municipio-del-norte-del-cauca-robaron-el-banco-agrario-y-se-enfrentaron-a-la-fuerza-publica\/\">asaltaron el municipio de Jambal\u00f3<\/a>, al norte del departamento, donde incluso robaron un banco y se enfrentaron a elementos de seguridad p\u00fablica.&nbsp;Recientemente, el 17 de abril, otro grupo de disidencias de las FARC, conocido como \u201cCarlos Pati\u00f1o\u201d, atac\u00f3 la estaci\u00f3n de polic\u00eda de Jambal\u00f3 donde asesin\u00f3 a un soldado. Apenas el pasado domingo (12), el Frente Dagoberto Ramos&nbsp;<a href=\"https:\/\/www.infobae.com\/colombia\/2024\/05\/12\/frente-dabogerto-ramos-dejo-en-libertad-a-dos-fiscales-una-civil-y-un-soldado-que-tenian-en-su-poder\/\">liber\u00f3 a dos fiscales, una civil y un soldado<\/a>&nbsp;a quienes hab\u00edan privado de su libertad desde el pasado 20 de abril.<\/p>\n\n\n\n<figure class=\"wp-block-image\"><a href=\"https:\/\/avispa.org\/wp-content\/uploads\/2024\/05\/Liberacion-fiscales-Cauca.jpeg\"><img decoding=\"async\" src=\"https:\/\/avispa.org\/wp-content\/uploads\/2024\/05\/Liberacion-fiscales-Cauca.jpeg\" alt=\"\" class=\"wp-image-115935\"\/><\/a><figcaption class=\"wp-element-caption\"><em><sup>Liberaci\u00f3n de fiscales y civiles por parte del grupo de disidencias de las FARC, Frente Dagoberto Ramos.<\/sup><\/em><\/figcaption><\/figure>\n\n\n\n<p>Adem\u00e1s, durante los primeros d\u00edas de abril se&nbsp;<a href=\"https:\/\/www.eltiempo.com\/colombia\/otras-ciudades\/un-policia-muerto-y-siete-heridos-deja-ataque-armado-en-la-via-panamericana-3331173\">report\u00f3 una emboscada en plena v\u00eda Panamericana<\/a>&nbsp;que sald\u00f3 con un polic\u00eda muerto y siete heridos. D\u00edas despu\u00e9s, el 12 de abril,&nbsp;<a href=\"https:\/\/www.elcolombiano.com\/colombia\/carrobomba-exploto-en-miranda-cauca-dejo-varios-heridos-NH24237749\">un carro bomba fue detonado<\/a>&nbsp;en las cercan\u00edas de la estaci\u00f3n de polic\u00eda del municipio de Miranda. La explosi\u00f3n dej\u00f3 cuatro personas heridas, as\u00ed como varias viviendas cercanas al lugar de la detonaci\u00f3n, adem\u00e1s de que provoc\u00f3 desplazamientos debido al miedo por nuevos enfrentamientos.<\/p>\n","protected":false},"excerpt":{"rendered":"<p>Fuente: Avispa Midia Por Sare Frabes En portada: Marcha del pueblo Nasa con la Guardia Ind\u00edgena al frente.&nbsp; El departamento del Cauca, en el suroeste de Colombia, vive un contexto de emergencia humanitaria debido a diversos acontecimientos violentos contra poblaciones ind\u00edgenas que, desde enero hasta abril de 2024, han escalado en la regi\u00f3n.&nbsp; As\u00ed lo&nbsp;denuncian [&hellip;]<\/p>\n","protected":false},"author":21,"featured_media":48160,"comment_status":"open","ping_status":"closed","sticky":false,"template":"","format":"standard","meta":{"footnotes":""},"categories":[957,51,1284,826,958,935],"tags":[58,53,567,147,23,87,148,27,483],"class_list":["post-48159","post","type-post","status-publish","format-standard","has-post-thumbnail","hentry","category-autonomia","category-autor","category-latinoamerica","category-medios-libres-2","category-megaproyectos","category-temas","tag-derechos-humanos","tag-justicia","tag-megaproyectos","tag-militarizacion","tag-paramilitares","tag-represion","tag-resistencia","tag-solidaridad","tag-tierra-y-territorio"],"_links":{"self":[{"href":"https:\/\/radiozapatista.org\/index.php?rest_route=\/wp\/v2\/posts\/48159","targetHints":{"allow":["GET"]}}],"collection":[{"href":"https:\/\/radiozapatista.org\/index.php?rest_route=\/wp\/v2\/posts"}],"about":[{"href":"https:\/\/radiozapatista.org\/index.php?rest_route=\/wp\/v2\/types\/post"}],"author":[{"embeddable":true,"href":"https:\/\/radiozapatista.org\/index.php?rest_route=\/wp\/v2\/users\/21"}],"replies":[{"embeddable":true,"href":"https:\/\/radiozapatista.org\/index.php?rest_route=%2Fwp%2Fv2%2Fcomments&post=48159"}],"version-history":[{"count":1,"href":"https:\/\/radiozapatista.org\/index.php?rest_route=\/wp\/v2\/posts\/48159\/revisions"}],"predecessor-version":[{"id":48161,"href":"https:\/\/radiozapatista.org\/index.php?rest_route=\/wp\/v2\/posts\/48159\/revisions\/48161"}],"wp:featuredmedia":[{"embeddable":true,"href":"https:\/\/radiozapatista.org\/index.php?rest_route=\/wp\/v2\/media\/48160"}],"wp:attachment":[{"href":"https:\/\/radiozapatista.org\/index.php?rest_route=%2Fwp%2Fv2%2Fmedia&parent=48159"}],"wp:term":[{"taxonomy":"category","embeddable":true,"href":"https:\/\/radiozapatista.org\/index.php?rest_route=%2Fwp%2Fv2%2Fcategories&post=48159"},{"taxonomy":"post_tag","embeddable":true,"href":"https:\/\/radiozapatista.org\/index.php?rest_route=%2Fwp%2Fv2%2Ftags&post=48159"}],"curies":[{"name":"wp","href":"https:\/\/api.w.org\/{rel}","templated":true}]}}