{"id":48135,"date":"2024-05-13T09:52:41","date_gmt":"2024-05-13T15:52:41","guid":{"rendered":"https:\/\/radiozapatista.org\/?p=48135"},"modified":"2024-05-13T09:52:44","modified_gmt":"2024-05-13T15:52:44","slug":"exigen-alto-al-genocidio-palestino-frente-embajada-de-israel-en-mexico","status":"publish","type":"post","link":"https:\/\/radiozapatista.org\/?p=48135","title":{"rendered":"Exigen alto al genocidio palestino frente embajada de Israel en M\u00e9xico"},"content":{"rendered":"\n<p>Fuente: Avispa Midia<\/p>\n\n\n\n<p><em>por Yazvelin Alinares Nardo&nbsp;<\/em><\/p>\n\n\n\n<p>Despu\u00e9s de que el 6 de mayo de 2024 Israel ordenara la evacuaci\u00f3n de los palestinos que viv\u00edan en la ciudad de Rafah, anteriormente llamada &#8220;zona segura&#8221;, se presentaron diversas manifestaciones alrededor del mundo.&nbsp;<\/p>\n\n\n\n<figure class=\"wp-block-image\"><a href=\"https:\/\/avispa.org\/wp-content\/uploads\/2024\/05\/ProtestasPalestinaMx-10.jpeg\"><img decoding=\"async\" src=\"https:\/\/avispa.org\/wp-content\/uploads\/2024\/05\/ProtestasPalestinaMx-10-1024x683.jpeg\" alt=\"\" class=\"wp-image-115803\"\/><\/a><\/figure>\n\n\n\n<p>En la Ciudad de M\u00e9xico se dio cita a una manifestaci\u00f3n pac\u00edfica frente a la embajada de Israel, donde alrededor de 200 personas se concentraron para pedir justicia por la libertad de las y los palestinos, llamando a las autoridades a cortar toda relaci\u00f3n con Israel con la intenci\u00f3n de visibilizar el desacuerdo ante el genocidio palestino y la exigencia mundial para que se consiga un cese al fuego inmediato y permanente.&nbsp;<\/p>\n\n\n\n<p>A la embajada acudieron diversos manifestantes con veladoras blancas, mantas con consignas y banderas de Palestina. Despu\u00e9s de clamar justicia y libertad para las ni\u00f1as y ni\u00f1os palestinos, se guardaron 21.5 minutos de silencio como s\u00edmbolo de luto por los 215 d\u00edas que han transcurrido desde el inicio del genocidio en Gaza.&nbsp;<\/p>\n\n\n\n<figure class=\"wp-block-image\"><a href=\"https:\/\/avispa.org\/wp-content\/uploads\/2024\/05\/ProtestasPalestinaMx-16.jpeg\"><img decoding=\"async\" src=\"https:\/\/avispa.org\/wp-content\/uploads\/2024\/05\/ProtestasPalestinaMx-16-1024x683.jpeg\" alt=\"\" class=\"wp-image-115809\"\/><\/a><\/figure>\n\n\n\n<p>Pasadas dos horas de protesta, la movilizaci\u00f3n continu\u00f3 su camino por Paseo de la Reforma con el fin de crear un convoy seguro para el regreso de todas y todos los manifestantes, y para hacer m\u00e1s visible el rechazo a la guerra de Israel contra el pueblo palestino.&nbsp;<\/p>\n\n\n\n<figure class=\"wp-block-image\"><a href=\"https:\/\/avispa.org\/wp-content\/uploads\/2024\/05\/ProtestasPalestinaMx-8.jpeg\"><img decoding=\"async\" src=\"https:\/\/avispa.org\/wp-content\/uploads\/2024\/05\/ProtestasPalestinaMx-8-1024x683.jpeg\" alt=\"\" class=\"wp-image-115801\"\/><\/a><\/figure>\n\n\n\n<p>Esto ocurre tras el asesinato de m\u00e1s de 35,000 v\u00edctimas y el actual acorralamiento en la zona de Rafah tras la evacuaci\u00f3n de la \u00faltima \u00e1rea que resguardaba al menos a 80,000 personas, las cuales ya hab\u00edan sido desplazadas anteriormente.&nbsp;<\/p>\n\n\n\n<figure class=\"wp-block-image\"><a href=\"https:\/\/avispa.org\/wp-content\/uploads\/2024\/05\/ProtestasPalestinaMx-1.jpeg\"><img decoding=\"async\" src=\"https:\/\/avispa.org\/wp-content\/uploads\/2024\/05\/ProtestasPalestinaMx-1-1024x683.jpeg\" alt=\"\" class=\"wp-image-115794\"\/><\/a><\/figure>\n\n\n\n<p>Durante la caminata, algunas vallas que se encontraban cercando la embajada de Israel en M\u00e9xico fueron desplegadas y arrastradas durante el trayecto como s\u00edmbolo de la lucha por derribar los muros fronterizos y el peso que los miles de palestinos han cargado durante estos meses para sobrevivir.&nbsp;<\/p>\n","protected":false},"excerpt":{"rendered":"<p>Fuente: Avispa Midia por Yazvelin Alinares Nardo&nbsp; Despu\u00e9s de que el 6 de mayo de 2024 Israel ordenara la evacuaci\u00f3n de los palestinos que viv\u00edan en la ciudad de Rafah, anteriormente llamada &#8220;zona segura&#8221;, se presentaron diversas manifestaciones alrededor del mundo.&nbsp; En la Ciudad de M\u00e9xico se dio cita a una manifestaci\u00f3n pac\u00edfica frente a [&hellip;]<\/p>\n","protected":false},"author":21,"featured_media":48136,"comment_status":"open","ping_status":"closed","sticky":false,"template":"","format":"standard","meta":{"footnotes":""},"categories":[957,51,826,958,954,953,935],"tags":[58,1439,53,147,23,545,87,148,27,483],"class_list":["post-48135","post","type-post","status-publish","format-standard","has-post-thumbnail","hentry","category-autonomia","category-autor","category-medios-libres-2","category-megaproyectos","category-mexico","category-mundo","category-temas","tag-derechos-humanos","tag-genocidio","tag-justicia","tag-militarizacion","tag-paramilitares","tag-pueblos-indigenas","tag-represion","tag-resistencia","tag-solidaridad","tag-tierra-y-territorio"],"_links":{"self":[{"href":"https:\/\/radiozapatista.org\/index.php?rest_route=\/wp\/v2\/posts\/48135","targetHints":{"allow":["GET"]}}],"collection":[{"href":"https:\/\/radiozapatista.org\/index.php?rest_route=\/wp\/v2\/posts"}],"about":[{"href":"https:\/\/radiozapatista.org\/index.php?rest_route=\/wp\/v2\/types\/post"}],"author":[{"embeddable":true,"href":"https:\/\/radiozapatista.org\/index.php?rest_route=\/wp\/v2\/users\/21"}],"replies":[{"embeddable":true,"href":"https:\/\/radiozapatista.org\/index.php?rest_route=%2Fwp%2Fv2%2Fcomments&post=48135"}],"version-history":[{"count":1,"href":"https:\/\/radiozapatista.org\/index.php?rest_route=\/wp\/v2\/posts\/48135\/revisions"}],"predecessor-version":[{"id":48137,"href":"https:\/\/radiozapatista.org\/index.php?rest_route=\/wp\/v2\/posts\/48135\/revisions\/48137"}],"wp:featuredmedia":[{"embeddable":true,"href":"https:\/\/radiozapatista.org\/index.php?rest_route=\/wp\/v2\/media\/48136"}],"wp:attachment":[{"href":"https:\/\/radiozapatista.org\/index.php?rest_route=%2Fwp%2Fv2%2Fmedia&parent=48135"}],"wp:term":[{"taxonomy":"category","embeddable":true,"href":"https:\/\/radiozapatista.org\/index.php?rest_route=%2Fwp%2Fv2%2Fcategories&post=48135"},{"taxonomy":"post_tag","embeddable":true,"href":"https:\/\/radiozapatista.org\/index.php?rest_route=%2Fwp%2Fv2%2Ftags&post=48135"}],"curies":[{"name":"wp","href":"https:\/\/api.w.org\/{rel}","templated":true}]}}