{"id":4813,"date":"2011-12-09T14:35:31","date_gmt":"2011-12-09T20:35:31","guid":{"rendered":"https:\/\/radiozapatista.org\/?p=4813"},"modified":"2011-12-09T14:35:31","modified_gmt":"2011-12-09T20:35:31","slug":"pronunciamiento-del-foro-regional-por-la-defensa-de-los-derechos-humanos-2","status":"publish","type":"post","link":"https:\/\/radiozapatista.org\/?p=4813","title":{"rendered":"Pronunciamiento del Foro Regional por la Defensa de los Derechos Humanos"},"content":{"rendered":"<p>San Crist\u00f3bal de Las  Casas, a 9 de diciembre de 2011<\/p>\n<p><strong>Pronunciamiento del  Foro Regional por la Defensa de los Derechos Humanos<\/strong><\/p>\n<p>Reunidos en el marco  del d\u00eda internacional de los derechos humanos, los d\u00edas 8 y 9 de diciembre de  2011, para discutir las problem\u00e1ticas y los desaf\u00edos para la vigencia de los  derechos humanos en la regi\u00f3n, las defensoras y defensores de derechos humanos  de las organizaciones participantes hacemos el siguiente  pronunciamiento.<\/p>\n<p>Constatamos que la  vida de las comunidades ind\u00edgenas y campesinas presenta varias amenazas frente  al deterioro y despojo de los territorios y sus bienes naturales, generando una  mayor pobreza y rompimiento del tejido social que se traduce en una creciente  emigraci\u00f3n y descontento. A la vez, vemos como las pol\u00edticas restrictivas de  migraci\u00f3n generan en nuestra frontera sur y hacia el norte del pa\u00eds, condiciones  de graves violaciones a derechos fundamentales, atentando contra la vida, la  integridad f\u00edsica y la libertad de personas transmigrantes por parte de agentes  estatales o por grupos criminales solapados por los primeros. El descontento y  la indignaci\u00f3n han generado respuestas organizadas de protesta social que sin  embargo son fuertemente reprimidas por las fuerzas de seguridad o por la v\u00eda  judicial, particularmente en contra de defensoras y defensores de derechos  humanos.<\/p>\n<p><span style=\"text-decoration: underline\">En cuanto a la  defensa de los territorios de comunidades ind\u00edgenas y campesinas y al derecho a  la libre determinaci\u00f3n:<\/span><\/p>\n<p>Constatamos las  amenazas que tanto el gobierno de Chiapas, el gobierno federal y empresas  particulares, constituyen para la integridad de los territorios de pueblos  ind\u00edgenas y campesinos, y de sus formas de vida.<\/p>\n<p>Expresamos nuestra  preocupaci\u00f3n por la latente reactivaci\u00f3n de la mina en Chicomuselo, Chiapas cuya  concesi\u00f3n se encuentra en manos de una empresa minera canadiense y que seg\u00fan  rumores habr\u00eda sido traspasada a una empresa de capital chino. La operaci\u00f3n de  esta mina ha afectado el medio ambiente de las comunidades aleda\u00f1as y no ha  respetado el derecho a la consulta de los pobladores, por lo que nos sumamos a  las organizaciones locales que exigen la cancelaci\u00f3n de los permisos de  explotaci\u00f3n.<\/p>\n<p>Rechazamos el  programa REDD Plus impulsado por el gobierno chiapaneco y el gobierno federal,  porque implica la mercantilizaci\u00f3n y privatizaci\u00f3n de un bien com\u00fan como lo es  el aire puro y porque se ha instrumentado como parte de la estrategia de despojo  territorial y despojo social en la Selva Lacandona, que implica el desalojo y la  reubicaci\u00f3n forzosa de 40 comunidades ind\u00edgenas.<\/p>\n<p>Nos pronunciamos en  contra de la continuidad de la pol\u00edtica de construcci\u00f3n de ciudades rurales  porque afectan las formas tradicionales de producci\u00f3n y de formas de vida de la  poblaci\u00f3n local, adem\u00e1s de no aportar al mejoramiento en el acceso a servicios  como ha sido pretextado. Expresamos nuestra preocupaci\u00f3n por que esta pol\u00edtica  de reubicaci\u00f3n, sea una forma velada de desplazamiento forzado a favor de  intereses econ\u00f3micos ajenos a las comunidades afectadas, como es el caso del  anuncio de la construcci\u00f3n de la quinta presa sobre el R\u00edo Grijalva en el  municipio de Copainal\u00e1 y la construcci\u00f3n de una Ciudad Rural en el mismo  municipio, o la Ciudad Rural en Ixhuat\u00e1n en construcci\u00f3n donde se han denunciado  presuntas prospecciones mineras.<\/p>\n<p>Exigimos sea atendida  la recomendaci\u00f3n del Relator Especial de Naciones Unidas para el Derecho a la  Alimentaci\u00f3n, en su reciente visita a Chiapas para que dichas ciudades sean  evaluadas desde par\u00e1metros de derechos humanos, incluidos los derechos  econ\u00f3micos, sociales, culturales, y de Pueblos Ind\u00edgenas.<\/p>\n<p>Nos sumamos a la  exigencia de tarifas justas de electricidad, dado que la pol\u00edtica de cobro  irracional e injustificado de la CFE, da\u00f1an enormemente la econom\u00eda familiar de  familias sumidas en la pobreza extrema y promueve la divisi\u00f3n y deterioro del  tejido social. Mientras ella ocurra sostenemos que les sustenta el leg\u00edtimo  derecho a la resistencia civil y pac\u00edfica de comunidades campesinas, ind\u00edgenas y  urbanas, y las alentamos a fortalecer sus lazos solidarios.<\/p>\n<p>Denunciamos el  terrible deterioro ecol\u00f3gico de los Pantanos de Centla, hogar de nuestros  hermanos mayas chontales, cuyas tradiciones culturales ligadas a la madre tierra  tambi\u00e9n se han visto afectadas por la explotaci\u00f3n descuidada de PEMEX  contamin\u00e1ndolos; la mala administraci\u00f3n del manejo hidr\u00e1ulico del gobierno del  Estado y CONAGUA, que han desviado el agua del municipio de Villahermosa hacia  los Pantanos, obligando a los pobladores a permanecer inundados pr\u00e1cticamente de  manera permanente por cinco a\u00f1os consecutivos.<\/p>\n<p>Nos solidarizamos con  la lucha de la Asamblea de Pueblos  Ind\u00edgenas del Istmo de Tehuantepec en Defensa de la Tierra y el Territorio  (APIITDTT) en contra de las empresas e\u00f3licas de capital espa\u00f1ol, que bajo el  pretexto de la energ\u00eda verde y a trav\u00e9s de supuestas empresas mexicanas,  despojan a los campesinos zapotecos de sus tierras y territorios; de igual modo  nos solidarizamos con la lucha por la tierra ancestral de los  hermanos zoques en la Regi\u00f3n de los Chimalapas y hacemos votos por que las  comunidades hoy enfrentadas por los gobiernos de Chiapas y Oaxaca, encuentren  los acuerdos de convivencia pac\u00edfica que han buscado.<\/p>\n<p>Saludamos la batalla  ganada por la comunidad ind\u00edgena de Cher\u00e1n al hacer valer sus derechos pol\u00edticos  como pueblo Ind\u00edgena ante el sistema corrupto de partidos, hacemos votos por que  su ejemplo sea seguido por muchos m\u00e1s. A la par repudiamos los asesinatos  sistem\u00e1ticos en contra de sus representantes comunitarios y la ineptitud de los  gobiernos federal y de Michoac\u00e1n para detener a los culpables y brindarles  protecci\u00f3n.<\/p>\n<p><span style=\"text-decoration: underline\">En cuanto a las  problem\u00e1ticas de migraci\u00f3n<\/span>:<\/p>\n<p>Es indudable que la  movilidad humana se presenta de manera forzada; ya que la pobreza y la  marginaci\u00f3n de las comunidades y pa\u00edses de origen hacen que las personas  emprendan un viaje en el que gracias a la criminalizaci\u00f3n, la falta de  protecci\u00f3n y limitada atenci\u00f3n integral a la poblaci\u00f3n migrante, se ponen en  riesgo derechos fundamentales como el de la vida y la libertad.<\/p>\n<p>A unos meses de  haberse aprobado la Ley de Migraci\u00f3n y en medio del proceso para el dise\u00f1o del  reglamento a la misma, las organizaciones de la sociedad civil contin\u00faan  exigiendo una participaci\u00f3n en el dise\u00f1o, implementaci\u00f3n y monitoreo de  pol\u00edticas p\u00fablicas, nos solidarizamos con las exigencias de desvincular el tema  de seguridad nacional al tema migratorio ya que de esta manera se promueve la  criminalizaci\u00f3n de la migraci\u00f3n y de personas defensoras, adem\u00e1s de que alienta  la impunidad y la discrecionalidad de las autoridades de distintos niveles y de  diversas corporaciones.<\/p>\n<p>Las condiciones en  las que se da la migraci\u00f3n ponen en riesgo los derechos no s\u00f3lo de quien migra,  sino de mujeres, ni\u00f1as, ni\u00f1os y adolescentes que se quedan en comunidades de  origen a realizar actividades vulnerando otros derechos como los de la  identidad, la autodeterminaci\u00f3n, la salud, el trabajo en condiciones dignas,  justas y equitativas, la educaci\u00f3n, entre otros.<\/p>\n<p>Tambi\u00e9n son bien  conocidos los riesgos a los que se enfrentan migrantes centroamericanos que en  b\u00fasqueda de mejores oportunidades de vida, se enfrentan a actos como el  secuestro y las desapariciones, en los cuales muchas veces existe connivencia  entre distintas autoridades y el crimen organizado, adem\u00e1s de enfrentarse a  privaciones de libertad en donde los derechos de debido proceso son violentados  de manera reiterada. Esto agudiza y promueve un ambiente de discriminaci\u00f3n,  incertidumbre y violencia sistematizada e institucional hacia las personas  migrantes y hacia defensoras y defensores de derechos humanos.<\/p>\n<p>Otras situaciones que  no son ajenas para los gobiernos de Estados Unidos y M\u00e9xico, es la falta de  acceso a derechos fundamentales como a la salud, condiciones dignas, justas y  equitativas de trabajo, vivienda, identidad, acceso a programas sociales, entre  otros; debido en muchas ocasiones a la condici\u00f3n migratoria, la raza, la  nacionalidad y\/o el color de piel.<\/p>\n<p>Finalmente se hace un  llamado a los gobiernos de los pa\u00edses de origen, tr\u00e1nsito y destino para que se  retome el tema migratorio desde una perspectiva de derechos humanos y  desarrollo, y se conciba como una responsabilidad compartida la cual debe ser  abordada de manera interinstitucional, partiendo de los principios de  universalidad e interdependencia de los derechos.<\/p>\n<p><span style=\"text-decoration: underline\">Relativo a la  situaci\u00f3n de j\u00f3venes<\/span>,<\/p>\n<p>Reconocemos  que es necesario empezar a construir relaciones de respeto con las y los  j\u00f3venes, donde se les reconozca como sujetos de derechos, individuos aut\u00f3nomos y  con capacidad de decisi\u00f3n y autodeterminaci\u00f3n sobre sus proyectos de  vida.<\/p>\n<p>Identificamos  que, aun cuando hay condiciones estructurales, como la violencia intrafamiliar e  institucional, que impiden las relaciones sim\u00e9tricas entre generaciones, es  indispensable tender puentes que aminoren la brecha entre j\u00f3venes y adultos.  Canales de comunicaci\u00f3n que permitan transmitir la cultura y los modos de vida  que pueden garantizar la continuidad de nuestras comunidades y la construcci\u00f3n  de lazos solidarios entre generaciones.<\/p>\n<p>Por  otro lado, hacemos un llamado a la necesidad de incorporar a las y los j\u00f3venes a  los espacios de toma de decisiones, p\u00fablicos y privados, para comenzar a  construir proyectos que, verdaderamente, les involucren y con los que se  identifiquen.<\/p>\n<p>Concluimos  que las problem\u00e1ticas de la juventud son asuntos p\u00fablicos que nos competen a  todos y que no pueden resolverse s\u00f3lo desde el trabajo con grupos de j\u00f3venes.  Ante las situaciones de discriminaci\u00f3n, criminalizaci\u00f3n y hostigamiento hacia  las y los j\u00f3venes, no podemos permanecer callados como sociedad civil.  Enfatizamos el hostigamiento y persecuci\u00f3n de la que son objeto j\u00f3venes en su  labor como defensores de derechos humanos. Nos solidarizamos con j\u00f3venes  defensores como el compa\u00f1ero <em>Nataniel Hern\u00e1ndez N\u00fa\u00f1ez<\/em>, Director del  Centro de Derechos Humanos Digna Ochoa, quien esta exiliado por tener 5 procesos  penales construidos por el gobierno, ante ello exigimos la cancelaci\u00f3n de todos  los procesos, ya que estos demuestran la represi\u00f3n y el hostigamiento hacia su  trabajo como defensor.<\/p>\n<p><span style=\"text-decoration: underline\">En  cuanto a las mujeres y las relaciones de g\u00e9nero<\/span>:<\/p>\n<p>Reconocemos  que la inequidad entre hombres y mujeres persiste aun a pesar del discurso  pol\u00edtico gubernamental, que se refleja a trav\u00e9s de la discriminaci\u00f3n y la  violencia estructural hacia las mujeres, ante esto somos un grupo de  organizaciones en un proceso de construcci\u00f3n y transformaci\u00f3n, quienes  reivindicamos cada una nuestro propio proceso organizativo retomando y  trabajando los cinco temas de cada mesa, reconociendo la autonom\u00eda a la que  tenemos derecho.<\/p>\n<p>A  pesar de que el Estado hostiga, obstaculiza y reprime los procesos sociales, no  impedir\u00e1 que las y los defensores de derechos humanos continuemos acompa\u00f1ando  procesos organizativos en la b\u00fasqueda de la transformaci\u00f3n para lograr la  autonom\u00eda individual y colectiva.<\/p>\n<p><span style=\"text-decoration: underline\">Finalmente, <\/span><\/p>\n<p>Exigimos  a las autoridades poner un alto al hostigamiento y criminalizaci\u00f3n hacia  defensoras y defensores de migrantes que realizan su labor ya sea de manera  individual o a trav\u00e9s de casas, albergues y centros de derechos humanos. Nos  solidarizamos en particular con Fray Tom\u00e1s Gonz\u00e1lez, director de la Casa del  Migrante \u201cLa 72\u201d y del Centro de Derechos Humanos del Usumacinta en Tenosique,  Tabasco, que ha sido hostigado por funcionarios de migraci\u00f3n y del ej\u00e9rcito  mexicano, as\u00ed mismo con el padre Alejandro Solalinde y la Casa del Migrante en  Ixtepec, Oaxaca.<\/p>\n<p>Repudiamos  los asesinatos, amenazas y hostigamientos a las y los periodistas, ocurridos a  manos de autoridades o del crimen organizado. La labor de las y los periodistas  no s\u00f3lo es el ejercicio de la libertad de expresi\u00f3n, en muchas ocasiones es  tambi\u00e9n una forma de defensa de los derechos humanos. Expresamos nuestra  solidaridad con el periodista Juan Ignacio Ch\u00e1vez L\u00f3pez, Director del noticiero  NN de Frontera y Centla, Tabasco, quien fue golpeado por el presidente municipal  de Centla, Aquiles Reyes Quir\u00f3z el d\u00eda 14 de noviembre, en represalia por las  denuncias que ha hecho por la corrupci\u00f3n que se maneja en la administraci\u00f3n.<\/p>\n<p><strong>La  defensa de los derechos humanos es la defensa por la vida de nuestros pueblos,  en libertad, justicia y equidad.<\/strong><\/p>\n<p>Iniciativas para la  Identidad y la Inclusi\u00f3n AC (INICIA)<\/p>\n<p>Unidos para Trabajar,  S.P.R<\/p>\n<p>Centro de Derechos  Humanos Oralia Morales<\/p>\n<p>Centro de Derechos  Humanos Fray Mat\u00edas de C\u00f3rdova, A.C.<\/p>\n<p>Centro de Derechos  Humanos Digna Ochoa AC<\/p>\n<p>Centro\u00a0 de Derechos  Humanos Fray Bartolom\u00e9 de Las Casas AC<\/p>\n<p>Consejo Aut\u00f3nomo  Regional de la Zona Costa de Chiapas (CARZCCH)<\/p>\n<p>Enlace, Comunicaci\u00f3n  y Capacitaci\u00f3n, A.C.<\/p>\n<p>Casa de la Mujer Ixim  Antsetic, A. C.<\/p>\n<p>Frente C\u00edvico  Tonalteco<\/p>\n<p>Organizaci\u00f3n Cultural  Ind\u00edgena<\/p>\n<p>Grupo 67 de Amnist\u00eda  Internacional M\u00e9xico<\/p>\n<p>Melel Xojobal  A.C.<\/p>\n<p>Centro de Educaci\u00f3n  Integral de Base, A.C. (CEIBA)<\/p>\n<p>Voces Mesoamericanas,  Acci\u00f3n con Pueblos Migrantes, A.C.<\/p>\n<p>Yach\u00b4il  Antzetic<\/p>\n<p>Colectivo  ADHESIVA<\/p>\n<p>Ixiktak Yinikoj Aj  Juche Buka, A.C.<\/p>\n<p>Mesa de Coordinaci\u00f3n  Transfronteriza, Migraciones y G\u00e9nero<\/p>\n<p>Maderas de Pueblo del  Sureste, A.C.<br \/>\n&#8212;<br \/>\nMichael. W. Chamberlin<\/p>\n<p>&#8212;<br \/>\n<strong>Melissa  A. V\u00e9rtiz Hern\u00e1ndez<\/strong><br \/>\n<em>Encargada de incidencia<\/em><br \/>\nCentro de Derechos  Humanos Fray Mat\u00edas de C\u00f3rdova, A.C.<br \/>\n1ra Norte #37, Col. Centro. C.P.  30700<br \/>\nTapachula, Chiapas<br \/>\nTel. 01 (962) 642 50 98<\/p>","protected":false},"excerpt":{"rendered":"<p>San Crist\u00f3bal de Las Casas, a 9 de diciembre de 2011 Pronunciamiento del Foro Regional por la Defensa de los Derechos Humanos Reunidos en el marco del d\u00eda internacional de los derechos humanos, los d\u00edas 8 y 9 de diciembre de 2011, para discutir las problem\u00e1ticas y los desaf\u00edos para la vigencia de los derechos [&hellip;]<\/p>\n","protected":false},"author":1,"featured_media":0,"comment_status":"open","ping_status":"open","sticky":false,"template":"","format":"standard","meta":{"footnotes":""},"categories":[183],"tags":[16,58,56,53,30,37,87,148,27,97],"class_list":["post-4813","post","type-post","status-publish","format-standard","hentry","category-blog","tag-ciudades-rurales","tag-derechos-humanos","tag-encuentros","tag-justicia","tag-migracion","tag-presos-politicos","tag-represion","tag-resistencia","tag-solidaridad","tag-territorio"],"_links":{"self":[{"href":"https:\/\/radiozapatista.org\/index.php?rest_route=\/wp\/v2\/posts\/4813","targetHints":{"allow":["GET"]}}],"collection":[{"href":"https:\/\/radiozapatista.org\/index.php?rest_route=\/wp\/v2\/posts"}],"about":[{"href":"https:\/\/radiozapatista.org\/index.php?rest_route=\/wp\/v2\/types\/post"}],"author":[{"embeddable":true,"href":"https:\/\/radiozapatista.org\/index.php?rest_route=\/wp\/v2\/users\/1"}],"replies":[{"embeddable":true,"href":"https:\/\/radiozapatista.org\/index.php?rest_route=%2Fwp%2Fv2%2Fcomments&post=4813"}],"version-history":[{"count":0,"href":"https:\/\/radiozapatista.org\/index.php?rest_route=\/wp\/v2\/posts\/4813\/revisions"}],"wp:attachment":[{"href":"https:\/\/radiozapatista.org\/index.php?rest_route=%2Fwp%2Fv2%2Fmedia&parent=4813"}],"wp:term":[{"taxonomy":"category","embeddable":true,"href":"https:\/\/radiozapatista.org\/index.php?rest_route=%2Fwp%2Fv2%2Fcategories&post=4813"},{"taxonomy":"post_tag","embeddable":true,"href":"https:\/\/radiozapatista.org\/index.php?rest_route=%2Fwp%2Fv2%2Ftags&post=4813"}],"curies":[{"name":"wp","href":"https:\/\/api.w.org\/{rel}","templated":true}]}}