{"id":48089,"date":"2024-05-08T05:49:29","date_gmt":"2024-05-08T11:49:29","guid":{"rendered":"https:\/\/radiozapatista.org\/?p=48089"},"modified":"2024-05-08T10:29:56","modified_gmt":"2024-05-08T16:29:56","slug":"alto-al-hostigamiento-judicial-contra-el-activista-diego-garcia-bautista","status":"publish","type":"post","link":"https:\/\/radiozapatista.org\/?p=48089","title":{"rendered":"Alto al hostigamiento judicial contra el activista Diego Garc\u00eda Bautista"},"content":{"rendered":"\n<p><strong>Pronunciamiento en solidaridad y exigencia de un cese a los actos de persecuci\u00f3n pol\u00edtica<\/strong><\/p>\n\n\n\n<p><strong>07 de mayo de 2024<\/strong><\/p>\n\n\n\n<p>El 3 de mayo de 2024 el activista Diego Garc\u00eda Bautista dio a conocer que durante estas semanas ha sido amedrentado en su domicilio por elementos de la polic\u00eda de investigaci\u00f3n y que adem\u00e1s han recibido visitas similares en la Casa de los Pueblos \u201cSamir Flores Soberanes\u201d ubicada en Benito Ju\u00e1rez, Ciudad de M\u00e9xico. Estos actos nos colocan en un estado de alerta ante posibles repercusiones del gobierno en turno como consecuencia del activismo y la defensa que durante a\u00f1os ha llevado a cabo nuestro compa\u00f1ero, en pro de los pueblos originarios y su derecho a la vivienda digna.<\/p>\n\n\n\n<p>Esta muestra de persecuci\u00f3n pol\u00edtica nos alerta ante presuntas carpetas de investigaci\u00f3n u \u00f3rdenes de aprehensi\u00f3n giradas en contra de nuestro compa\u00f1ero Diego Garc\u00eda Bautista, coloc\u00e1ndolo en riesgo a \u00e9l y a sus c\u00edrculos cercanos m\u00e1s inmediatos. Denunciamos que esta criminalizaci\u00f3n de la lucha social est\u00e1 estrechamente vinculada con la toma del Instituto Nacional de los Pueblos Ind\u00edgenas (INPI) desde octubre de 2020.<\/p>\n\n\n\n<p>Responsabilizamos directamente de estas acciones represivas a Adelfo Regino Montes, titular del INPI, pues en abril de 2021 se\u00f1al\u00f3 que exist\u00edan denuncias penales contra quienes ocuparon dichas instalaciones. Manifestamos nuestra preocupaci\u00f3n ante estos actos, que m\u00e1s all\u00e1 de mostrar una voluntad pol\u00edtica del gobierno solo complejizan y vulneran la situaci\u00f3n en la que se encuentra la Comunidad Ind\u00edgena Otom\u00ed.&nbsp;<\/p>\n\n\n\n<p>Nos preocupa un elemento m\u00e1s. En recientes d\u00edas han acudido personas autodenominadas como \u201cServidores de la Naci\u00f3n\u201d con carpetas de la Fiscal\u00eda de Justicia de la Ciudad de M\u00e9xico y escoltados por una patrulla de la Secretar\u00eda de Seguridad P\u00fablica de la CDMX. En la puerta de la Casa de los Pueblos \u201cSamir Flores Soberanes\u201d afirmaron que ah\u00ed se vio por \u00faltima vez a al menos 8 personas menores de edad desaparecidas entre 2019 y 2023<\/p>\n\n\n\n<p>Le preguntamos al gobierno \u00bfQu\u00e9 buscan con estos actos? \u00bfJustificar una entrada para ahora s\u00ed desalojar a quienes mantienen tomada la Casa de los Pueblos? Eso que intentaron el 16 de octubre de 2023, cuando m\u00e1s de 500 elementos policiacos intentaron desalojar la toma, golpearon a ni\u00f1@s, mujeres, hombres y periodistas; no obstante, en d\u00edas posteriores un grupo de choque accion\u00f3 sus armas de fuego contra ell@s, \u00a1No olvidamos!<\/p>\n\n\n\n<p>La actuaci\u00f3n del Gobierno de la Ciudad de M\u00e9xico y el Gobierno Federal evidencian un nulo inter\u00e9s por otorgar una resoluci\u00f3n ante la demanda de vivienda que durante m\u00e1s de tres a\u00f1os ha mantenido la Comunidad a trav\u00e9s de la toma del edificio antes denominado como oficina central del INPI. Reprobamos estos actos de intimidaci\u00f3n, hostigamiento y represalias por motivos pol\u00edticos.&nbsp;<\/p>\n\n\n\n<p>Reconocemos su trabajo en defensa del agua y la vida. Las acciones en su contra afectan directamente los derechos de los pueblos ind\u00edgenas, por la labor que ha realizado nuestro compa\u00f1ero Diego Garc\u00eda Bautista.<\/p>\n\n\n\n<p>Lo reconocemos como defensor del derecho a la vivienda y su constante demanda por el derecho a la Ciudad que hist\u00f3ricamente ha sido negada para los pueblos originarios. Quienes hemos trabajado de cerca con \u00e9l sabemos de su compromiso y labor hist\u00f3rica en defensa de los derechos humanos y su convicci\u00f3n por la presentaci\u00f3n de los desaparecid@s, especialmente por la presentaci\u00f3n con vida de los 43 normalistas de Ayotzinapa.&nbsp;<\/p>\n\n\n<p><!--more--><\/p>\n\n\n<p>Conocemos su caminar y acompa\u00f1amiento en la lucha y resistencia contra el despojo de los pueblos y comunidades del Congreso Nacional Ind\u00edgena (CNI)\/CIG. Reconocemos su convicci\u00f3n y decidida entrega, no solo acompa\u00f1ando, sino haciendo suya la lucha zapatista.&nbsp;<\/p>\n\n\n\n<p>Finalmente hacemos un llamado a los colectivos, a las organizaciones, a las redes, a los pueblos originarios, a las comunidades ind\u00edgenas, a l@s trabajador@s, a l@s acad\u00e9mic@s, a&nbsp; l@s intelectuales, a l@s artistas, a las diversidades, a las mujeres que de por s\u00ed luchan y resisten; a tod@s l@s que de por s\u00ed resisten a la tormenta capitalista, para que sin importar sus calendarios y geograf\u00edas, sigan suscribiendo esta denuncia contra la criminalizaci\u00f3n a la lucha social.<\/p>\n\n\n\n<p>Firma directamente en este formulario: <a href=\"https:\/\/forms.gle\/pBM7uHfdSnMRkspj7\">https:\/\/forms.gle\/pBM7uHfdSnMRkspj7<\/a> o bien, haz llegar tu firma al correo regeneracion.radio@gmail.com indicando los siguientes datos:<\/p>\n\n\n\n<p>1.- Nombre de la organizaci\u00f3n o nombre personal [Tal cual aparecer\u00e1 en la lista de&nbsp; firmas]<\/p>\n\n\n\n<p>2.- Categor\u00eda. Solo seleccionar una opci\u00f3n. Si firmas como persona, elije la casilla Individu@s. Si firmas como agrupaci\u00f3n, elije cualquiera de las otras tres opciones.&nbsp;<\/p>\n\n\n\n<ol class=\"wp-block-list\">\n<li>Individu@s<\/li>\n\n\n\n<li>Organizaciones y colectivos<\/li>\n\n\n\n<li>Redes y articulaciones<\/li>\n\n\n\n<li>Organizaciones Internacionales<\/li>\n<\/ol>\n\n\n\n<p>3.- Correo electr\u00f3nico<\/p>\n\n\n\n<p><strong>Si tocan a un@, nos tocan a tod@s<\/strong><\/p>\n\n\n\n<p><strong>FIRMAS:<\/strong><\/p>\n\n\n<!--more-->\n<p>Ma. De Jes\u00fas Patricio Mart\u00ednez\u00a0Carlos Gonz\u00e1lez Garc\u00eda<\/p>\n\n\n\n<p><strong>Comisi\u00f3n de Coordinaci\u00f3n del Congreso Nacional Ind\u00edgena\/Concejo Ind\u00edgena de Gobierno (CNI-CIG)<\/strong><\/p>\n\n\n\n<p><strong>REDES Y ARTICULACIONES:<\/strong><\/p>\n\n\n\n<p>Coordinaci\u00f3n Metropolitana Anticapitalista y Antipatriarcal con el CIG: Comunidad Ind\u00edgena Otom\u00ed residente en la Ciudad de M\u00e9xico \/ Caf\u00e9 \u201cZapata Vive\u201d \/ UPREZ Benito Ju\u00e1rez \/ SUTIEMS (Sindicato de la Uni\u00f3n de Trabajadores del Instituto de Educaci\u00f3n Media Superior de la Ciudad de M\u00e9xico) \/ Laboratorio Popular de Medios Libres \/ Regeneraci\u00f3n Radio \/ Noticias de Abajo \/ Brigada de Salud Zapatista Pantitl\u00e1n \/ Escuelita Aut\u00f3noma Otom\u00ed \/ Frente Xonacatl\u00e1n en Resistencia\/ Individu@s: Roxana Bolio, Roberto Rodr\u00edguez Contreras \u201cGato\u201d, John Pablo Almar\u00e1z (cantautor) y 33.<\/p>\n\n\n\n<p>La difusi\u00f3n existe y resiste<\/p>\n\n\n\n<p>Mujeres y la Sexta<\/p>\n\n\n\n<p>RAIS (RED DE APOYO IZTAPALAPA SEXTA).&nbsp;<\/p>\n\n\n\n<p>Red de Resistencias y Rebeldias AJMAQ&nbsp;<\/p>\n\n\n\n<p>Red Universitaria Anticapitalista&nbsp;<\/p>\n\n\n\n<p><strong>PERSONALIDADES Y ARTISTAS:<\/strong><\/p>\n\n\n\n<p>&nbsp;Am\u00e8le Roux<\/p>\n\n\n\n<p>Adriana Malvido<\/p>\n\n\n\n<p>Alicia Castellanos<\/p>\n\n\n\n<p>\u00c1ngeles Era\u00f1a<\/p>\n\n\n\n<p>Argelia Guerrero<\/p>\n\n\n\n<p>Barbara&nbsp; Zamora<\/p>\n\n\n\n<p>Christine Pellicane<\/p>\n\n\n\n<p>Daniel Gimenez Cacho&nbsp;<\/p>\n\n\n\n<p>Diego Enrique Osorno<\/p>\n\n\n\n<p>Gilberto L\u00f3pez y Rivas<\/p>\n\n\n\n<p>Jacobo Day\u00e1n<\/p>\n\n\n\n<p>Luisa Riley&nbsp;<\/p>\n\n\n\n<p>Magdalena Gomez<\/p>\n\n\n\n<p>Mal\u00fa Huacuja del Toro, escritora<\/p>\n\n\n\n<p>Natalia Beristain<\/p>\n\n\n\n<p>Omar Inzunza (Gran Om)<\/p>\n\n\n\n<p>Ra\u00fal Romero Gallardo&nbsp;<\/p>\n\n\n\n<p>Sergio Rodr\u00edguez Lascano<\/p>\n\n\n\n<p><strong>ORGANIZACIONES INTERNACIONALES:<\/strong><\/p>\n\n\n\n<p>Al L\u00edmite Collective&nbsp;<\/p>\n\n\n\n<p>Asamblea Berlin<\/p>\n\n\n\n<p>Asamblea Libertaria Autoorganizada Paliacate Zapatista, Grecia&nbsp;<\/p>\n\n\n\n<p>Caracoleras<\/p>\n\n\n\n<p>CAREA e.V.<\/p>\n\n\n\n<p>Centro de Documentaci\u00f3n sobre Zapatismo (CEDOZ)<\/p>\n\n\n\n<p>CGT PViM<\/p>\n\n\n\n<p>CGT, Confederaci\u00f3n General del Trabajo&nbsp; (ESP)<\/p>\n\n\n\n<p>Chile Sin Ecocidio&nbsp;<\/p>\n\n\n\n<p>Colectivo Armadillo Finlandia&nbsp;<\/p>\n\n\n\n<p>Compagnie Tam\u00e8rantong!<\/p>\n\n\n\n<p>Ermuko komite internazionalistak (Euskal Herria)<\/p>\n\n\n\n<p>Pallasos en Rebeld\u00eda&nbsp;<\/p>\n\n\n\n<p>Schools for Chiapas\/Escuelas para Chiapas<\/p>\n\n\n\n<p>Solidarisches Mittelhessen<\/p>\n\n\n\n<p>Tatawelo Italia&nbsp;<\/p>\n\n\n\n<p>Y Retiemble! Espacio de apoyo al Congreso Nacional Ind\u00edgena (M\u00e9xico) y al EZLN desde Madrid<\/p>\n\n\n\n<p>Ya Basta Jena<\/p>\n\n\n\n<p><strong>ORGANIZACIONES Y COLECTIV@S:<\/strong><\/p>\n\n\n\n<p>12 Pueblos Originarios de Tec\u00e1mac<\/p>\n\n\n\n<p>Acordamos Vivir medio-editorial&nbsp;<\/p>\n\n\n\n<p>ANOCIP AC&nbsp;<\/p>\n\n\n\n<p>Asamblea General de Trabajadores&nbsp;<\/p>\n\n\n\n<p>Asamblea General Permanente del Pueblo de San Gregorio Atlapulco<\/p>\n\n\n\n<p>Asociaci\u00f3n de Exploraci\u00f3n Cient\u00edfica, Cultural y Recreativa. Br\u00fajula Roja<\/p>\n\n\n\n<p>Asociaci\u00f3n Ecol\u00f3gica Santo Tom\u00e1s, A.C.<\/p>\n\n\n\n<p>Cal Cases<\/p>\n\n\n\n<p>Calaveras Negras&nbsp;<\/p>\n\n\n\n<p>C\u00e1tedra Libre de Pensamiento Nuestro americano \u00abErnesto Che Guevara\u00bb<\/p>\n\n\n\n<p>Centro de Derechos Humanos Fray Bartolom\u00e9 de Las Casas<\/p>\n\n\n\n<p>Centro de Voluntaries Junax<\/p>\n\n\n\n<p>Colectiva M288, Juventud Comunista de M\u00e9xico<\/p>\n\n\n\n<p>Colectivo 16 de octubre Calpulalpan&nbsp;<\/p>\n\n\n\n<p>Colectivo 4 de Octubre, Tlaxcala&nbsp;<\/p>\n\n\n\n<p>Colectivo Aequus.- Promoci\u00f3n y Defensa de Derechos Humanos&nbsp;<\/p>\n\n\n\n<p>Colectivo Calendario Zapatista<\/p>\n\n\n\n<p>Colectivo Chicuarotes Icnohuan&nbsp;<\/p>\n\n\n\n<p>Colectivo Conciencia y Libertad&nbsp;<\/p>\n\n\n\n<p>Colectivo Contrahistorias&nbsp;<\/p>\n\n\n\n<p>Colectivo Criptopozol+DDHH&nbsp;<\/p>\n\n\n\n<p>Colectivo cultural ATANOR&nbsp;<\/p>\n\n\n\n<p>Colectivo de Telefonistas Zapatistas<\/p>\n\n\n\n<p>Colectivo Disyuntivas<\/p>\n\n\n\n<p>Colectivo H\u00edjar<\/p>\n\n\n\n<p>Colectivo la Ceiba<\/p>\n\n\n\n<p>Colectivo serpientes de agua<\/p>\n\n\n\n<p>Colectivo Tonali GAC&nbsp;<\/p>\n\n\n\n<p>Comit\u00e9 Aut\u00f3nomo de Agua Potable de San Pablo Tecalco&nbsp;<\/p>\n\n\n\n<p>Comite de Lucha UPN Ajusco<\/p>\n\n\n\n<p>Comite de madres y padres de los 43<\/p>\n\n\n\n<p>Comit\u00e9 de Sociolog\u00eda H\u00eddrica Imaginaria<\/p>\n\n\n\n<p>Comit\u00e9 Nacional para la Defensa y Conservaci\u00f3n de Los Chimalapas&nbsp;<\/p>\n\n\n\n<p>Comunidad Ind\u00edgena en Resistencia de San Francisco Xochicuautla&nbsp;<\/p>\n\n\n\n<p>Concejo Autonomo de Santiago Mexquititlan Amealco Quer\u00e9taro&nbsp;<\/p>\n\n\n\n<p>CONJUPAM A.C.<\/p>\n\n\n\n<p>Consejo Ind\u00edgena Popular de Oaxaca Ricardo Flores Mag\u00f3n CIPORFM&nbsp;<\/p>\n\n\n\n<p>Cooperativa Tlapaltik<\/p>\n\n\n\n<p>Escuelita Xipetotec&nbsp;<\/p>\n\n\n\n<p>Espacio de lucha contra el Olvido y la Represi\u00f3n&nbsp;<\/p>\n\n\n\n<p>Frente Xonacatl\u00e1n en resistencia&nbsp;<\/p>\n\n\n\n<p>Fundaci\u00f3n Apaztle, Apaxco Estado de M\u00e9xico&nbsp;<\/p>\n\n\n\n<p>Grupo de Trabajo No Estamos Todxs&nbsp;<\/p>\n\n\n\n<p>Grupo mazahua de san felipe del progreso<\/p>\n\n\n\n<p>HIJ@S DEL MAIZ PINTO TLAXCALA<\/p>\n\n\n\n<p>Igualdades AC<\/p>\n\n\n\n<p>Instituto Cultural Aut\u00f3nomo \u00abRub\u00e9n Jaramillo M\u00e9nez\u00bb, Morelos, M\u00e9xico.&nbsp;<\/p>\n\n\n\n<p>La ceiba<\/p>\n\n\n\n<p>La oveja roja Michoac\u00e1n&nbsp;<\/p>\n\n\n\n<p>La Voladora Radio&nbsp;<\/p>\n\n\n\n<p>Laboratorio Popular de Medios Libres<\/p>\n\n\n\n<p>Las y los Hijos del Ma\u00edz Pinto<\/p>\n\n\n\n<p>Lumaltik Herriak&nbsp;<\/p>\n\n\n\n<p>Maderas del Pueblo del Sureste, AC<\/p>\n\n\n\n<p>MULTI \u2013 Movimiento de Unificaci\u00f3n y Lucha Triqui Independiente&nbsp;<\/p>\n\n\n\n<p>Nodo de Derechos Humanos (NODHO)<\/p>\n\n\n\n<p>Nuestra Alegre Rebeld\u00eda&nbsp;<\/p>\n\n\n\n<p>Observatorio Memoria y Libertad&nbsp;<\/p>\n\n\n\n<p>Ocotenco Kuautlali&nbsp;<\/p>\n\n\n\n<p>Organizaci\u00f3n campesina de la sierra del sur&nbsp;<\/p>\n\n\n\n<p>Organizaci\u00f3n Pol\u00edtico Cultural CLETA&nbsp;<\/p>\n\n\n\n<p>Promedios de comunicaci\u00f3n comunitaria&nbsp;<\/p>\n\n\n\n<p>Proyecto Libre Educaci\u00f3n y Autonom\u00eda<\/p>\n\n\n\n<p>Pueblos Unidos de la Regi\u00f3n Cholulteca y de los volcanes&nbsp;<\/p>\n\n\n\n<p>Radio Chikuarote&nbsp;<\/p>\n\n\n\n<p>Radio nuestra palabra- voces cuicatecas<\/p>\n\n\n\n<p>Radio Zapatista<\/p>\n\n\n\n<p>Raices en resistencia<\/p>\n\n\n\n<p>Red Movimiento y Coraz\u00f3n Zapatista<\/p>\n\n\n\n<p>Regeneraci\u00f3n Radio<\/p>\n\n\n\n<p>Resistencia Chinampera&nbsp;<\/p>\n\n\n\n<p>Resonancias Radio<\/p>\n\n\n\n<p>Rizoma<\/p>\n\n\n\n<p>Sexta por la libre Yucat\u00e1n&nbsp;<\/p>\n\n\n\n<p>Tejiendo Organizaci\u00f3n Revolucionaria&nbsp;<\/p>\n\n\n\n<p>Unidad de Izquierda Democr\u00e1tica de Ecatepec de Morelos&nbsp;<\/p>\n\n\n\n<p>UNION DE PRODUCTORES CHALCHIHUITL<\/p>\n\n\n\n<p>Uni\u00f3n De Pueblos y Fraccionamientos contra el Basurero y en Defensa del Agua Puebla<\/p>\n\n\n\n<p>UPADI (UNION POPULAR APIZAQUENCE DEMOCRATICA E INDEPENDIENTE)<\/p>\n\n\n\n<p>Uprez Benito Ju\u00e1rez&nbsp;<\/p>\n\n\n\n<p>Vecinos del Cerro de Tecalco-Chiconauhtla&nbsp;<\/p>\n\n\n\n<p>Veredas AC<\/p>\n\n\n\n<p>VH126<\/p>\n\n\n\n<p>Wikititl\u00e1n<\/p>\n\n\n\n<p><strong>INDIVIDU@S<\/strong><\/p>\n\n\n\n<p>1<\/p>\n\n\n\n<p>Andr\u00e9s Benitez<\/p>\n\n\n\n<p>Abelina Sebastian Martinez<\/p>\n\n\n\n<p>Abigail Unzueta&nbsp;<\/p>\n\n\n\n<p>Abzurdo Ch\u00e1vez&nbsp;<\/p>\n\n\n\n<p>Adela silvestre L\u00f3pez&nbsp;<\/p>\n\n\n\n<p>Adrian Jim\u00e9nez&nbsp;<\/p>\n\n\n\n<p>Adriana O\u00f1a Toledo&nbsp;<\/p>\n\n\n\n<p>Adriana Rivera&nbsp;<\/p>\n\n\n\n<p>Agust\u00edn Maldonado&nbsp;<\/p>\n\n\n\n<p>Agustina Guardia (docente)<\/p>\n\n\n\n<p>Al-Dabi Olvera Castillo<\/p>\n\n\n\n<p>Alberto Cervantes&nbsp;<\/p>\n\n\n\n<p>Alberto Coria Jim\u00e9nez&nbsp;<\/p>\n\n\n\n<p>Alberto RManjarrez&nbsp;<\/p>\n\n\n\n<p>Alejandra Gasca Garc\u00eda&nbsp;<\/p>\n\n\n\n<p>Alejandra Ramirez O.<\/p>\n\n\n\n<p>Alejandra Vargas de la Cruz. Abogada y defensora de derechos humanos.&nbsp;<\/p>\n\n\n\n<p>Alejandro Mira Tapia<\/p>\n\n\n\n<p>Alejandro Torres Chocolatl&nbsp;<\/p>\n\n\n\n<p>Alex<\/p>\n\n\n\n<p>Alice Valenzuela&nbsp;<\/p>\n\n\n\n<p>Aline Pailler&nbsp;<\/p>\n\n\n\n<p>Ammi Stephani<\/p>\n\n\n\n<p>Ana Laura Mej\u00eda&nbsp;<\/p>\n\n\n\n<p>Ana Mar\u00eda G\u00f3mez&nbsp;<\/p>\n\n\n\n<p>Ana Mar\u00eda Vera Smith<\/p>\n\n\n\n<p>Andrea Cegna<\/p>\n\n\n\n<p>Andrea Le\u00f3n M\u00e1rquez&nbsp;<\/p>\n\n\n\n<p>Andrea Yocelin Mena Huilotl<\/p>\n\n\n\n<p>Andreas Bethmann<\/p>\n\n\n\n<p>\u00c0ngel Bosqued&nbsp;<\/p>\n\n\n\n<p>\u00c1ngel David Hernandez Juvenal&nbsp;<\/p>\n\n\n\n<p>\u00c1ngel de Jes\u00fas Mendoza Solis&nbsp;<\/p>\n\n\n\n<p>\u00c1ngel Oro<\/p>\n\n\n\n<p>Angelina Hern\u00e1ndez Pineda&nbsp;<\/p>\n\n\n\n<p>Anil\u00fa Pardo<\/p>\n\n\n\n<p>Anselma Margarito&nbsp;<\/p>\n\n\n\n<p>Antonio Citalan<\/p>\n\n\n\n<p>Antonio de Jes\u00fas Ortiz Landin \u2013 Partido de los Comunistas&nbsp;<\/p>\n\n\n\n<p>Araceli Arellano Olivera&nbsp;<\/p>\n\n\n\n<p>Araceli Lopez<\/p>\n\n\n\n<p>Arturo Meade<\/p>\n\n\n\n<p>Astrid Ruiz Terr\u00f3n<\/p>\n\n\n\n<p>BALTIMORE BELTR\u00c1N<\/p>\n\n\n\n<p>Bebito M\u00e9ndez Castro<\/p>\n\n\n\n<p>Belisario Dom\u00ednguez&nbsp;<\/p>\n\n\n\n<p>Bertha Jimenez Lopez&nbsp;<\/p>\n\n\n\n<p>Bertnard Mart\u00ed Le\u00f3n Albarr\u00e1n&nbsp;<\/p>\n\n\n\n<p>Blanca Araceli L\u00f3pez Monjes&nbsp;<\/p>\n\n\n\n<p>Blanca Ibarra<\/p>\n\n\n\n<p>Brenda Ximena Illescas Jay<\/p>\n\n\n\n<p>Carla Fern\u00e1ndez Tena<\/p>\n\n\n\n<p>Carlos Antonio Aguirre Rojas&nbsp;<\/p>\n\n\n\n<p>Carlos Ed\u00e9n Armenta<\/p>\n\n\n\n<p>Carlos Eduardo&nbsp;<\/p>\n\n\n\n<p>Carlos Rafael Couti\u00f1o Camacho&nbsp;<\/p>\n\n\n\n<p>Carlos Zaragoza&nbsp;<\/p>\n\n\n\n<p>Carolina Donaj\u00ed Angel Rocha<\/p>\n\n\n\n<p>Cayetano Estrada<\/p>\n\n\n\n<p>Celso Enr\u00edquez Rodriguez UPREZBJ&nbsp;<\/p>\n\n\n\n<p>Christian J Najera Garcia<\/p>\n\n\n\n<p>Citlali Gonz\u00e1lez&nbsp;<\/p>\n\n\n\n<p>Citlali Jim\u00e9nez&nbsp;<\/p>\n\n\n\n<p>Claudia&nbsp; Sanchez Cruz&nbsp;<\/p>\n\n\n\n<p>Claudia Sandoval&nbsp;<\/p>\n\n\n\n<p>Crist\u00f3bal Le\u00f3n Campos&nbsp;<\/p>\n\n\n\n<p>Cynthia ventura<\/p>\n\n\n\n<p>Dana\u00e9 Fonseca&nbsp;<\/p>\n\n\n\n<p>Daniel P. G\u00e1mez&nbsp;<\/p>\n\n\n\n<p>Daniel Reyes Lara&nbsp;<\/p>\n\n\n\n<p>Dario Rivera<\/p>\n\n\n\n<p>David Jim\u00e9nez&nbsp;<\/p>\n\n\n\n<p>David Sol\u00eds<\/p>\n\n\n\n<p>Diana Arangur\u00e9 Quevedo&nbsp;<\/p>\n\n\n\n<p>Diana Gonz\u00e1lez&nbsp;<\/p>\n\n\n\n<p>Diana Itzu Luna&nbsp;<\/p>\n\n\n\n<p>Diego Garc\u00eda Bautista&nbsp;<\/p>\n\n\n\n<p>Diego Pizarro<\/p>\n\n\n\n<p>Diego Sanchez Moreno<\/p>\n\n\n\n<p>Diolanda<\/p>\n\n\n\n<p>Dominique Marnas&nbsp;<\/p>\n\n\n\n<p>E Rochi<\/p>\n\n\n\n<p>Ed\u00e9n Alc\u00edbar<\/p>\n\n\n\n<p>Edith S\u00e1nchez Cruz<\/p>\n\n\n\n<p>Edna Alejandra Chantez Torres&nbsp;<\/p>\n\n\n\n<p>Eduardo S\u00e1nchez<\/p>\n\n\n\n<p>Efra\u00edn Rojas Bruschetta&nbsp;<\/p>\n\n\n\n<p>Eli Notigonario<\/p>\n\n\n\n<p>Eliud Hern\u00e1ndez Pluma&nbsp;<\/p>\n\n\n\n<p>Elvira Liceaga<\/p>\n\n\n\n<p>Eme Flores<\/p>\n\n\n\n<p>Emilio Braojos Fuertes<\/p>\n\n\n\n<p>Enrique Mart\u00ednez Castro&nbsp;<\/p>\n\n\n\n<p>Enrique V\u00e1zquez&nbsp;<\/p>\n\n\n\n<p>Erick Estrada<\/p>\n\n\n\n<p>Erik Rafael Molina Arellano&nbsp;<\/p>\n\n\n\n<p>Ernesto Ruiz Cruz&nbsp;<\/p>\n\n\n\n<p>Esperanza Mart\u00ednez Hern\u00e1ndez&nbsp;<\/p>\n\n\n\n<p>Eva Ar\u00e1n Vidal&nbsp;<\/p>\n\n\n\n<p>Eva Mar\u00eda Serna Ar\u00e1n&nbsp;<\/p>\n\n\n\n<p>Fabiola Osnaya&nbsp;<\/p>\n\n\n\n<p>F\u00e9lix Armando Fern\u00e1ndez Estrada&nbsp;<\/p>\n\n\n\n<p>Ferm\u00edn Carre\u00f1o Mel\u00e9ndez&nbsp;<\/p>\n\n\n\n<p>Fernanda L\u00f3pez&nbsp;<\/p>\n\n\n\n<p>Fernando Mendoza&nbsp;<\/p>\n\n\n\n<p>Fernando P\u00e9rez L\u00f3pez&nbsp;<\/p>\n\n\n\n<p>Fernando Torres&nbsp;<\/p>\n\n\n\n<p>Fernando Resendiz<\/p>\n\n\n\n<p>Fidencia Lopez Ayala<\/p>\n\n\n\n<p>Francisca de Jes\u00fas cruz&nbsp;<\/p>\n\n\n\n<p>Francisca Urias Hermosillo<\/p>\n\n\n\n<p>Francisco Javier Yuen Duran<\/p>\n\n\n\n<p>Francisco V\u00e1zquez&nbsp;<\/p>\n\n\n\n<p>Gabriel Gau<\/p>\n\n\n\n<p>Gabriela Garcia&nbsp;<\/p>\n\n\n\n<p>Gabriela Rodr\u00edguez Cort\u00e9s&nbsp;<\/p>\n\n\n\n<p>Gabriela Vallejo&nbsp;<\/p>\n\n\n\n<p>Gabriela Villarreal&nbsp;<\/p>\n\n\n\n<p>Gerardo Vieyra<\/p>\n\n\n\n<p>Germ\u00e1n Fuentes&nbsp;<\/p>\n\n\n\n<p>Griselda Terr\u00f3n&nbsp;<\/p>\n\n\n\n<p>Haizel de la Cruz&nbsp;<\/p>\n\n\n\n<p>H\u00e9ctor Maldonado<\/p>\n\n\n\n<p>H\u00e9ctor Ruiz terron&nbsp;<\/p>\n\n\n\n<p>Humberto Alvarado Fern\u00e1ndes&nbsp;<\/p>\n\n\n\n<p>H\u00e9ctor Zetina- Red Morelense de Apoyo al CNI-CIG \/ Colectividad Nuestra Alegre Rebeld\u00eda&nbsp;<\/p>\n\n\n\n<p>Huizache Badillo&nbsp;<\/p>\n\n\n\n<p>Ignacia Zenteno Rodr\u00edguez&nbsp;<\/p>\n\n\n\n<p>Ileana Gordillo<\/p>\n\n\n\n<p>Iliutzi Vega<\/p>\n\n\n\n<p>Independiente&nbsp;<\/p>\n\n\n\n<p>Integrante del Comit\u00e9 Eureka. Sara H. de Ram\u00edrez Duarte<\/p>\n\n\n\n<p>Irene Bofill Garc\u00eda&nbsp;<\/p>\n\n\n\n<p>Isabel V\u00e1zquez M\u00e9ndez<\/p>\n\n\n\n<p>Isael Rosales&nbsp;<\/p>\n\n\n\n<p>Ismael \u00dakuri&nbsp;<\/p>\n\n\n\n<p>Ivan Aguilar&nbsp;<\/p>\n\n\n\n<p>Iv\u00e1n Cholula<\/p>\n\n\n\n<ol class=\"wp-block-list\">\n<li>Jes\u00fas Mar\u00eda Serna Moreno<\/li>\n<\/ol>\n\n\n\n<p>Jade Doniz<\/p>\n\n\n\n<p>Javier Andr\u00e9s Garc\u00eda Garc\u00eda&nbsp;<\/p>\n\n\n\n<p>Javier Hern\u00e1ndez Alp\u00edzar<\/p>\n\n\n\n<p>Jennifer Trejo Ch\u00e1vez<\/p>\n\n\n\n<p>Jerem\u00edas Mateo Juan&nbsp;<\/p>\n\n\n\n<p>Jessica Trejo&nbsp;<\/p>\n\n\n\n<p>Jes\u00fas Armando M\u00e9ndez Burgos<\/p>\n\n\n\n<p>Jes\u00fas Batta Fonseca&nbsp;<\/p>\n\n\n\n<p>Jes\u00fas Mu\u00f1\u00f3z<\/p>\n\n\n\n<p>Jhennifer L<\/p>\n\n\n\n<p>Joan C&nbsp;<\/p>\n\n\n\n<p>Joel C\u00e1rdenas&nbsp;<\/p>\n\n\n\n<p>John Pablo Almar\u00e1z \u2013 M\u00fasico y poeta.&nbsp;<\/p>\n\n\n\n<p>Jorge Arturo Morales Piedra&nbsp;<\/p>\n\n\n\n<p>Jorge Castro<\/p>\n\n\n\n<p>Jos\u00e9 Contreras Vizcaino<\/p>\n\n\n\n<p>Jose Esteban Baeza Ramirez<\/p>\n\n\n\n<p>Jos\u00e9 Manuel Guzm\u00e1n L\u00f3pez&nbsp;<\/p>\n\n\n\n<p>Jos\u00e9 Manuel Meza Jim\u00e9nez&nbsp;<\/p>\n\n\n\n<p>Jose Manuel Sanchez Loza<\/p>\n\n\n\n<p>Jos\u00e9 Miguel Moreno Rayas<\/p>\n\n\n\n<p>Josefina Cobian Casta\u00f1eda&nbsp;<\/p>\n\n\n\n<p>Josu\u00e9 Tapia&nbsp;<\/p>\n\n\n\n<p>Jousse lucie<\/p>\n\n\n\n<p>Juan Bautista Andal\u00f3n&nbsp;<\/p>\n\n\n\n<p>Juan Carlos Diaz&nbsp;<\/p>\n\n\n\n<p>Juan Mario Fuentes L\u00f3pez&nbsp;<\/p>\n\n\n\n<p>Julio Ch\u00e1vez L\u00f3pez&nbsp;<\/p>\n\n\n\n<p>Julio Marsel Quezada Garc\u00eda&nbsp;<\/p>\n\n\n\n<p>Karen<\/p>\n\n\n\n<p>Karim Debabi<\/p>\n\n\n\n<p>Karina vera&nbsp;<\/p>\n\n\n\n<p>Karina Eh<\/p>\n\n\n\n<p>Karla Sanchez&nbsp;<\/p>\n\n\n\n<p>Kenya Rugerio Hern\u00e1ndez&nbsp;<\/p>\n\n\n\n<p>Kobayashi Munehiro<\/p>\n\n\n\n<p>Laura Cervantes Marcelino<\/p>\n\n\n\n<p>Laura Ram\u00edrez&nbsp;<\/p>\n\n\n\n<p>Leah Bachar<\/p>\n\n\n\n<p>Le\u00eddy Marcela Gonz\u00e1lez Goyeneche&nbsp;<\/p>\n\n\n\n<p>Libertad Huerta<\/p>\n\n\n\n<p>Lidia Bernal&nbsp;<\/p>\n\n\n\n<p>Lluvia&nbsp;<\/p>\n\n\n\n<p>Ludovica Sarica<\/p>\n\n\n\n<p>Luis Alfonso Vargas Silva- Partido de los comunistas&nbsp;<\/p>\n\n\n\n<p>Luis Enrique Servin&nbsp;<\/p>\n\n\n\n<p>Luis Jacobo<\/p>\n\n\n\n<p>Luis Manuel Cervantes Marcelino<\/p>\n\n\n\n<p>Luis Olvera Flores&nbsp;<\/p>\n\n\n\n<p>Luisa Jimena Gonz\u00e1lez Estrella&nbsp;<\/p>\n\n\n\n<p>Luna Marianelly Hern\u00e1ndez Ricardez&nbsp;<\/p>\n\n\n\n<p>Magali L\u00f3pez Fabila<\/p>\n\n\n\n<p>Manuel Cancino&nbsp;<\/p>\n\n\n\n<p>Manuel Cano&nbsp;<\/p>\n\n\n\n<p>Manuel de Vicente Mauricio<\/p>\n\n\n\n<p>Marcos \u2018Ik\u2019<\/p>\n\n\n\n<p>Margarita Hern\u00e1ndez Mart\u00ednez&nbsp;<\/p>\n\n\n\n<p>Mar\u00eda Culebro<\/p>\n\n\n\n<p>Mar\u00eda de Lourdes Lara Lopez<\/p>\n\n\n\n<p>Mar\u00eda Fernanda Wray<\/p>\n\n\n\n<p>Mar\u00eda Ignacia Ibarra<\/p>\n\n\n\n<p>Mar\u00eda Jos\u00e9 S\u00e1nchez Garc\u00eda&nbsp;<\/p>\n\n\n\n<p>Mar\u00eda Mirta Rodr\u00edguez&nbsp;<\/p>\n\n\n\n<p>Mariana&nbsp;<\/p>\n\n\n\n<p>Mar\u00edana Cruz&nbsp;<\/p>\n\n\n\n<p>Mariana Ibarra Hern\u00e1ndez&nbsp;<\/p>\n\n\n\n<p>Mariana Itzel Espinosa Valencia<\/p>\n\n\n\n<p>Mariana Ya\u00f1ez<\/p>\n\n\n\n<p>Mariano Spencer<\/p>\n\n\n\n<p>Maribel Nicasio Gonza\u00e1ez<\/p>\n\n\n\n<p>Maricela Lara Amador<\/p>\n\n\n\n<p>Mario Francisco Avila Meza&nbsp;<\/p>\n\n\n\n<p>Maritza Maga\u00f1a Luviano&nbsp;<\/p>\n\n\n\n<p>Marlene Mar Santamar\u00eda&nbsp;<\/p>\n\n\n\n<p>Matilde Belem Huerta Lastra&nbsp;<\/p>\n\n\n\n<p>Matilde Ortu\u00f1o Vilchis<\/p>\n\n\n\n<p>Mauro Emmanuel<\/p>\n\n\n\n<p>Max Emiliano Negrete Gonz\u00e1lez<\/p>\n\n\n\n<p>Mayra \u00c1lvarez&nbsp;<\/p>\n\n\n\n<p>Mayvelin Flores&nbsp;<\/p>\n\n\n\n<p>Melissa Garc\u00eda&nbsp;<\/p>\n\n\n\n<p>Michelle Escobar Cruz&nbsp;<\/p>\n\n\n\n<p>Miguel Alcerreca&nbsp;<\/p>\n\n\n\n<p>Miguel \u00c1ngel Medina Romo&nbsp;<\/p>\n\n\n\n<p>Mildred Guadalupe xaltenco&nbsp;<\/p>\n\n\n\n<p>Monika Ivonne Aguilar Ocampo&nbsp;<\/p>\n\n\n\n<p>Monse Garcia&nbsp;<\/p>\n\n\n\n<p>Nayla de la Cruz&nbsp;<\/p>\n\n\n\n<p>Nicole Victoria A\u00f1orve<\/p>\n\n\n\n<p>Nicol\u00f2 Battaggi<\/p>\n\n\n\n<p>Nikolas ome<\/p>\n\n\n\n<p>Noemi Mar\u00edn&nbsp;<\/p>\n\n\n\n<p>Norberto Z\u00fa\u00f1iga Mendoza&nbsp;<\/p>\n\n\n\n<p>Omar Anguiano&nbsp;<\/p>\n\n\n\n<p>OmAr jAir PinedA Ju\u00c1rEZ CDDHH LIBRADO RIVERA\/ (LA NETA AMORFA)<\/p>\n\n\n\n<p>Oscar Ramirez<\/p>\n\n\n\n<p>\u00d6zg\u00fcl Saki<\/p>\n\n\n\n<p>Pamela Avenda\u00f1o Sanchez&nbsp;<\/p>\n\n\n\n<p>Pao Chiapas, comunicadora&nbsp;<\/p>\n\n\n\n<p>Pascual Margarito Juan&nbsp;<\/p>\n\n\n\n<p>Patricia Alfaro.Guerra<\/p>\n\n\n\n<p>Paul Oswaldo Cuapio Zamora<\/p>\n\n\n\n<p>Paulina Barrera<\/p>\n\n\n\n<p>Pedro Mendoza Moreno&nbsp;<\/p>\n\n\n\n<p>Pedro Torres Rojas&nbsp;<\/p>\n\n\n\n<p>Porfirio Alvarado Bola\u00f1os&nbsp;<\/p>\n\n\n\n<p>Rafael Barajas Cabello&nbsp;<\/p>\n\n\n\n<p>Rafael Garc\u00eda&nbsp;<\/p>\n\n\n\n<p>Rafael Trujano<\/p>\n\n\n\n<p>Rangel Chavez Miguel Angel<\/p>\n\n\n\n<p>Raul Sandoval&nbsp;<\/p>\n\n\n\n<p>Reyes Solano<\/p>\n\n\n\n<p>Ricardo Hern\u00e1ndez candelaria&nbsp;<\/p>\n\n\n\n<p>Rita Laura P\u00e9rez Cort\u00e9s&nbsp;<\/p>\n\n\n\n<p>Roberta Nicastro&nbsp;<\/p>\n\n\n\n<p>Roberto&nbsp;<\/p>\n\n\n\n<p>Roberto Ga\u00f1an Ojea<\/p>\n\n\n\n<p>Roberto R. Contreras&nbsp; \u00abGato\u00bb<\/p>\n\n\n\n<p>Roc\u00edo del Carmen Heredia&nbsp;<\/p>\n\n\n\n<p>Rodolfo Pacheco Guzm\u00e1n&nbsp;<\/p>\n\n\n\n<p>Rodrigo Bourcart&nbsp;<\/p>\n\n\n\n<p>Rodrigo Camarena Gonz\u00e1lez&nbsp;<\/p>\n\n\n\n<p>Rodrigo Garc\u00eda Elizalde&nbsp;<\/p>\n\n\n\n<p>Rodrigo Uribe Cevallos&nbsp;<\/p>\n\n\n\n<p>Rosa Mar\u00eda Salgado Dominguez&nbsp;<\/p>\n\n\n\n<p>Rub\u00e9n Madrigal Ceballos<\/p>\n\n\n\n<p>Rut Moyano Lon<\/p>\n\n\n\n<p>Ruth Espinoza Terrazas&nbsp;<\/p>\n\n\n\n<p>Sandra Bernal&nbsp;<\/p>\n\n\n\n<p>Sandra Suaste \u00c1vila<\/p>\n\n\n\n<p>Sandra Toledo&nbsp;<\/p>\n\n\n\n<p>Sara Alicia Andrade Narv\u00e1ez<\/p>\n\n\n\n<p>Sa\u00fal Adri\u00e1n Romero Arellano&nbsp;<\/p>\n\n\n\n<p>Sebasti\u00e1n Serratos<\/p>\n\n\n\n<p>Silvia Montes Garrido<\/p>\n\n\n\n<p>Silvia Resendiz Flores&nbsp;<\/p>\n\n\n\n<p>Silvio Quarleri<\/p>\n\n\n\n<p>Sofia Leboeuf<\/p>\n\n\n\n<p>Sof\u00eda Villar&nbsp;<\/p>\n\n\n\n<p>Sophie Alexander Katz&nbsp;<\/p>\n\n\n\n<p>Suner Salda\u00f1a<\/p>\n\n\n\n<p>Susana de la Cruz Ruiz&nbsp;<\/p>\n\n\n\n<p>Tia Ayala&nbsp;<\/p>\n\n\n\n<p>Tizha Shi<\/p>\n\n\n\n<p>Trinidad Cevallos Rodr\u00edguez&nbsp;<\/p>\n\n\n\n<p>Uriel silvestre De Jes\u00fas&nbsp;<\/p>\n\n\n\n<p>Valente Contreras Mart\u00ednez&nbsp;<\/p>\n\n\n\n<p>Valentina Cisneros&nbsp;<\/p>\n\n\n\n<p>Varinia Libertad<\/p>\n\n\n\n<p>Vic Chavira<\/p>\n\n\n\n<p>Vicente Parra Sosa&nbsp;<\/p>\n\n\n\n<p>Victor Manuel Gomez Ramirez<\/p>\n\n\n\n<p>Violeta \u00c1lvarez<\/p>\n\n\n\n<p>Violeta Hern\u00e1ndez&nbsp;<\/p>\n\n\n\n<p>Virginia Aquino Cuevas<\/p>\n\n\n\n<p>Ximena Garcia<\/p>\n\n\n\n<p>X\u00f3chitl Guzm\u00e1n Delgado&nbsp;<\/p>\n\n\n\n<p>Yadira&nbsp;<\/p>\n\n\n\n<p>Yazmin<\/p>\n\n\n\n<p>Yolanda M\u00e9ndez L\u00e1zaro&nbsp;<\/p>\n\n\n\n<p>Yolanda Niell&nbsp;<\/p>\n\n\n\n<p>Yoselin Alvarez<\/p>\n\n\n\n<p>Zaeth Carrillo&nbsp;<\/p>\n\n\n\n<p>Zenia Y\u00e9benes Escard\u00f3<\/p>\n","protected":false},"excerpt":{"rendered":"<p>Pronunciamiento en solidaridad y exigencia de un cese a los actos de persecuci\u00f3n pol\u00edtica 07 de mayo de 2024 El 3 de mayo de 2024 el activista Diego Garc\u00eda Bautista dio a conocer que durante estas semanas ha sido amedrentado en su domicilio por elementos de la polic\u00eda de investigaci\u00f3n y que adem\u00e1s han recibido [&hellip;]<\/p>\n","protected":false},"author":21,"featured_media":48090,"comment_status":"open","ping_status":"closed","sticky":false,"template":"","format":"standard","meta":{"footnotes":""},"categories":[957,51,1024,1095,826,954,935],"tags":[58,53,147,545,87,148,27,483],"class_list":["post-48089","post","type-post","status-publish","format-standard","has-post-thumbnail","hentry","category-autonomia","category-autor","category-cni-temas","category-concejo-indigena-de-gobierno","category-medios-libres-2","category-mexico","category-temas","tag-derechos-humanos","tag-justicia","tag-militarizacion","tag-pueblos-indigenas","tag-represion","tag-resistencia","tag-solidaridad","tag-tierra-y-territorio"],"_links":{"self":[{"href":"https:\/\/radiozapatista.org\/index.php?rest_route=\/wp\/v2\/posts\/48089","targetHints":{"allow":["GET"]}}],"collection":[{"href":"https:\/\/radiozapatista.org\/index.php?rest_route=\/wp\/v2\/posts"}],"about":[{"href":"https:\/\/radiozapatista.org\/index.php?rest_route=\/wp\/v2\/types\/post"}],"author":[{"embeddable":true,"href":"https:\/\/radiozapatista.org\/index.php?rest_route=\/wp\/v2\/users\/21"}],"replies":[{"embeddable":true,"href":"https:\/\/radiozapatista.org\/index.php?rest_route=%2Fwp%2Fv2%2Fcomments&post=48089"}],"version-history":[{"count":2,"href":"https:\/\/radiozapatista.org\/index.php?rest_route=\/wp\/v2\/posts\/48089\/revisions"}],"predecessor-version":[{"id":48108,"href":"https:\/\/radiozapatista.org\/index.php?rest_route=\/wp\/v2\/posts\/48089\/revisions\/48108"}],"wp:featuredmedia":[{"embeddable":true,"href":"https:\/\/radiozapatista.org\/index.php?rest_route=\/wp\/v2\/media\/48090"}],"wp:attachment":[{"href":"https:\/\/radiozapatista.org\/index.php?rest_route=%2Fwp%2Fv2%2Fmedia&parent=48089"}],"wp:term":[{"taxonomy":"category","embeddable":true,"href":"https:\/\/radiozapatista.org\/index.php?rest_route=%2Fwp%2Fv2%2Fcategories&post=48089"},{"taxonomy":"post_tag","embeddable":true,"href":"https:\/\/radiozapatista.org\/index.php?rest_route=%2Fwp%2Fv2%2Ftags&post=48089"}],"curies":[{"name":"wp","href":"https:\/\/api.w.org\/{rel}","templated":true}]}}