{"id":48076,"date":"2024-05-04T11:35:57","date_gmt":"2024-05-04T17:35:57","guid":{"rendered":"https:\/\/radiozapatista.org\/?p=48076"},"modified":"2024-05-04T11:36:01","modified_gmt":"2024-05-04T17:36:01","slug":"denuncia-publica-por-hostigamiento-y-persecucion-politica-como-consecuencia-de-acompanar-y-sostener-durante-3-anos-y-6-meses-la-toma-del-inpi-con-la-comunidad-indigena-otomi","status":"publish","type":"post","link":"https:\/\/radiozapatista.org\/?p=48076","title":{"rendered":"Denuncia p\u00fablica por hostigamiento y persecuci\u00f3n pol\u00edtica como consecuencia de acompa\u00f1ar y sostener durante 3 a\u00f1os y 6 meses la toma del INPI con la comunidad ind\u00edgena otom\u00ed"},"content":{"rendered":"\n<p>A la Comisi\u00f3n Sexta del EZLN<br>Al Congreso Nacional Ind\u00edgena CNI-CIG<br>A Ma. de Jes\u00fas Patricio Mart\u00ednez, Vocera del CNI-CIG<br>A los Pueblos Originarios y Comunidades Ind\u00edgenas<br>A las Organizaciones Sociales, Civiles y Pol\u00edticas<br>A los Organismos No Gubernamentales de Derechos Humanos<br>A los medios libres, independientes, alternativos o como se llamen<\/p>\n\n\n\n<p>Hacemos un llamado urgente a los colectivos, organizaciones, pueblos, comunidades, redes e individu@s, para sumarse y estar alertas a esta denuncia p\u00fablica, pues justo en medio de esta farsa electoral, \u2013perd\u00f3n, &#8220;proceso electoral\u201d\u2013, a la clase pol\u00edtica y a los due\u00f1os del poder y del dinero, nada importa, que no sean las encuestas, los votos, los debates y qui\u00e9n pega y paga m\u00e1s fuerte las descalificaciones al enemigo a vencer. Justo en medio de esta tormenta y vac\u00edo transicional [es decir, a \u201crio revuelto, ganancia de pescadores\u201d] es muy probable que se abran demandas penales, hostigamiento, persecuciones, criminalizaci\u00f3n de la lucha social, represi\u00f3n al movimiento de resistencia, como recientemente vimos en la regi\u00f3n Cholulteca, y pues la Comunidad Ind\u00edgena Otom\u00ed, con la toma del INPI, no puede ser la excepci\u00f3n, as\u00ed que frente a este clima de inseguridad y revanchismo de la clase pol\u00edtica, denunciamos:<\/p>\n\n\n\n<p>Primero. El d\u00eda 2 de mayo, alrededor de las 13:00 hrs., se presentaron a mi domicilio tres personas: dos hombres y una mujer con evidente perfil de \u201cpolic\u00eda de investigaci\u00f3n\u201d. De acuerdo con los videos de seguridad vecinal que tenemos, descendieron de un veh\u00edculo blanco sin placas tres personas, uno de ellos se queda en el veh\u00edculo, dos m\u00e1s caminan hacia la unidad habitacional, el hombre de traje obscuro portaba un gafete que tra\u00eda oculto en el saco. La mujer recibe del hombre de traje unos documentos que parecieran \u201cexpedientes\u201d.<\/p>\n\n\n\n<p>Ambos se dirigen a la puerta principal de la unidad y acceden al interior con facilidad ya que la puerta se encontraba abierta debido a que en ese momento los vecinos estaban tirando la basura. Entran y caminan hasta el fondo, sin lograr ubicar el domicilio preciso; al no ubicarlo y despu\u00e9s de unos minutos, deciden salir, a su paso se encuentra a una persona que se dispon\u00eda a tirar la basura, algo le preguntan, y al no encontrar respuesta, revisan un tablero con informaci\u00f3n interna y privada de los cond\u00f3minos. Es de destacar que para este momento el hombre de traje oscuro ya no porta el gafete, es decir, ya se lo hab\u00eda retirado, (\u00bfcu\u00e1l es la raz\u00f3n?, \u00bfpara no ubicarlo como polic\u00eda de investigaci\u00f3n?, \u00bfpara no identificar la dependencia de la que llegan?).<\/p>\n\n\n\n<p>Al salir de la unidad, se dirigen a una reja contigua que est\u00e1 en aun lado de la puerta principal y desde ah\u00ed pregunta por mi persona, dieron nombre completo y apellidos, \u201cargumentan que primero fueron a buscarme a las oficinas del INPI que se encuentran en la l\u00ednea dorada, y que ah\u00ed les proporcionaron mi domicilio\u201d. Argumentaron que \u201cme buscaban con el inter\u00e9s de que yo les ayudara a comercializar sus artesan\u00edas\u201d, pues dijeron que a eso me dedico, \u201cque me conocieron y platicaron conmigo el d\u00eda 8 de marzo en la marcha de las mujeres\u201d. Situaci\u00f3n que es rotundamente falsa; adem\u00e1s, se\u00f1alaron que tienen conocimiento que yo trabajo con comunidades ind\u00edgenas.<\/p>\n\n\n\n<p>Las personas con las que platicaron les preguntaron por mis caracter\u00edsticas personales (para conocer su respuesta), y respondieron con referencias totalmente equivocadas. Les pidieron que se identificar\u00e1n y solamente proporcionaron los datos de la mujer, que dijo llamarse: \u201cMar\u00eda Ang\u00e9lica Landero, con el tel\u00e9fono n\u00fam. 56 3576 5253\u201d.<\/p>\n\n\n\n<p>Tambi\u00e9n les informaron que donde podr\u00edan encontrarme ser\u00eda en la Casa de los Pueblos y Comunidades Ind\u00edgenas \u201cSamir Flores Soberanes\u201d; se\u00f1alaron que en ese momento ir\u00edan al lugar. Cabe se\u00f1alar que esto nunca sucedi\u00f3, hasta el momento.<\/p>\n\n\n\n<p>Segundo. Esta situaci\u00f3n de hostigamiento se suma a que el pasado 20 de abril, alrededor de las 11:00 hrs. de la ma\u00f1ana, se presentaron a las puertas de la Casa de los Pueblos y Comunidades Ind\u00edgenas \u201cSamir Flores Soberanes\u201d la Sra. Vilchis Fuentes Hilda y el Sr. Israel Puga D\u00edaz, quienes se presentaron como \u201cServidores de la Naci\u00f3n\u201d, que seg\u00fan ellos \u201ccoadyuvan\u201d con la Fiscal\u00eda General de Justicia de la CDMX y tan es as\u00ed que se hicieron acompa\u00f1ar de una patrulla de la misma Secretar\u00eda de Seguridad P\u00fablica para indagar en el domicilio de la Casa de los Pueblos lo referente a la desaparici\u00f3n de varios ni\u00f1os y ni\u00f1as. Pues refieren que, seg\u00fan sus investigaciones, \u201cah\u00ed es el lugar donde se les vio por \u00faltima vez\u201d.<\/p>\n\n\n\n<p>L@s ni\u00f1@s desaparecidos son:<br>1. Esmeralda N., mujer de 12 a\u00f1os, edad actual 15 a\u00f1os. Desapareci\u00f3 el d\u00eda 2 de agosto de 2020.<br>2. Daniela N., mujer de 15 a\u00f1os, edad actual 17 a\u00f1os. Desapareci\u00f3 el d\u00eda 22 de agosto de 2021.<br>3. Marisol N., mujer de 14 a\u00f1os, edad actual 15 a\u00f1os. Desapareci\u00f3 el d\u00eda 6 de noviembre de 2022<br>4. Juan Mateo N., ni\u00f1o de 13 a\u00f1os, edad actual 17 a\u00f1os. Desapareci\u00f3 el d\u00eda 20 de julio de 2019.<br>5. Erica Natalia N., mujer de 0 a\u00f1os, edad actual 3 a\u00f1os. Desapareci\u00f3 el d\u00eda 9 de abril de 2021.<br>6. Carlos N., hombre de 17 a\u00f1os, edad actual 17 a\u00f1os. Desapreci\u00f3 el d\u00eda 7 de junio de 2023.<\/p>\n\n\n\n<p>Entre otros casos a los que ellos mismos hicieron referencia pero sobre los que no tuvimos acceso a la informaci\u00f3n.<\/p>\n\n\n\n<p>Sin embargo, en los documentos que tra\u00edan consigo, todos refieren: \u201cPOSIBLE UBICACI\u00d3N EN EL DOMICILIO. VIALIDAD: MEXICO-COYOACAN. ASENTAMIENTO: XOCO. C.P.03330\u201d y dan como referencia: \u201cEDIFICIO DE SEIS NIVELES CON ENTRADA PRINCIPAL EN CRISTALES Y CORTINA EXTERIOR. CERCA DE LA CINETECA NACIONAL. ALCALD\u00cdA COYOACAN\u201d.<\/p>\n\n\n\n<p>Como podr\u00e1n ver, las presuntas \u201cdesapariciones\u201d a las que se refieren se registran antes y despu\u00e9s de la toma del INPI. Son 6 casos que pudimos documentar con los expedientes que nos mostraron. En los m\u00e1s de tres a\u00f1os que llevamos de la toma, ninguna autoridad correspondiente acudi\u00f3 a la Casa de los Pueblos a informar al respecto. Acudieron apenas hace unos d\u00edas, con el objetivo seg\u00fan ellos, de que la comunidad informe \u201csi los vimos ah\u00ed o no\u201d, ya que ellos \u201cno podr\u00edan cerrar la carpeta de investigaci\u00f3n hasta que no tengan mayor referencia\u201d. \u00bfQu\u00e9 buscan con querer involucrar a la Comunidad Otom\u00ed en estas desapariciones? \u00bfFincar alguna responsabilidad, directa o indirecta? Exigimos una explicaci\u00f3n p\u00fablica la Gobierno de la Ciudad de M\u00e9xico y particularmente de la Fiscal\u00eda General de Justicia CDMX.<\/p>\n\n\n\n<p>Tercero. En abril de 2021, denunciamos que el gobierno federal y el gobierno de la Ciudad de M\u00e9xico \u201cjudicializaron\u201d la Toma del INPI; es decir, judicializaron la lucha social. Es por ello que en aquellos mese denunciamos que, mientras p\u00fablicamente se dec\u00edan \u201cdispuestos al di\u00e1logo\u201d en los medios de comunicaci\u00f3n y en las redes sociales, \u201cal mismo tiempo anunciaban denuncias penales\u201d contra quienes resulten responsables por la Toma del edificio del Instituto Nacional de los Pueblos Ind\u00edgenas (INPI).<\/p>\n\n\n\n<p>Particularmente la denuncia se orientaba contra quien ubican como su \u201cl\u00edder\u201d, Diego Garc\u00eda, representante de la Uni\u00f3n Popular Revolucionaria Emiliano Zapata, UPREZ-Benito Ju\u00e1rez, que acompa\u00f1a las luchas de diversos pueblos ind\u00edgenas residentes en la Ciudad de M\u00e9xico desde hace m\u00e1s de 30 a\u00f1os.<\/p>\n\n\n\n<p>Lo dijimos en abril de 2021 y lo ratificamos nuevamente: cualquier acto de denuncia penal, hostigamiento, persecuci\u00f3n, instigaci\u00f3n o detenci\u00f3n forma parte de la criminalizaci\u00f3n de la lucha social y representa una justificaci\u00f3n clara y abierta para romper cualquier posibilidad de di\u00e1logo con la comunidad. Alertamos ante estos hechos, pues en todas las Mesas de Di\u00e1logo ha existido el com\u00fan denominador respecto a la urgente necesidad del Gobierno, local y federal, por recuperar el edificio tomado.<\/p>\n\n\n\n<p>NUESTRA RESPUESTA TAMBI\u00c9N TIENE UN COM\u00daN DENOMINADOR Y ES DEFINITIVO: EN TANTO NO SE RESUELVAN LAS DEMANDAS QUE NOS LLEVARON A TOMAR EL INPI, DIFICILMENTE ESTAREMOS EN CONDICIONES DE ESTABLECER UN ACUERDO RESPECTO A LA TOMA.<\/p>\n\n\n\n<p>Por otro lado, despu\u00e9s del intento de desalojo de la Comunidad Ind\u00edgena Otom\u00ed en octubre de 2023, han transcurrido m\u00e1s de 7 meses y las mesas de di\u00e1logo se han congelado; es decir, los pocos acuerdos en los que pudimos avanzar como comunidad con el gobierno de la CDMX y el INVI, actualmente se encuentran pr\u00e1cticamente suspendidas; peor a\u00fan, recientemente nos cortaron la luz y a partir de la presi\u00f3n para la reconexi\u00f3n de la misma, se logr\u00f3 una fecha para retomar las mesas de di\u00e1logo con el Secretario de la SEDUVI, la Subsecretar\u00eda de Gobierno y la Representaci\u00f3n del INVI; sin que, hasta la fecha podamos hablar de avances significativos.<\/p>\n\n\n\n<p>Denunciamos incluso en las mesas de trabajo que al interior del Gobierno de la 4\u00aa Transformaci\u00f3n hay \u201cfuego amigo\u201d, pues ellos mismos nos informaron que quien da la instrucci\u00f3n de cortar y reconectar la luz, si se le pega la gana, es el traidor de los pueblos, Adelfo Regino, titular del INPI. Adem\u00e1s argumentan que las acciones que lleva a cabo la comunidad para exigir las mesas de di\u00e1logo y la reconexi\u00f3n de la luz en este periodo electoral, \u201csolo le hacen el juego a la derecha en Benito Ju\u00e1rez\u201d y que \u201cestas acciones\u201d, en \u201cnada abonan al proyecto\u201d. \u00bfDe qu\u00e9 proyecto hablan? \u00a1Nosotr@s no tenemos militancia ni compromiso alguno con partidos pol\u00edticos! Sean el color que sean, todos se disputan no una \u201cdemocracia\u201d, no un proyecto pol\u00edtico, sino lo que realmente est\u00e1 en disputa en este periodo electoral, es qui\u00e9n se chinga a qui\u00e9n, para poder administrar libremente este negocio que para ellos, se llama M\u00e9xico.<\/p>\n\n\n\n<p>Por todo lo anterior, estos hechos que denunciamos son parte de una guerra contra los pueblos y comunidades ind\u00edgenas, contra las organizaciones sociales que se oponen a una transformaci\u00f3n simulada, es por ello, que la represi\u00f3n se inclinas m\u00e1s contra quienes asumimos responsablemente caminar y acompa\u00f1ar la lucha y la resistencia de los pueblos y comunidades ind\u00edgenas; es decir, contra tod@s aquell@s que se opongan al despojo y resisten por el derecho a la vida.<\/p>\n\n\n\n<p>ATENTAMENTE<\/p>\n\n\n\n<p>\u00a1Zapata Vive, la Lucha Sigue!<br>\u00a1Tener Techo es un Derecho!<br>\u00a1No a la criminalizaci\u00f3n de la Lucha Social!<br>\u00a1Vivos los Llevaron, Vivos los Queremos!<br>\u00a1Alto a la Guerra contra los Pueblos Zapatista!<\/p>\n\n\n\n<p>Diego Garc\u00eda, Representante.<br>Uni\u00f3n Popular Revolucionaria \u201cEmiliano Zapata\u201d, UPREZ Benito Ju\u00e1rez<\/p>\n\n\n\n<p>Ciudad de M\u00e9xico a 3 de mayo de 2024<\/p>\n","protected":false},"excerpt":{"rendered":"<p>A la Comisi\u00f3n Sexta del EZLNAl Congreso Nacional Ind\u00edgena CNI-CIGA Ma. de Jes\u00fas Patricio Mart\u00ednez, Vocera del CNI-CIGA los Pueblos Originarios y Comunidades Ind\u00edgenasA las Organizaciones Sociales, Civiles y Pol\u00edticasA los Organismos No Gubernamentales de Derechos HumanosA los medios libres, independientes, alternativos o como se llamen Hacemos un llamado urgente a los colectivos, organizaciones, pueblos, [&hellip;]<\/p>\n","protected":false},"author":21,"featured_media":48077,"comment_status":"open","ping_status":"closed","sticky":false,"template":"","format":"standard","meta":{"footnotes":""},"categories":[957,51,826,954,935],"tags":[58,53,147,545,148,27,483],"class_list":["post-48076","post","type-post","status-publish","format-standard","has-post-thumbnail","hentry","category-autonomia","category-autor","category-medios-libres-2","category-mexico","category-temas","tag-derechos-humanos","tag-justicia","tag-militarizacion","tag-pueblos-indigenas","tag-resistencia","tag-solidaridad","tag-tierra-y-territorio"],"_links":{"self":[{"href":"https:\/\/radiozapatista.org\/index.php?rest_route=\/wp\/v2\/posts\/48076","targetHints":{"allow":["GET"]}}],"collection":[{"href":"https:\/\/radiozapatista.org\/index.php?rest_route=\/wp\/v2\/posts"}],"about":[{"href":"https:\/\/radiozapatista.org\/index.php?rest_route=\/wp\/v2\/types\/post"}],"author":[{"embeddable":true,"href":"https:\/\/radiozapatista.org\/index.php?rest_route=\/wp\/v2\/users\/21"}],"replies":[{"embeddable":true,"href":"https:\/\/radiozapatista.org\/index.php?rest_route=%2Fwp%2Fv2%2Fcomments&post=48076"}],"version-history":[{"count":2,"href":"https:\/\/radiozapatista.org\/index.php?rest_route=\/wp\/v2\/posts\/48076\/revisions"}],"predecessor-version":[{"id":48081,"href":"https:\/\/radiozapatista.org\/index.php?rest_route=\/wp\/v2\/posts\/48076\/revisions\/48081"}],"wp:featuredmedia":[{"embeddable":true,"href":"https:\/\/radiozapatista.org\/index.php?rest_route=\/wp\/v2\/media\/48077"}],"wp:attachment":[{"href":"https:\/\/radiozapatista.org\/index.php?rest_route=%2Fwp%2Fv2%2Fmedia&parent=48076"}],"wp:term":[{"taxonomy":"category","embeddable":true,"href":"https:\/\/radiozapatista.org\/index.php?rest_route=%2Fwp%2Fv2%2Fcategories&post=48076"},{"taxonomy":"post_tag","embeddable":true,"href":"https:\/\/radiozapatista.org\/index.php?rest_route=%2Fwp%2Fv2%2Ftags&post=48076"}],"curies":[{"name":"wp","href":"https:\/\/api.w.org\/{rel}","templated":true}]}}