{"id":48070,"date":"2024-05-02T21:27:51","date_gmt":"2024-05-03T03:27:51","guid":{"rendered":"https:\/\/radiozapatista.org\/?p=48070"},"modified":"2024-05-02T21:27:52","modified_gmt":"2024-05-03T03:27:52","slug":"pronunciamiento-sobre-el-campamento-en-solidaridad-con-palestina","status":"publish","type":"post","link":"https:\/\/radiozapatista.org\/?p=48070","title":{"rendered":"Pronunciamiento sobre el campamento en solidaridad con Palestina"},"content":{"rendered":"\n<p>Foto de portada: Fede Soto<\/p>\n\n\n\n<p>Mayo 2, 2024<\/p>\n\n\n\n<figure class=\"wp-block-image\"><a href=\"https:\/\/blogger.googleusercontent.com\/img\/b\/R29vZ2xl\/AVvXsEhS_4bQJdZhtQ11kjim6c70LvAPPngcGBv_XTZN1byOhsd8HuphSKTPG50U3OScjvZzsty5dpg0mS_1ZWUSgFEbAuqp64HYuBkv6aVKTFHgBa4d2hqnZBpVII1x22Xj4OOhuNIYs1W0qPMZdAlI-QKsvsQtJaH-mMXUh-I5kYh_2so6s0Uwy5vm7Ae2Js8\/s1428\/campamento.jpg\"><img decoding=\"async\" src=\"https:\/\/blogger.googleusercontent.com\/img\/b\/R29vZ2xl\/AVvXsEhS_4bQJdZhtQ11kjim6c70LvAPPngcGBv_XTZN1byOhsd8HuphSKTPG50U3OScjvZzsty5dpg0mS_1ZWUSgFEbAuqp64HYuBkv6aVKTFHgBa4d2hqnZBpVII1x22Xj4OOhuNIYs1W0qPMZdAlI-QKsvsQtJaH-mMXUh-I5kYh_2so6s0Uwy5vm7Ae2Js8\/s320\/campamento.jpg\" alt=\"\"\/><\/a><\/figure>\n\n\n\n<p>En las \u00faltimas semanas, mientras crece el n\u00famero de personas civiles asesinadas, heridas y desplazadas en la franja de Gaza y en Cisjordania a causa del genocidio que el Estado de Israel ha estado realizando contra el pueblo palestino, hemos sido testigos de amplios actos de solidaridad con Palestina de parte del sector acad\u00e9mico de varios pa\u00edses del mundo como Estados Unidos, Alemania, Italia, Francia, Canad\u00e1, Australia, entre otros.<\/p>\n\n\n\n<p>La reacci\u00f3n de los gobiernos ante estas manifestaciones de solidaridad ha sido una fuerte represi\u00f3n llevada a cabo por elementos policiacos y militares para violentar y arrestar a los estudiantes y acad\u00e9micos, expulsarlos e interrumpir sus protestas pac\u00edficas y actividades acad\u00e9micas en torno al genocidio en progreso.<\/p>\n\n\n\n<p>El pasado 30 de abril La Asamblea Interuniversitaria y Popular en Solidaridad con el Pueblo de Palestina, formada por estudiantes, acad\u00e9micos y trabajadores mexicanos aprob\u00f3 la instalaci\u00f3n de un campamento en solidaridad con palestina frente al edificio de Rector\u00eda de la Universidad Nacional Aut\u00f3noma de M\u00e9xico, desde el d\u00eda 2 de mayo.<\/p>\n\n\n\n<p>Desde el colectivo Acad\u00e9micos con Palestina contra el Genocidio, al tiempo de condenar la violencia ejercida contra universitarios en Estados Unidos y Europa, celebra la iniciativa de los estudiantes mexicanos que tiene como uno de sus objetivos m\u00e1s claros ejercer presi\u00f3n para que se rompan relaciones acad\u00e9micas, pol\u00edticas, deportivas y econ\u00f3micas con Israel.<\/p>\n\n\n\n<p>Nuestra experiencia nos ha mostrado que organizarnos como sector acad\u00e9mico puede resultar eficaz para alcanzar metas espec\u00edficas. La ruptura de relaciones acad\u00e9micas con las universidades del estado de Israel, adherirnos al movimiento BDS, especialmente el boicot cultural y acad\u00e9mico, no s\u00f3lo se encuentran dentro de nuestras posibilidades como sector universitario, sino que son parte de nuestra responsabilidad&nbsp;como actores pol\u00edticos y culturales frente a los actos de barbarie que el&nbsp;estado de apartheid israel\u00ed sigue perpetrando contra el pueblo palestino.<\/p>\n\n\n\n<p>Manifestamos nuestra decisi\u00f3n de apoyar el campamento de solidaridad, que comenzar\u00e1 hoy en nuestra m\u00e1xima casa de estudios, con distintas actividades acad\u00e9micas y art\u00edsticas, apoyo log\u00edstico y cobertura pol\u00edtica. En este sentido apelamos al m\u00e1s profundo sentido humanista y de autonom\u00eda universitaria lograda gracias a los sacrificios&nbsp;y la resistencia de las generaciones pasadas de estudiantes y acad\u00e9micos, y solicitamos a las autoridades de la Universidad Nacional&nbsp;Aut\u00f3noma de M\u00e9xico garantizar la seguridad de los participantes en el Campamento en Solidaridad con Palestina a lo largo de toda su duraci\u00f3n, para que todas las actividades en este marco puedan realizarse en un ambiente libre de cualquier violencia, provocaci\u00f3n o informaci\u00f3n confusa emitida sin consultar a los representantes de las organizaciones convocantes.&nbsp;<\/p>\n\n\n\n<p>Por su atenci\u00f3n y respuesta a la presente,<\/p>\n\n\n\n<p><strong>Acad\u00e9micxs con Palestina contra el genocidio<\/strong><\/p>\n\n\n\n<p>Blogspot:&nbsp;<a href=\"https:\/\/academicxsconpalestina.blogspot.com\/\" target=\"_blank\" rel=\"noreferrer noopener\">https:\/\/academicxsconpalestina.blogspot.com\/<\/a><\/p>\n\n\n\n<p>Facebook: Acad\u00e9micxs con Palestina<\/p>\n\n\n\n<p>Instagram: @academicxsconpalestina<\/p>\n\n\n\n<p>Twitter: @AcademPalestina<\/p>\n\n\n\n<p>Correo electr\u00f3nico: <a href=\"mailto:academicxsconpalestina@gmail.com\" target=\"_blank\" rel=\"noreferrer noopener\">academicxsconpalestina@gmail.com<\/a><\/p>\n\n\n\n<p>Youtube:&nbsp;<a href=\"https:\/\/bit.ly\/3wS6z0I\" target=\"_blank\" rel=\"noreferrer noopener\">https:\/\/bit.ly\/3wS6z0I<\/a><\/p>\n","protected":false},"excerpt":{"rendered":"<p>Foto de portada: Fede Soto Mayo 2, 2024 En las \u00faltimas semanas, mientras crece el n\u00famero de personas civiles asesinadas, heridas y desplazadas en la franja de Gaza y en Cisjordania a causa del genocidio que el Estado de Israel ha estado realizando contra el pueblo palestino, hemos sido testigos de amplios actos de solidaridad [&hellip;]<\/p>\n","protected":false},"author":21,"featured_media":48071,"comment_status":"open","ping_status":"closed","sticky":false,"template":"","format":"standard","meta":{"footnotes":""},"categories":[957,51,826,958,954,953,935],"tags":[58,53,567,147,23,545,148,27,483],"class_list":["post-48070","post","type-post","status-publish","format-standard","has-post-thumbnail","hentry","category-autonomia","category-autor","category-medios-libres-2","category-megaproyectos","category-mexico","category-mundo","category-temas","tag-derechos-humanos","tag-justicia","tag-megaproyectos","tag-militarizacion","tag-paramilitares","tag-pueblos-indigenas","tag-resistencia","tag-solidaridad","tag-tierra-y-territorio"],"_links":{"self":[{"href":"https:\/\/radiozapatista.org\/index.php?rest_route=\/wp\/v2\/posts\/48070","targetHints":{"allow":["GET"]}}],"collection":[{"href":"https:\/\/radiozapatista.org\/index.php?rest_route=\/wp\/v2\/posts"}],"about":[{"href":"https:\/\/radiozapatista.org\/index.php?rest_route=\/wp\/v2\/types\/post"}],"author":[{"embeddable":true,"href":"https:\/\/radiozapatista.org\/index.php?rest_route=\/wp\/v2\/users\/21"}],"replies":[{"embeddable":true,"href":"https:\/\/radiozapatista.org\/index.php?rest_route=%2Fwp%2Fv2%2Fcomments&post=48070"}],"version-history":[{"count":1,"href":"https:\/\/radiozapatista.org\/index.php?rest_route=\/wp\/v2\/posts\/48070\/revisions"}],"predecessor-version":[{"id":48072,"href":"https:\/\/radiozapatista.org\/index.php?rest_route=\/wp\/v2\/posts\/48070\/revisions\/48072"}],"wp:featuredmedia":[{"embeddable":true,"href":"https:\/\/radiozapatista.org\/index.php?rest_route=\/wp\/v2\/media\/48071"}],"wp:attachment":[{"href":"https:\/\/radiozapatista.org\/index.php?rest_route=%2Fwp%2Fv2%2Fmedia&parent=48070"}],"wp:term":[{"taxonomy":"category","embeddable":true,"href":"https:\/\/radiozapatista.org\/index.php?rest_route=%2Fwp%2Fv2%2Fcategories&post=48070"},{"taxonomy":"post_tag","embeddable":true,"href":"https:\/\/radiozapatista.org\/index.php?rest_route=%2Fwp%2Fv2%2Ftags&post=48070"}],"curies":[{"name":"wp","href":"https:\/\/api.w.org\/{rel}","templated":true}]}}