{"id":47975,"date":"2024-04-20T13:25:58","date_gmt":"2024-04-20T19:25:58","guid":{"rendered":"https:\/\/radiozapatista.org\/?p=47975"},"modified":"2024-04-26T08:25:26","modified_gmt":"2024-04-26T14:25:26","slug":"47975","status":"publish","type":"post","link":"https:\/\/radiozapatista.org\/?p=47975","title":{"rendered":"[:es]Noticias de abajo 19 de abril 2024[:]"},"content":{"rendered":"<p>[:es][podcast]https:\/\/archive.org\/download\/noticiasdeabajo_19abril2024\/noticiasdeabajo_19abril2024.MP3[\/podcast]<\/p>\n<div id=\"descript\">\n<div>Noticias de abajo 19\u00a0de abril\u00a02024<\/div>\n<div><\/div>\n<div>Esta semana les hemos preparado un programa especial sobre el d\u00eda internacional por la libertad de las y los presos pol\u00edticos del mundo. Por lo que platicaremos de la lucha por la libertad en Palestina, en Kurdist\u00e1n, en Chile, Estados Unidos y otros lugares en el mundo donde las c\u00e1rceles son parte central del mecanismo de opresi\u00f3n y sometimiento. En la segunda parte hablaremos de las y los presos de esta regi\u00f3n llamada M\u00e9xico con casos como el de los presos de Eloxochitl\u00e1n Oaxaca, tambi\u00e9n recordaremos a los presos de Cancuc en Chiapas, a Jorge Esquivel de la okupa Che, entre tantos otros y otros que buscamos reivindicar como guerreras y guerreros de esta revuelta contra el capital secuestrados por el Estado.<\/div>\n<div>Salud y Libertad<\/div>\n<\/div>\n<p>[:]<\/p>\n","protected":false},"excerpt":{"rendered":"<p>[:es][podcast]https:\/\/archive.org\/download\/noticiasdeabajo_19abril2024\/noticiasdeabajo_19abril2024.MP3[\/podcast] Noticias de abajo 19\u00a0de abril\u00a02024 Esta semana les hemos preparado un programa especial sobre el d\u00eda internacional por la libertad de las y los presos pol\u00edticos del mundo. Por lo que platicaremos de la lucha por la libertad en Palestina, en Kurdist\u00e1n, en Chile, Estados Unidos y otros lugares en el mundo donde las [&hellip;]<\/p>\n","protected":false},"author":21,"featured_media":47976,"comment_status":"open","ping_status":"closed","sticky":false,"template":"","format":"standard","meta":{"footnotes":""},"categories":[957,51,1284,826,958,954,953,962,935],"tags":[79,58,53,1305,567,147,37,545,87,148,27,483],"class_list":["post-47975","post","type-post","status-publish","format-standard","has-post-thumbnail","hentry","category-autonomia","category-autor","category-latinoamerica","category-medios-libres-2","category-megaproyectos","category-mexico","category-mundo","category-presos","category-temas","tag-autonomia","tag-derechos-humanos","tag-justicia","tag-latinoamerica","tag-megaproyectos","tag-militarizacion","tag-presos-politicos","tag-pueblos-indigenas","tag-represion","tag-resistencia","tag-solidaridad","tag-tierra-y-territorio"],"_links":{"self":[{"href":"https:\/\/radiozapatista.org\/index.php?rest_route=\/wp\/v2\/posts\/47975","targetHints":{"allow":["GET"]}}],"collection":[{"href":"https:\/\/radiozapatista.org\/index.php?rest_route=\/wp\/v2\/posts"}],"about":[{"href":"https:\/\/radiozapatista.org\/index.php?rest_route=\/wp\/v2\/types\/post"}],"author":[{"embeddable":true,"href":"https:\/\/radiozapatista.org\/index.php?rest_route=\/wp\/v2\/users\/21"}],"replies":[{"embeddable":true,"href":"https:\/\/radiozapatista.org\/index.php?rest_route=%2Fwp%2Fv2%2Fcomments&post=47975"}],"version-history":[{"count":3,"href":"https:\/\/radiozapatista.org\/index.php?rest_route=\/wp\/v2\/posts\/47975\/revisions"}],"predecessor-version":[{"id":48025,"href":"https:\/\/radiozapatista.org\/index.php?rest_route=\/wp\/v2\/posts\/47975\/revisions\/48025"}],"wp:featuredmedia":[{"embeddable":true,"href":"https:\/\/radiozapatista.org\/index.php?rest_route=\/wp\/v2\/media\/47976"}],"wp:attachment":[{"href":"https:\/\/radiozapatista.org\/index.php?rest_route=%2Fwp%2Fv2%2Fmedia&parent=47975"}],"wp:term":[{"taxonomy":"category","embeddable":true,"href":"https:\/\/radiozapatista.org\/index.php?rest_route=%2Fwp%2Fv2%2Fcategories&post=47975"},{"taxonomy":"post_tag","embeddable":true,"href":"https:\/\/radiozapatista.org\/index.php?rest_route=%2Fwp%2Fv2%2Ftags&post=47975"}],"curies":[{"name":"wp","href":"https:\/\/api.w.org\/{rel}","templated":true}]}}