{"id":47958,"date":"2024-04-18T16:15:34","date_gmt":"2024-04-18T22:15:34","guid":{"rendered":"https:\/\/radiozapatista.org\/?p=47958"},"modified":"2024-04-18T16:15:34","modified_gmt":"2024-04-18T22:15:34","slug":"les-pedimos-realicen-acciones-urgentemente-exigiendo-al-gobierno-de-rutilio-escandon-cadenas-y-de-andres-manuel-lopez-obrador","status":"publish","type":"post","link":"https:\/\/radiozapatista.org\/?p=47958","title":{"rendered":"Les pedimos realicen acciones urgentemente exigiendo al gobierno de Rutilio Escand\u00f3n Cadenas y de Andr\u00e9s Manuel L\u00f3pez Obrador"},"content":{"rendered":"<p><a href=\"https:\/\/radiozapatista.org\/?attachment_id=47959\" rel=\"attachment wp-att-47959\"><img loading=\"lazy\" decoding=\"async\" class=\"alignnone size-full wp-image-47959\" src=\"https:\/\/radiozapatista.org\/wp-content\/uploads\/2024\/04\/Logo-Acteal.jpg\" alt=\"\" width=\"200\" height=\"150\" \/><\/a><\/p>\n<p style=\"text-align: right;\"><strong>Organizaci\u00f3n Sociedad Civil Las Abejas de Acteal<\/strong><\/p>\n<p style=\"text-align: right;\"><strong><em><br \/>\nTierra Sagrada de los M\u00e1rtires de Acteal<\/em><\/strong><\/p>\n<p style=\"text-align: right;\">Acteal, Chenalh\u00f3, Chiapas, M\u00e9xico.<\/p>\n<p>&nbsp;<\/p>\n<p>18 de abril del 2024<\/p>\n<p>Al Congreso Nacional Ind\u00edgena<\/p>\n<p>Al Consejo Ind\u00edgena de Gobierno<\/p>\n<p>A la Comisi\u00f3n Interamericana de Derechos Humanos<\/p>\n<p>A las y los Defensores de los Derechos Humanos<\/p>\n<p>A los Medios Libres y Alternativos<\/p>\n<p>A los Medios de Comunicaci\u00f3n Nacional e Internacional<\/p>\n<p>A la Sociedad Civil, Nacional e Internacional<\/p>\n<p>&nbsp;<\/p>\n<p><strong>Hermanas y hermanos:<\/strong><\/p>\n<p><strong>\u00a0<\/strong><\/p>\n<p>Les pedimos realicen acciones urgentemente exigiendo al gobierno de Rutilio Escand\u00f3n Cadenas y de Andr\u00e9s Manuel L\u00f3pez Obrador que eviten m\u00e1s derramamiento de sangre por enfrentamientos entre grupos armados en el municipio de Pantelh\u00f3 y sobre todo garanticen la vida, integridad f\u00edsica y psicol\u00f3gica de ni\u00f1os, mujeres y ancianos miembros de nuestra Organizaci\u00f3n Sociedad Civil Las Abejas, que viven dentro de la zona de conflicto en menci\u00f3n.<\/p>\n<p>&nbsp;<\/p>\n<p>En el municipio de Pantelh\u00f3, los miembros de la Organizaci\u00f3n Sociedad Civil Las Abejas de Acteal, est\u00e1n en peligro y son asustados por las balaceras y enfrentamientos que se han dado los \u00faltimos d\u00edas. Esta violencia nos hace vivir asustados y sin poder salir a realizar nuestras actividades normales.<\/p>\n<p>&nbsp;<\/p>\n<p>Es por ello que como organizaci\u00f3n Sociedad Civil Las Abejas de Acteal, no nos involucraremos ni en reuniones ni en ning\u00fan otro acto que implique asociarnos con cualquiera de los grupos armados en conflicto. El mundo sabe que nuestra misi\u00f3n es defender los derechos humanos, la vida y la paz. Por ello, en estos d\u00edas de violencia y oscuridad, estamos en jornadas de ayuno y oraci\u00f3n por la Paz en Pantelh\u00f3 y en Chiapas.<\/p>\n<p>&nbsp;<\/p>\n<p>&nbsp;<\/p>\n<p>Ante la violencia desbordada en Pantelh\u00f3, los miembros de nuestra Organizaci\u00f3n de este municipio y sus inmediaciones, se resguardar\u00e1n en sus casas con la bandera de paz a la vista.<\/p>\n<p>&nbsp;<\/p>\n<p>Si algo les llegara a pasar a los miembros de la Organizaci\u00f3n Sociedad Civil Las Abejas de Acteal de Pantelh\u00f3, responsabilizamos directamente al gobierno de Rutilio Escand\u00f3n Cadenas y de Andr\u00e9s Manuel L\u00f3pez Obrador, ya que estos problemas se deben a la falta de voluntad pol\u00edtica que han demostrado para resolver el problema que est\u00e1 pasando en Pantelh\u00f3, as\u00ed como en el resto de Chiapas.<\/p>\n<p>&nbsp;<\/p>\n<p>Por lo tanto, nosotros como Organizaci\u00f3n Sociedad Civil Las Abejas de Acteal, exigimos al gobierno de Rutilio Escand\u00f3n Cadenas y al de Andr\u00e9s Manuel L\u00f3pez Obrador que resuelvan este conflicto lo antes posible, porque si sigue la violencia por m\u00e1s tiempo, continuar\u00e1n las violaciones graves a los derechos de los pueblos y continuar\u00e1n las afectaciones a la vida y a la salud de nuestras comunidades y familias; tal como ha pasado desde hace cuatro a\u00f1os que se aument\u00f3 la violencia en los municipios de Simojovel, Pantelh\u00f3 y Chenalh\u00f3, cobrando como primera v\u00edctima de nuestra organizaci\u00f3n a nuestro hermano defensor de derechos humanos Sim\u00f3n Pedro P\u00e9rez L\u00f3pez. Sabemos que el gobierno no ha hecho justicia ni en este ni en ninguno de los cr\u00edmenes que se han cometido en medio de este conflicto, pero les exigimos que pongan de su parte para evitar m\u00e1s muerte y sufrimiento de inocentes.<\/p>\n<p>&nbsp;<\/p>\n<p>\u00a1Alto a la violencia! \u00a1Nuestros pueblos no son un campo de batalla!<\/p>\n<p>&nbsp;<\/p>\n<p>\u00a1Que resuelva el gobierno el problema de Pantelh\u00f3, ya!<\/p>\n<p>&nbsp;<\/p>\n<p>\u00a1Pedimos porque paren los enfrentamientos y se construya una paz duradera en Pantelh\u00f3!<\/p>\n<p>&nbsp;<\/p>\n<p>\u00a1No m\u00e1s desplazamientos forzados, justicia para todos los desplazados que huyen de la violencia en Chiapas!<\/p>\n<p>&nbsp;<\/p>\n<p><strong>Desde Acteal, Casa de la Memoria y Esperanza.<\/strong><\/p>\n<p><strong>\u00a0<\/strong><\/p>\n<p><strong>Atentamente,<\/strong><\/p>\n<p>&nbsp;<\/p>\n<p><strong>La Voz de la Organizaci\u00f3n Sociedad Civil Las Abejas de Acteal.<\/strong><\/p>\n<p>&nbsp;<\/p>\n<p>Por la Mesa Directiva:<\/p>\n<p>&nbsp;<\/p>\n<table>\n<tbody>\n<tr>\n<td width=\"295\">_______________________________<\/td>\n<td width=\"295\">_______________________________<\/td>\n<\/tr>\n<tr>\n<td width=\"295\">Victorio P\u00e9rez Paciencia<\/td>\n<td width=\"295\">Oscar Hern\u00e1ndez G\u00f3mez<\/td>\n<\/tr>\n<tr>\n<td width=\"295\"><strong>Presidente<\/strong><\/td>\n<td width=\"295\"><strong>Secretario<\/strong><\/td>\n<\/tr>\n<tr>\n<td width=\"295\">&nbsp;<\/td>\n<td width=\"295\">&nbsp;<\/td>\n<\/tr>\n<tr>\n<td width=\"295\">_______________________________<\/td>\n<td width=\"295\">_______________________________<\/td>\n<\/tr>\n<tr>\n<td width=\"295\">Juan P\u00e9rez S\u00e1ntiz<\/td>\n<td width=\"295\">Alfredo Jim\u00e9nez P\u00e9rez<\/td>\n<\/tr>\n<tr>\n<td width=\"295\"><strong>Tesorero<\/strong><\/td>\n<td width=\"295\"><strong>Sub Presidente<\/strong><\/p>\n<p><strong><br \/>\n<\/strong><\/td>\n<\/tr>\n<\/tbody>\n<\/table>\n<p><\/p>","protected":false},"excerpt":{"rendered":"<p>Organizaci\u00f3n Sociedad Civil Las Abejas de Acteal Tierra Sagrada de los M\u00e1rtires de Acteal Acteal, Chenalh\u00f3, Chiapas, M\u00e9xico. &nbsp; 18 de abril del 2024 Al Congreso Nacional Ind\u00edgena Al Consejo Ind\u00edgena de Gobierno A la Comisi\u00f3n Interamericana de Derechos Humanos A las y los Defensores de los Derechos Humanos A los Medios Libres y Alternativos [&hellip;]<\/p>\n","protected":false},"author":21,"featured_media":47960,"comment_status":"open","ping_status":"closed","sticky":false,"template":"","format":"standard","meta":{"footnotes":""},"categories":[957,51,6,826,958,954,935],"tags":[100,79,917,58,53,106,567,147,23,545,87,148,27,483],"class_list":["post-47958","post","type-post","status-publish","format-standard","has-post-thumbnail","hentry","category-autonomia","category-autor","category-chiapas","category-medios-libres-2","category-megaproyectos","category-mexico","category-temas","tag-acteal","tag-autonomia","tag-chiapas","tag-derechos-humanos","tag-justicia","tag-las-abejas-de-acteal","tag-megaproyectos","tag-militarizacion","tag-paramilitares","tag-pueblos-indigenas","tag-represion","tag-resistencia","tag-solidaridad","tag-tierra-y-territorio"],"_links":{"self":[{"href":"https:\/\/radiozapatista.org\/index.php?rest_route=\/wp\/v2\/posts\/47958","targetHints":{"allow":["GET"]}}],"collection":[{"href":"https:\/\/radiozapatista.org\/index.php?rest_route=\/wp\/v2\/posts"}],"about":[{"href":"https:\/\/radiozapatista.org\/index.php?rest_route=\/wp\/v2\/types\/post"}],"author":[{"embeddable":true,"href":"https:\/\/radiozapatista.org\/index.php?rest_route=\/wp\/v2\/users\/21"}],"replies":[{"embeddable":true,"href":"https:\/\/radiozapatista.org\/index.php?rest_route=%2Fwp%2Fv2%2Fcomments&post=47958"}],"version-history":[{"count":1,"href":"https:\/\/radiozapatista.org\/index.php?rest_route=\/wp\/v2\/posts\/47958\/revisions"}],"predecessor-version":[{"id":47961,"href":"https:\/\/radiozapatista.org\/index.php?rest_route=\/wp\/v2\/posts\/47958\/revisions\/47961"}],"wp:featuredmedia":[{"embeddable":true,"href":"https:\/\/radiozapatista.org\/index.php?rest_route=\/wp\/v2\/media\/47960"}],"wp:attachment":[{"href":"https:\/\/radiozapatista.org\/index.php?rest_route=%2Fwp%2Fv2%2Fmedia&parent=47958"}],"wp:term":[{"taxonomy":"category","embeddable":true,"href":"https:\/\/radiozapatista.org\/index.php?rest_route=%2Fwp%2Fv2%2Fcategories&post=47958"},{"taxonomy":"post_tag","embeddable":true,"href":"https:\/\/radiozapatista.org\/index.php?rest_route=%2Fwp%2Fv2%2Ftags&post=47958"}],"curies":[{"name":"wp","href":"https:\/\/api.w.org\/{rel}","templated":true}]}}