{"id":47952,"date":"2024-04-18T10:16:51","date_gmt":"2024-04-18T16:16:51","guid":{"rendered":"https:\/\/radiozapatista.org\/?p=47952"},"modified":"2024-04-18T10:16:51","modified_gmt":"2024-04-18T16:16:51","slug":"pronunciamiento-conjunto-libertad-inmediata-de-los-cinco-defensores-comunitarios-de-san-juan-cancuc-fin-a-la-criminalizacion","status":"publish","type":"post","link":"https:\/\/radiozapatista.org\/?p=47952","title":{"rendered":"[:es]Pronunciamiento conjunto: Libertad inmediata de los cinco defensores comunitarios de San Juan Cancuc; fin a la criminalizaci\u00f3n[:]"},"content":{"rendered":"<p>[:es]<\/p>\n<div class=\"node__content clearfix\">\n<div class=\"field field--name-body field--type-text-with-summary field--label-hidden field__item\">\n<div class=\"WordSection1\">\n<div class=\"WordSection1\">\n<p class=\"text-align-right\">San Crist\u00f3bal de Las Casas, Chiapas<\/p>\n<p align=\"right\">18 de abril del 2024<\/p>\n<p>&nbsp;<\/p>\n<p align=\"center\"><b>PRONUNCIAMIENTO CONJUNTO<\/b><\/p>\n<\/div>\n<p align=\"center\"><b>Libertad inmediata a los cinco defensores comunitarios de <\/b><\/p>\n<p align=\"center\"><b>San Juan Cancuc; fin a la criminalizaci\u00f3n<\/b><\/p>\n<p align=\"center\">\n<p>Habitantes del municipio de San Juan Cancuc hist\u00f3ricamente se han opuesto a los megaproyectos de los tres niveles de gobierno tales como presa hidroel\u00e9ctrica y s\u00faper carretera, adem\u00e1s de oponerse a la <b>militarizaci\u00f3n de su territorio<\/b>.<\/p>\n<p>En este contexto, Manuel Santiz Cruz presidente del Comit\u00e9 de promotores de derechos humanos de la Parroquia de San Juan Cancuc, as\u00ed como Agust\u00edn P\u00e9rez Dom\u00ednguez, Juan Velasco Aguilar, Mart\u00edn P\u00e9rez Dom\u00ednguez y Agust\u00edn P\u00e9rez Velasco, mayas tseltales originarios del mismo municipio llevan 22 meses y 18 d\u00edas privados injustamente de su libertad. Su detenci\u00f3n obedece a una pol\u00edtica de criminalizaci\u00f3n de la defensa del territorio en donde el gobierno de Chiapas, y el Federal, buscan generar miedo, desmovilizaci\u00f3n y negar el derecho a la manifestaci\u00f3n libre y pac\u00edfica de los pueblos.<\/p>\n<p>La detenci\u00f3n arbitraria de los tres primeros -Manuel Santiz Cruz, Agust\u00edn P\u00e9rez Dom\u00ednguez y Juan Velasco Aguilar, el 29 de mayo de 2022 en San Juan Cancuc, se llev\u00f3 a trav\u00e9s de un operativo conjunto de la Polic\u00eda Municipal, Guardia Nacional (GN) y el Ej\u00e9rcito mexicano. Fueron detenidos e incomunicados durante 24 horas de forma ilegal y sin registro oficial por parte de la Polic\u00eda Especializada adscrita a la Fiscal\u00eda de Justicia Ind\u00edgena, quien adem\u00e1s durante este tiempo les mont\u00f3 un delito de posesi\u00f3n de marihuana, cambi\u00f3 el lugar de la detenci\u00f3n a San Crist\u00f3bal de La Casas, y les inici\u00f3 una carpeta de investigaci\u00f3n.<\/p>\n<p>Tras un simulacro de libertad del primer delito, el 31 de mayo fueron reaprendidos los tres pobladores mayas tseltales a trav\u00e9s de un nuevo delito fabricado: homicidio calificado, siendo trasladados al Centro Estatal de Reinserci\u00f3n Social para Sentenciados N\u00famero 05 de San Crist\u00f3bal de Las Casas (CERSS 05). El Juez de Control otorg\u00f3 la orden un minuto antes de que existiera formalmente la solicitud ministerial.<\/p>\n<p>El 01 de junio, tras acudir a rendir su declaraci\u00f3n como testigos y desmentir la versi\u00f3n oficial respecto a la situaci\u00f3n de sus compa\u00f1eros, fueron detenidos bajo el mismo delito, Mart\u00edn P\u00e9rez Dom\u00ednguez y Agust\u00edn P\u00e9rez Velasco a las afueras del CERSS 05 por elementos de la Polic\u00eda Especializada de la Fiscal\u00eda de Justicia Ind\u00edgena y la Polic\u00eda Estatal de manera ilegal arbitraria, a pesar de la presencia de observadoras nacionales e internacionales de Derechos Humanos. Tras la detenci\u00f3n sufrieron incomunicaci\u00f3n y fueron desaparecidos. Se castig\u00f3 la solidaridad y se busc\u00f3 generar miedo a los pueblos y comunidades de San Juan Cancuc.<\/p>\n<p>Tras un primer juicio oral en donde se expusieron las inconsistencias de las pruebas fabricadas, los testigos a modo, as\u00ed como las malas pr\u00e1cticas de la Fiscal\u00eda General del Estado, el 12 de mayo de 2023 fueron sentenciados a 25 a\u00f1os de prisi\u00f3n. Tras una apelaci\u00f3n por faltas al debido proceso, a finales de febrero de 2024 se repuso el proceso.<\/p>\n<p>En el marco de la audiencia de alegatos de clausura y dictado de sentencia en contra de los defensores, insistimos en que no existen pruebas que apunten a la responsabilidad de los defensores del territorio ante el delito que se les acusa, <b>por lo que exigimos la liberaci\u00f3n inmediata e incondicional de los cinco presos de San Juan Cancuc.<\/b><\/p>\n<p>El d\u00eda de hoy 18 de abril, en el marco de la reposici\u00f3n del Juicio Oral, esperamos que el Tribunal de Enjuiciamiento en San Crist\u00f3bal de Las Casas, Chiapas, cumpla con su deber de impartir justicia verdadera, objetiva y no condene a cinco personas inocentes. Sabemos que la criminalizaci\u00f3n y encarcelamiento de personas defensoras de los Derechos Humanos es una medida represiva que pretende anular a quienes ejercen leg\u00edtimamente, el derecho a la autonom\u00eda y la libre determinaci\u00f3n y a quienes enfrentan la militarizaci\u00f3n e imposici\u00f3n de megaproyectos en sus territorios.<\/p>\n<p>Durante este largo proceso que ha durado 22 meses y 18 d\u00edas de privaci\u00f3n arbitraria de la libertad de los cinco defensores del territorio de Cancuc, hemos confirmado y demostrado su inocencia, adem\u00e1s, observado que la fabricaci\u00f3n de pruebas por parte de la Fiscal\u00eda es una constante.<\/p>\n<p>La criminalizaci\u00f3n a personas defensoras de pueblos originarios en Chiapas y en M\u00e9xico es una forma de castigo ejemplar por el ejercicio de la defensa de los derechos humanos, de la tierra y el territorio. Tiene su ra\u00edz en el racismo estructural, se lleva a cabo a trav\u00e9s de privaciones arbitrarias de la libertad, tortura, fabricaci\u00f3n de culpables; existe participaci\u00f3n de efectivos del Ej\u00e9rcito mexicano y la GN en las detenciones, adem\u00e1s del incumplimiento en el juzgamiento con perspectiva intercultural, acompa\u00f1ado del uso exceso del l\u00edmite de tiempo de la prisi\u00f3n preventiva oficiosa.<\/p>\n<p>Los cinco defensores del territorio de San Juan Cancuc han sido v\u00edctimas del sistema de impartici\u00f3n de (in)justicia, al igual que el hablante de lengua Ch\u00b4ol Base de Apoyo Zapatista Jos\u00e9 D\u00edaz G\u00f3mez encarcelado hace m\u00e1s de un a\u00f1o en el CERSS 17 de Catazaj\u00e1.<\/p>\n<p>Confiamos que dentro de las pr\u00f3ximas 24 horas la Juez determine su fallo y sea favorable para los cinco defensores del territorio mayas tseltales presos y puedan recobrar sus garant\u00edas y ejercicio plenos de sus derechos humanos, dejando as\u00ed de ser rehenes del Estado mexicano.<\/p>\n<p>Por todo lo anteriormente se\u00f1alado, exigimos:<\/p>\n<p>1. Al gobierno del Estado de Chiapas, libertad inmediata e incondicional de los cinco defensores del territorio del municipio de San Juan Cancuc.<\/p>\n<p>2. Libertad inmediata e incondicional a Jos\u00e9 D\u00edaz G\u00f3mez Base de Apoyo del Ej\u00e9rcito Zapatista de Liberaci\u00f3n Nacional (BAEZLN).<\/p>\n<p>3. Que el Estado mexicano cese en su criminalizaci\u00f3n de las personas defensoras de los Derechos Humanos en Chiapas<\/p>\n<p>&nbsp;<\/p>\n<p align=\"center\"><b>\u00a1ALTO A LA F\u00c1BRICA DE CULPABLES!<\/b><\/p>\n<p align=\"center\">\n<p align=\"center\"><b>Centro de Derechos Humanos de Fray Bartolom\u00e9 de Las Casas AC (Frayba)<\/b><\/p>\n<p align=\"center\"><b>Comit\u00e9 de Derechos Humanos del Movimiento en Defensa de la Vida y el Territorio (Modevite)<\/b><\/p>\n<p align=\"center\"><b>Pueblo Creyente de San Juan Cancuc<\/b><\/p>\n<p align=\"center\"><b>Grupo de Trabajo No Estamos Todxs<\/b><\/p>\n<p align=\"center\"><b>Jornadas contra la Criminalizaci\u00f3n y por la Libertad<\/b><\/p>\n<p align=\"center\"><b>Red de Resistencia y Rebeld\u00eda Ajmaq<\/b><\/p>\n<p align=\"center\"><b>Vicar\u00eda de Justicia y Paz, Di\u00f3cesis de San Crist\u00f3bal de Las Casas<\/b><\/p>\n<p align=\"center\">\n<p align=\"center\"><b>Con el acompa\u00f1amiento internacional del<\/b><\/p>\n<p align=\"center\"><b>\u00a0Movimiento Sueco por la Reconciliaci\u00f3n (Swefor)<\/b><\/p>\n<\/div>\n<\/div>\n<div class=\"field field--name-field-adjunto field--type-file field--label-hidden field__item\"><span class=\"file file--mime-application-pdf file--application-pdf\"><a title=\"240418_pronunciamiento_conjunto_presos_cancuc_0.pdf\" href=\"https:\/\/frayba.org.mx\/sites\/default\/files\/2024-04\/240418_pronunciamiento_conjunto_presos_cancuc_0.pdf\" type=\"application\/pdf\">Descarga el Pronunciamiento conjunto en PDF<\/a><\/span>(270.15 KB)<\/div>\n<div class=\"sharethis-wrapper\"><\/div>\n<\/div>\n<div id=\"node-single-comment\"><\/div>\n<p>[:]<\/p>\n","protected":false},"excerpt":{"rendered":"<p>[:es] San Crist\u00f3bal de Las Casas, Chiapas 18 de abril del 2024 &nbsp; PRONUNCIAMIENTO CONJUNTO Libertad inmediata a los cinco defensores comunitarios de San Juan Cancuc; fin a la criminalizaci\u00f3n Habitantes del municipio de San Juan Cancuc hist\u00f3ricamente se han opuesto a los megaproyectos de los tres niveles de gobierno tales como presa hidroel\u00e9ctrica y [&hellip;]<\/p>\n","protected":false},"author":21,"featured_media":47953,"comment_status":"open","ping_status":"closed","sticky":false,"template":"","format":"standard","meta":{"footnotes":""},"categories":[957,51,6,55,954,962,935],"tags":[79,917,58,53,147,23,37,545,87,148,27,483],"class_list":["post-47952","post","type-post","status-publish","format-standard","has-post-thumbnail","hentry","category-autonomia","category-autor","category-chiapas","category-frayba","category-mexico","category-presos","category-temas","tag-autonomia","tag-chiapas","tag-derechos-humanos","tag-justicia","tag-militarizacion","tag-paramilitares","tag-presos-politicos","tag-pueblos-indigenas","tag-represion","tag-resistencia","tag-solidaridad","tag-tierra-y-territorio"],"_links":{"self":[{"href":"https:\/\/radiozapatista.org\/index.php?rest_route=\/wp\/v2\/posts\/47952","targetHints":{"allow":["GET"]}}],"collection":[{"href":"https:\/\/radiozapatista.org\/index.php?rest_route=\/wp\/v2\/posts"}],"about":[{"href":"https:\/\/radiozapatista.org\/index.php?rest_route=\/wp\/v2\/types\/post"}],"author":[{"embeddable":true,"href":"https:\/\/radiozapatista.org\/index.php?rest_route=\/wp\/v2\/users\/21"}],"replies":[{"embeddable":true,"href":"https:\/\/radiozapatista.org\/index.php?rest_route=%2Fwp%2Fv2%2Fcomments&post=47952"}],"version-history":[{"count":1,"href":"https:\/\/radiozapatista.org\/index.php?rest_route=\/wp\/v2\/posts\/47952\/revisions"}],"predecessor-version":[{"id":47954,"href":"https:\/\/radiozapatista.org\/index.php?rest_route=\/wp\/v2\/posts\/47952\/revisions\/47954"}],"wp:featuredmedia":[{"embeddable":true,"href":"https:\/\/radiozapatista.org\/index.php?rest_route=\/wp\/v2\/media\/47953"}],"wp:attachment":[{"href":"https:\/\/radiozapatista.org\/index.php?rest_route=%2Fwp%2Fv2%2Fmedia&parent=47952"}],"wp:term":[{"taxonomy":"category","embeddable":true,"href":"https:\/\/radiozapatista.org\/index.php?rest_route=%2Fwp%2Fv2%2Fcategories&post=47952"},{"taxonomy":"post_tag","embeddable":true,"href":"https:\/\/radiozapatista.org\/index.php?rest_route=%2Fwp%2Fv2%2Ftags&post=47952"}],"curies":[{"name":"wp","href":"https:\/\/api.w.org\/{rel}","templated":true}]}}