{"id":4791,"date":"2011-12-09T06:51:04","date_gmt":"2011-12-09T12:51:04","guid":{"rendered":"https:\/\/radiozapatista.org\/?p=4791"},"modified":"2020-01-25T08:19:11","modified_gmt":"2020-01-25T14:19:11","slug":"invitacion-encuentro-internacional-de-ddhh-en-solidaridad-con-honduras","status":"publish","type":"post","link":"https:\/\/radiozapatista.org\/?p=4791","title":{"rendered":"Invitaci\u00f3n: Encuentro Internacional de DDHH en Solidaridad con Honduras"},"content":{"rendered":"<p>Hermanos y hermanas,<\/p>\n<p>Compa\u00f1eros y compa\u00f1eras,<\/p>\n<p>Nuestro saludo a todos y todas,<\/p>\n<p>Con esperanzas y ganas de continuar en la construcci\u00f3n de una Honduras  donde NO seamos estad\u00edsticas crecientes en la violaci\u00f3n de derechos humanos,  buscando salidas a la grave situaci\u00f3n humanitaria en el Valle de Agu\u00e1n, regi\u00f3n  de lucha campesina, diversas organizaciones estamos uniendo esfuerzos para que  una vez m\u00e1s entre hondure\u00f1os y hondure\u00f1as nos juntemos a repensar esas  construcciones colectivas por la justicia, la dignidad y la vida, donde podamos  contar con la \u00a0solidaridad internacional que nos llene de aliento,  ternura y nos fortalezca para enfrentar la sistem\u00e1tica violaci\u00f3n de derechos  humanos, la militarizaci\u00f3n y el despojo.<\/p>\n<p>Nos da mucho gusto invitarles a participar en el <strong>Encuentro  Internacional de Derechos Humanos en Solidaridad con Honduras<\/strong>, que se  llevar\u00e1 a cabo en el Bajo Agu\u00e1n, departamento de Col\u00f3n, Honduras, del 17 al 20  de febrero del 2012.<\/p>\n<p>En este\u00a0 Encuentro internacional nos proponemos:<\/p>\n<ul>\n<li>Hacer evidente la continuidad del Golpe de Estado en Honduras y su  expresi\u00f3n en todo el aparato institucional responsable de la impunidad y la  agudizaci\u00f3n de la violencia estatal.<\/li>\n<li>Fortalecer los v\u00ednculos solidarios y de hermandad entre luchas y pueblos  del mundo, a partir de la acci\u00f3n\u00a0 com\u00fan frente a la grave situaci\u00f3n  de violaci\u00f3n de derechos humanos en Honduras.<\/li>\n<li>Visibilizar y denunciar la situaci\u00f3n de violaci\u00f3n de derechos humanos en  Honduras y especialmente en el Bajo Agu\u00e1n<\/li>\n<li>Entender la vinculaci\u00f3n entre la militarizaci\u00f3n, la  transnacionalizaci\u00f3n, la lucha por la tierra y la violaci\u00f3n de derechos humanos  en la regi\u00f3n y el pa\u00eds<\/li>\n<\/ul>\n<p>Previo y posterior al Encuentro, y en el marco de esta convocatoria, se  realizar\u00e1n Brigadas Nacionales e Internacionales de Solidaridad, en las  comunidades y asentamientos que viven las condiciones m\u00e1s graves. Estas BRIGADAS  DE SOLIDARIDAD se establecen a partir de la convicci\u00f3n de que la creatividad, el  afecto activo y la colectividad vital, tienen la potencia de desmontar la  cultura de la violencia que sostiene la l\u00f3gica militar.<\/p>\n<p>Cumplir\u00e1n tareas en el marco de la prevenci\u00f3n y protecci\u00f3n de los  derechos humanos para los asentamientos de las diversas organizaciones  campesinas sometidas a procesos de represi\u00f3n y exterminio. Las brigadas de la  solidaridad permanecer\u00e1n por espacios de tiempo definidos entre las personas  delegadas y el Observatorio.<\/p>\n<p>Les recordamos que la llegada a Tocoa, ciudad principal del Bajo Aguan,  es el d\u00eda 17, los d\u00edas plenos de trabajo son el 18 y 19 y el 20 la salida. Para  quienes contin\u00faan en las Brigadas de Solidaridad \u00e9stas ser\u00e1n coordinadas con el  Observatorio.<\/p>\n<p>Para m\u00e1s  informaci\u00f3n:<\/p>\n<p>pueden  comunicarse al correo electronico:<a href=\"http:\/\/goog_986871344\/\" target=\"_blank\"> <\/a><a href=\"mailto:mioaguan2012@gmail.com\" target=\"_blank\">mioaguan2012@gmail.com<\/a><\/p>\n<p><a href=\"mailto:mioaguan2012@gmail.com\" target=\"_blank\"><\/a>y seguir el blog:\u00a0  <a href=\"http:\/\/www.mioaguan.blogspot.com\/\" target=\"_blank\">http:\/\/www.mioaguan.blogspot.com\/<\/a><\/p>\n<p>Para las  Brigadas de Solidaridad contactarse directamente a:<\/p>\n<table style=\"height: 38px\" border=\"0\" cellpadding=\"0\" width=\"410\">\n<tbody>\n<tr>\n<td><\/td>\n<td>Brigadas  Aguan &#8211; <a href=\"mailto:brigada.solidaridad.aguan@gmail.com\" target=\"_blank\">brigada.solidaridad.aguan@gmail.com<\/a><\/p>\n<p><a href=\"mailto:brigada.solidaridad.aguan@gmail.com\" target=\"_blank\"><br \/>\n<\/a><\/td>\n<\/tr>\n<\/tbody>\n<\/table>\n<p><a href=\"mailto:mioaguan2012@gmail.com\" target=\"_blank\"><\/a><\/p>\n<p><strong>Observatorio Permanente de Derechos Humanos en el  \u00a0Agu\u00e1n.<\/strong><\/p>\n<p><strong>Consejo C\u00edvico de Organizaciones Populares e Ind\u00edgenas de Honduras  COPINH.<\/strong><\/p>\n<p><strong>Organizaci\u00f3n Fraternal Negra de Honduras OFRANEH<\/strong><\/p>\n<p><strong>Insurrectas Aut\u00f3nomas <\/strong><\/p>\n<p><strong>Espacio Refundacional<\/strong><\/p>\n<p><strong>Coordinadora de Organizaciones Populares del Aguan COPA<\/strong><\/p>\n<p><strong>Frente Nacional de Resistencia Popular \u2013 FNRP &#8211; Colon<\/strong><\/p>\n<p><strong>Movimiento Campesino del Aguan &#8211; MCA<\/strong><\/p>\n<p><strong>Movimiento Unificado Campesino del Aguan \u2013 Margen  Izquierda<\/strong><\/p>\n<p><strong>MUCA \u2013MI<\/strong><\/p>\n<p><strong>Movimiento Unificado Campesino del Aguan \u2013 Margen Derecha<\/strong><\/p>\n<p><strong>MUCA-MD<\/strong><\/p>\n<p><strong>Movimiento Campesino de Rigores<\/strong><\/p>\n<p><strong>Movimiento Campesino Orica<\/strong><\/p>\n<p><strong>Movimiento Mara\u00f1ones<\/strong><\/p>\n<p><strong>Cooperativa Buenos Aires<\/strong><\/p>\n<p><strong>Movimiento Campesino de Vallecito<\/strong><\/p>\n<p><strong> Movimiento Aut\u00e9ntico Reivindicador de Campesinos del  Aguan<\/strong><strong> MARCA<\/strong><\/p>\n<p><strong>Fundacion Popol Nah Tum<\/strong><\/p>\n<p><strong>Colectivo Italia Centro Am\u00e9rica<\/strong><\/p>\n<p><strong>Rights Action<\/strong><\/p>\n<p><strong>Convergencia de Movimientos de los Pueblos de las Americas  COMPA<br \/>\n<\/strong><\/p>\n<p><strong> <\/strong><strong>Comit\u00e9 de \u00a0Familiares de Detenidos Desaparecidos en  Honduras<\/strong><strong> COFADEH<\/strong><br \/>\n&#8212;<br \/>\n<a href=\"http:\/\/www.mioaguan.blogspot.com\/\" target=\"_blank\">www.mioaguan.blogspot.com<\/a><\/p>","protected":false},"excerpt":{"rendered":"<p>Hermanos y hermanas, Compa\u00f1eros y compa\u00f1eras, Nuestro saludo a todos y todas, Con esperanzas y ganas de continuar en la construcci\u00f3n de una Honduras donde NO seamos estad\u00edsticas crecientes en la violaci\u00f3n de derechos humanos, buscando salidas a la grave situaci\u00f3n humanitaria en el Valle de Agu\u00e1n, regi\u00f3n de lucha campesina, diversas organizaciones estamos uniendo [&hellip;]<\/p>\n","protected":false},"author":1,"featured_media":0,"comment_status":"open","ping_status":"open","sticky":false,"template":"","format":"standard","meta":{"footnotes":""},"categories":[1284,183],"tags":[58,56,73,53,148,27],"class_list":["post-4791","post","type-post","status-publish","format-standard","hentry","category-latinoamerica","category-blog","tag-derechos-humanos","tag-encuentros","tag-honduras","tag-justicia","tag-resistencia","tag-solidaridad"],"_links":{"self":[{"href":"https:\/\/radiozapatista.org\/index.php?rest_route=\/wp\/v2\/posts\/4791","targetHints":{"allow":["GET"]}}],"collection":[{"href":"https:\/\/radiozapatista.org\/index.php?rest_route=\/wp\/v2\/posts"}],"about":[{"href":"https:\/\/radiozapatista.org\/index.php?rest_route=\/wp\/v2\/types\/post"}],"author":[{"embeddable":true,"href":"https:\/\/radiozapatista.org\/index.php?rest_route=\/wp\/v2\/users\/1"}],"replies":[{"embeddable":true,"href":"https:\/\/radiozapatista.org\/index.php?rest_route=%2Fwp%2Fv2%2Fcomments&post=4791"}],"version-history":[{"count":1,"href":"https:\/\/radiozapatista.org\/index.php?rest_route=\/wp\/v2\/posts\/4791\/revisions"}],"predecessor-version":[{"id":33941,"href":"https:\/\/radiozapatista.org\/index.php?rest_route=\/wp\/v2\/posts\/4791\/revisions\/33941"}],"wp:attachment":[{"href":"https:\/\/radiozapatista.org\/index.php?rest_route=%2Fwp%2Fv2%2Fmedia&parent=4791"}],"wp:term":[{"taxonomy":"category","embeddable":true,"href":"https:\/\/radiozapatista.org\/index.php?rest_route=%2Fwp%2Fv2%2Fcategories&post=4791"},{"taxonomy":"post_tag","embeddable":true,"href":"https:\/\/radiozapatista.org\/index.php?rest_route=%2Fwp%2Fv2%2Ftags&post=4791"}],"curies":[{"name":"wp","href":"https:\/\/api.w.org\/{rel}","templated":true}]}}