{"id":47879,"date":"2024-04-01T13:38:00","date_gmt":"2024-04-01T19:38:00","guid":{"rendered":"https:\/\/radiozapatista.org\/?p=47879"},"modified":"2024-04-01T13:38:00","modified_gmt":"2024-04-01T19:38:00","slug":"plan-sonora-y-nearshoring-en-mexico-apuesta-de-eeuu-para-hacer-frente-a-industria-china","status":"publish","type":"post","link":"https:\/\/radiozapatista.org\/?p=47879","title":{"rendered":"Plan Sonora y nearshoring en M\u00e9xico, apuesta de EEUU para hacer frente a industria China"},"content":{"rendered":"<p>Fuente: <a href=\"https:\/\/avispa.org\/plan-sonora-y-nearshoring-en-mexico-apuesta-de-eeuu-para-hacer-frente-a-industria-china\/\">Avispa Midia<\/a><\/p>\n<p>Por Aldo Santiago<\/p>\n<div class=\"tdb-block-inner td-fix-index\">\n<p><em><sup>En portada: Acompa\u00f1ado del embajador de EEUU en M\u00e9xico, Ken Salazar, y otros 100 diplom\u00e1ticos, el entonces canciller mexicano, Marcelo Ebrard, presume las obras de Puerto Pe\u00f1asco, el parque fotovoltaico m\u00e1s grande de Latinoam\u00e9rica que forma parte del Plan Sonora. Febrero, 2023.<\/sup><\/em><\/p>\n<p>Pese a la enunciaci\u00f3n desde el oficialismo, de que la construcci\u00f3n y operaci\u00f3n de infraestructura energ\u00e9tica, transporte e industria impulsadas con ah\u00ednco en el Sureste y Noroeste mexicano responden a cuestiones de soberan\u00eda nacional,\u00a0<a href=\"http:\/\/geocomunes.org\/Analisis_PDF\/GC_2024_Reestructuracion_Energetica_Mexico.pdf\">un estudio realizado por el colectivo GeoComunes<\/a>\u00a0devela como el despliegue reciente de estos proyectos refuerzan una din\u00e1mica territorial de subordinaci\u00f3n al capital extranjero, primordialmente de los EEUU.<\/p>\n<p>Esta l\u00f3gica, detalla el informe, cohesiona diversos proyectos ante el denominado\u00a0<em>nearshoring<\/em>, una pol\u00edtica que busca trasladar actividades extractivas y manufactureras -que requieren una alta demanda de bienes naturales, energ\u00eda y fuerza de trabajo- a la regi\u00f3n fronteriza entre EEUU y M\u00e9xico.<\/p>\n<p>En la regi\u00f3n Noroeste\u00a0que abarca los estados de Sinaloa, Sonora, Baja California y Baja California Sur, los investigadores resaltan el denominado Plan Sonora como un \u201cnuevo eslab\u00f3n en la subordinaci\u00f3n energ\u00e9tica de M\u00e9xico\u201d.<\/p>\n<figure class=\"wp-block-image size-large\"><a class=\"td-modal-image\" href=\"https:\/\/avispa.org\/wp-content\/uploads\/2024\/03\/Mapa-plan-sonora-dependencia-EEUU.jpg\"><img loading=\"lazy\" decoding=\"async\" class=\"wp-image-113978 td-animation-stack-type0-2\" src=\"https:\/\/avispa.org\/wp-content\/uploads\/2024\/03\/Mapa-plan-sonora-dependencia-EEUU-1024x725.jpg\" sizes=\"auto, (max-width: 1024px) 100vw, 1024px\" srcset=\"https:\/\/avispa.org\/wp-content\/uploads\/2024\/03\/Mapa-plan-sonora-dependencia-EEUU-1024x725.jpg 1024w, https:\/\/avispa.org\/wp-content\/uploads\/2024\/03\/Mapa-plan-sonora-dependencia-EEUU-300x212.jpg 300w, https:\/\/avispa.org\/wp-content\/uploads\/2024\/03\/Mapa-plan-sonora-dependencia-EEUU-768x544.jpg 768w, https:\/\/avispa.org\/wp-content\/uploads\/2024\/03\/Mapa-plan-sonora-dependencia-EEUU-696x493.jpg 696w, https:\/\/avispa.org\/wp-content\/uploads\/2024\/03\/Mapa-plan-sonora-dependencia-EEUU-1068x756.jpg 1068w, https:\/\/avispa.org\/wp-content\/uploads\/2024\/03\/Mapa-plan-sonora-dependencia-EEUU-593x420.jpg 593w, https:\/\/avispa.org\/wp-content\/uploads\/2024\/03\/Mapa-plan-sonora-dependencia-EEUU-100x70.jpg 100w, https:\/\/avispa.org\/wp-content\/uploads\/2024\/03\/Mapa-plan-sonora-dependencia-EEUU.jpg 1117w\" alt=\"\" width=\"1024\" height=\"725\" \/><\/a><\/figure>\n<p>El informe destaca que uno de los objetivos principales de dicho plan es fortalecer sectores de la econom\u00eda estadounidense frente a la actual desventaja con respecto a la industria de China, donde sobresalen dos sectores estrat\u00e9gicos que demandan la infraestructura que se desarrolla en el noreste mexicano: para la fabricaci\u00f3n de microprocesadores y la maquila de autom\u00f3viles el\u00e9ctricos.<\/p>\n<h3 id=\"h-industrias-claves-para-eeuu\" class=\"wp-block-heading has-black-color has-text-color\"><strong>Industrias claves para EEUU<\/strong><\/h3>\n<p>\u201cEl Plan Sonora es un proyecto que pese a ser anunciado como soberano, en los hechos, est\u00e1 complementado de forma muy clara con los compromisos de corte neoliberal asociados a la pol\u00edtica estadounidense: el T-MEC (Tratado de Libre Comercio entre M\u00e9xico, EEUU y Canad\u00e1), la Ley de Chips y Ciencia\u00a0y la llamada Ley de Reducci\u00f3n de la Inflaci\u00f3n, con la que busca incentivar el consumo de autom\u00f3viles el\u00e9ctricos\u201d, aseveraron integrantes de GeoComunes durante la presentaci\u00f3n del informe.<\/p>\n<p>En su an\u00e1lisis, subrayan que EEUU\u00a0busca atraer a su territorio dos de las tres etapas m\u00e1s lucrativas en la cadena de valor en la producci\u00f3n de microprocesadores\u00a0en una competencia que tiene a nivel internacional con China para frenar su presencia en este sector, lo que se traduce en el desarrollo de la infraestructura en el Noroeste mexicano que \u201cprofundiza en el car\u00e1cter extractivista y dependiente de la regi\u00f3n fronteriza\u201d.<\/p>\n<p>En el caso de la reconversi\u00f3n de la matriz energ\u00e9tica para la industria automotriz, GeoComunes enfatiza que \u201cel Plan Sonora suma algunos proyectos vinculados con el seguimiento de los acuerdos del T-MEC, como comprometer el litio del subsuelo mexicano para el abasto de las cadenas de suministro automotriz estadounidense\u201d.<\/p>\n<p>As\u00ed, el gobierno mexicano y sus proyectos de infraestructura act\u00faan en concordancia con\u00a0el fortalecimiento para la producci\u00f3n de autom\u00f3viles privados el\u00e9ctricos estadounidenses y debido a la relevancia de minerales para su fabricaci\u00f3n, el colectivo GeoComunes resalta el papel de la empresa estatal LitioMx con la que M\u00e9xico regular\u00e1 la inversi\u00f3n privada en la extracci\u00f3n de litio.<\/p>\n<div class=\"wp-block-image\">\n<figure class=\"alignleft size-full is-resized\"><a class=\"td-modal-image\" href=\"https:\/\/avispa.org\/wp-content\/uploads\/2024\/03\/Mapa-litio-mexico.jpg\"><img loading=\"lazy\" decoding=\"async\" class=\"wp-image-113977 td-animation-stack-type0-2\" src=\"https:\/\/avispa.org\/wp-content\/uploads\/2024\/03\/Mapa-litio-mexico.jpg\" sizes=\"auto, (max-width: 558px) 100vw, 558px\" srcset=\"https:\/\/avispa.org\/wp-content\/uploads\/2024\/03\/Mapa-litio-mexico.jpg 558w, https:\/\/avispa.org\/wp-content\/uploads\/2024\/03\/Mapa-litio-mexico-198x300.jpg 198w, https:\/\/avispa.org\/wp-content\/uploads\/2024\/03\/Mapa-litio-mexico-278x420.jpg 278w\" alt=\"\" width=\"558\" height=\"844\" \/><\/a><\/figure>\n<\/div>\n<p>\u201cSonora tiene el yacimiento de litio m\u00e1s relevante del pa\u00eds, el cual en septiembre de 2023 dej\u00f3 de estar bajo control de la empresa\u00a0<em>China Ganfeng Lithium<\/em>\u00a0como resultado de la cancelaci\u00f3n por parte del gobierno de la concesi\u00f3n que ten\u00eda sobre el mismo, siendo la \u00fanica \u00e1rea donde hasta la fecha el Servicio Geol\u00f3gico Mexicano ha decretado la \u00fanica reserva para la explotaci\u00f3n de este mineral en el pa\u00eds\u201d, enfatiza el informe.<\/p>\n<h3 id=\"h-mineria-riesgos-ambientales-y-opacidad-nbsp\" class=\"wp-block-heading has-black-color has-text-color\"><strong>Miner\u00eda, riesgos ambientales y opacidad\u00a0<\/strong><\/h3>\n<p>En el an\u00e1lisis sobre la reconfiguraci\u00f3n energ\u00e9tica y las cadenas de producci\u00f3n, GeoComunes subraya que el l\u00edtio no es el \u00fanico mineral relevante para la fabricaci\u00f3n de autom\u00f3viles el\u00e9ctricos.<\/p>\n<p>\u201cHay que prestar atenci\u00f3n a la expansi\u00f3n de la cadena de producci\u00f3n de acero, del aluminio y del cobre, miner\u00eda que ya tiene una importante presencia y huella socioambiental en la regi\u00f3n Noroeste\u201d, contextualiz\u00f3 el colectivo durante la presentaci\u00f3n del informe.<\/p>\n<p>Para las y los investigadores, el Plan Sonora promueve el extractivismo minero en la regi\u00f3n, cuya operaci\u00f3n ya ha demostrado que constituye un riesgo para el medioambiente y los bienes naturales.<\/p>\n<p>Basta recordar que, el 6 de agosto de 2014, ocurri\u00f3 un derrame de 40 millones de litros de sulfato de cobre acidulado sobre los r\u00edos Bacanuchi y Sonora. La responsabilidad del ecocidio, que afect\u00f3 a m\u00e1s de 22 mil personas, recae en Grupo M\u00e9xico, una de las mayores empresas mineras del pa\u00eds quien hasta la actualidad <a href=\"https:\/\/www.eluniversal.com.mx\/nacion\/semarnat-denuncia-penalmente-a-grupo-mexico-por-derrame-al-rio-sonora\/\">no ha cumplido con la remediaci\u00f3n de los da\u00f1os ambientales<\/a>.<\/p>\n<figure class=\"wp-block-image size-full\"><a class=\"td-modal-image\" href=\"https:\/\/avispa.org\/wp-content\/uploads\/2024\/03\/ecocidio-rio-sonora.jpeg\"><img loading=\"lazy\" decoding=\"async\" class=\"wp-image-113974 td-animation-stack-type0-2\" src=\"https:\/\/avispa.org\/wp-content\/uploads\/2024\/03\/ecocidio-rio-sonora.jpeg\" sizes=\"auto, (max-width: 983px) 100vw, 983px\" srcset=\"https:\/\/avispa.org\/wp-content\/uploads\/2024\/03\/ecocidio-rio-sonora.jpeg 983w, https:\/\/avispa.org\/wp-content\/uploads\/2024\/03\/ecocidio-rio-sonora-300x170.jpeg 300w, https:\/\/avispa.org\/wp-content\/uploads\/2024\/03\/ecocidio-rio-sonora-768x435.jpeg 768w, https:\/\/avispa.org\/wp-content\/uploads\/2024\/03\/ecocidio-rio-sonora-696x394.jpeg 696w, https:\/\/avispa.org\/wp-content\/uploads\/2024\/03\/ecocidio-rio-sonora-741x420.jpeg 741w\" alt=\"\" width=\"983\" height=\"557\" \/><\/a><figcaption class=\"wp-element-caption\"><em><sup>Ecocidio en el R\u00edo Sonora, ocurrido en 2014, por un derrame responsabilidad de Grupo M\u00e9xico.<\/sup><\/em><\/figcaption><\/figure>\n<p>Para GeoComunes, es alarmante el renovado impulso de la miner\u00eda para los componentes de bater\u00edas y sistemas el\u00e9ctricos de los autom\u00f3viles, que se presenta bajo el \u201cfalso argumento de que es un extractivismo necesario para luchar contra el cambio clim\u00e1tico\u201d.<\/p>\n<p>En comparaci\u00f3n a un auto convencional, detallan que se requieren seis veces m\u00e1s metales, principalmente cobre, grafito y n\u00edquel, para la fabricaci\u00f3n de un coche el\u00e9ctrico, por lo que la Agencia Internacional de Energ\u00eda (AIE) estima que se podr\u00eda duplicar la demanda de cobre entre 2020 y 2040.<\/p>\n<p>Preocupa tambi\u00e9n, que el Plan Sonora ha sido develado \u201ca cuentagotas\u201d, mediante declaraciones informales y sin contar con un plan rector que aclare sus alcances territoriales, componentes y posibles afectaciones al medioambiente.<\/p>\n<div class=\"wp-block-group has-white-color has-vivid-red-background-color has-text-color has-background is-layout-constrained wp-block-group-is-layout-constrained\">\n<div class=\"wp-block-group__inner-container\">\n<h3 id=\"h-militarizacion\" class=\"wp-block-heading\"><strong><mark class=\"has-inline-color has-white-color\">Militarizaci\u00f3n<\/mark><\/strong><\/h3>\n<p>Seg\u00fan las y los investigadores, existe un factor com\u00fan en los diversos proyectos de reorganizaci\u00f3n territorial promovidos por la actual administraci\u00f3n de Andr\u00e9s Manuel L\u00f3pez Obrador (AMLO), \u201cla presencia de las fuerzas armadas como administradora, constructora y resguardante de los proyectos de infraestructura\u201d.<\/p>\n<p>Esta situaci\u00f3n la califican como controversial y preocupante debido a la poca transparencia e informaci\u00f3n de los planes que opera el gobierno federal \u201ccon relaci\u00f3n a este proyecto, y sobre la militarizaci\u00f3n de la regi\u00f3n\u201d.<\/p>\n<p>Uno de los muchos proyectos estrat\u00e9gicos del Plan Sonora, en manos de las fuerzas armadas, es la ampliaci\u00f3n de medios de transporte como la remodelaci\u00f3n del puerto de Guaymas, iniciado en el a\u00f1o 2022 y cuyo objetivo es que dicho puerto se convierta en un \u201ctecnificado centro de distribuci\u00f3n de mercanc\u00edas que llegue a mover 3 millones de contenedores, compitiendo as\u00ed con el puerto estadounidense de\u00a0<em>Long Beach<\/em>\u00a0en los \u00c1ngeles, EEUU\u201d.<\/p>\n<p>Con este proyecto se realiz\u00f3 un cambio administrativo en el puerto de Guaymas, ya que a partir de ahora ser\u00e1 administrado por una empresa descentralizada en la Secretar\u00eda de Marina, quien tambi\u00e9n administrar\u00e1 los aeropuertos de Obreg\u00f3n y Guaymas, ambos en Sonora.<\/p>\n<\/div>\n<\/div>\n<p>\u201cLa \u00fanica informaci\u00f3n al respecto es la que se da en las conferencias de prensa del presidente, del gobernador del estado de Sonora y en las giras de los titulares de la Secretar\u00eda de Econom\u00eda y de Relaciones Exteriores, adem\u00e1s de las menciones del propio gobierno de Estados Unidos, mismas que las m\u00e1s de las veces son ambiguas, breves e incluso contradictorias\u201d, se\u00f1ala el an\u00e1lisis.<\/p>\n<p>Adem\u00e1s de la energ\u00eda, miner\u00eda, litio y electromovilidad, el Plan Sonora integra otro componente que denomina capital humano e infraestructura de punta, \u201cesto \u00faltimo, algo que se traducir\u00eda en la construcci\u00f3n de seis parques cient\u00edficos\u201d, es decir, el fortalecimiento de corredores industriales que \u201cimplica riesgos en materia de seguridad, industrial, ambiental y econ\u00f3mica\u201d para M\u00e9xico.<\/p>\n<h3 id=\"h-baja-california-colonia-energetica-de-eeuu\" class=\"wp-block-heading has-black-color has-text-color\"><strong>Baja California, colonia energ\u00e9tica de EEUU<\/strong><\/h3>\n<p>Si bien la regi\u00f3n Noreste, acorde a GeoComunes, representa la subordinaci\u00f3n energ\u00e9tica de M\u00e9xico frente a EEUU, destacan los territorios y bienes naturales de Baja California donde se despliegan proyectos que le constituyen como una \u201ccolonia energ\u00e9tica\u201d norteamericana.<\/p>\n<p>Destacan que es en Baja California donde actualmente se generan 1,281 MW dedicados a la exportaci\u00f3n de electricidad y, adem\u00e1s, se construye infraestructura para brindar una capacidad adicional de 310 MW. Esto es relevante debido a que es la regi\u00f3n donde se ubica la mayor capacidad de generaci\u00f3n dedicada a la exportaci\u00f3n el\u00e9ctrica de todo el pa\u00eds, que representa 90.5%.<\/p>\n<figure class=\"wp-block-image size-large\"><a class=\"td-modal-image\" href=\"https:\/\/avispa.org\/wp-content\/uploads\/2024\/03\/Baja-California-colonia-energetica-EEUU.jpg\"><img loading=\"lazy\" decoding=\"async\" class=\"wp-image-113973 td-animation-stack-type0-2\" src=\"https:\/\/avispa.org\/wp-content\/uploads\/2024\/03\/Baja-California-colonia-energetica-EEUU-1024x723.jpg\" sizes=\"auto, (max-width: 1024px) 100vw, 1024px\" srcset=\"https:\/\/avispa.org\/wp-content\/uploads\/2024\/03\/Baja-California-colonia-energetica-EEUU-1024x723.jpg 1024w, https:\/\/avispa.org\/wp-content\/uploads\/2024\/03\/Baja-California-colonia-energetica-EEUU-300x212.jpg 300w, https:\/\/avispa.org\/wp-content\/uploads\/2024\/03\/Baja-California-colonia-energetica-EEUU-768x543.jpg 768w, https:\/\/avispa.org\/wp-content\/uploads\/2024\/03\/Baja-California-colonia-energetica-EEUU-696x492.jpg 696w, https:\/\/avispa.org\/wp-content\/uploads\/2024\/03\/Baja-California-colonia-energetica-EEUU-1068x755.jpg 1068w, https:\/\/avispa.org\/wp-content\/uploads\/2024\/03\/Baja-California-colonia-energetica-EEUU-594x420.jpg 594w, https:\/\/avispa.org\/wp-content\/uploads\/2024\/03\/Baja-California-colonia-energetica-EEUU-100x70.jpg 100w, https:\/\/avispa.org\/wp-content\/uploads\/2024\/03\/Baja-California-colonia-energetica-EEUU.jpg 1121w\" alt=\"\" width=\"1024\" height=\"723\" \/><\/a><\/figure>\n<p>GeoComunes contextualiza que, en su totalidad, la generaci\u00f3n energ\u00e9tica para exportaci\u00f3n es propiedad de empresas privadas y se encuentra directamente conectada con los pasos fronterizos de electricidad. \u201cSeg\u00fan los datos de la CEC (Comisi\u00f3n de Energ\u00eda de California), en su conjunto, en 2022 estas centrales de exportaci\u00f3n enviaron 4,209 GWh al estado de California\u201d, detalla el informe.<\/p>\n<div class=\"wp-block-image\">\n<figure class=\"alignright size-full\"><a class=\"td-modal-image\" href=\"https:\/\/avispa.org\/wp-content\/uploads\/2024\/03\/Exportacion-electricidad-Baja-California.png\"><img loading=\"lazy\" decoding=\"async\" class=\"wp-image-113976 td-animation-stack-type0-2\" src=\"https:\/\/avispa.org\/wp-content\/uploads\/2024\/03\/Exportacion-electricidad-Baja-California.png\" sizes=\"auto, (max-width: 524px) 100vw, 524px\" srcset=\"https:\/\/avispa.org\/wp-content\/uploads\/2024\/03\/Exportacion-electricidad-Baja-California.png 524w, https:\/\/avispa.org\/wp-content\/uploads\/2024\/03\/Exportacion-electricidad-Baja-California-275x300.png 275w, https:\/\/avispa.org\/wp-content\/uploads\/2024\/03\/Exportacion-electricidad-Baja-California-385x420.png 385w\" alt=\"\" width=\"524\" height=\"572\" \/><\/a><\/figure>\n<\/div>\n<p>Esta exportaci\u00f3n de energ\u00eda, sobre todo de fuentes renovables, prev\u00e9 aumentar con el paso del tiempo, debido a que\u00a0California aprob\u00f3 una ley que establece que para el a\u00f1o 2045 s\u00f3lo consumir\u00e1 electricidad proveniente de dichas fuentes, \u201clo que puede apuntalar la instalaci\u00f3n de m\u00e1s proyectos para importar energ\u00eda clasificada como \u2018limpia\u2019 de Baja California y Sonora\u201d, asevera el informe.<\/p>\n<p>Es en el Noroeste donde tambi\u00e9n se proyectan emplazar sistemas de almacenamiento de energ\u00eda compuestos por granjas de bater\u00edas, para compensar la intermitencia de las renovables, como el que impulsa la empresa Sempra en Mexicali, Baja California.<\/p>\n<h3 id=\"h-el-papel-de-sempra\" class=\"wp-block-heading has-black-color has-text-color\"><strong>El papel de Sempra<\/strong><\/h3>\n<p>El Plan Sonora est\u00e1 vinculado con la predominancia que ejerce la empresa norteamericana Sempra, cuyas inversiones se despliegan en amplios sectores de la generaci\u00f3n energ\u00e9tica. Durante las \u00faltimas dos d\u00e9cadas, Sempra ha desplegado en M\u00e9xico, particularmente en la regi\u00f3n fronteriza, \u201cun conjunto de infraestructura energ\u00e9tica de tal magnitud que, en el caso particular del norte de Baja California, ha llegado a determinar en gran medida el metabolismo energ\u00e9tico local\u201d, sostienen las y los investigadores.<\/p>\n<figure class=\"wp-block-gallery has-nested-images columns-default is-cropped wp-block-gallery-2 is-layout-flex wp-block-gallery-is-layout-flex\">\n<figure class=\"wp-block-image size-large\"><a class=\"td-modal-image\" href=\"https:\/\/avispa.org\/wp-content\/uploads\/2024\/03\/Presenta-Sempra-Infraestructura-proyectos-de-gas-natural-durante-LNG-2023.jpeg\"><img loading=\"lazy\" decoding=\"async\" class=\"wp-image-113980 td-animation-stack-type0-2\" src=\"https:\/\/avispa.org\/wp-content\/uploads\/2024\/03\/Presenta-Sempra-Infraestructura-proyectos-de-gas-natural-durante-LNG-2023.jpeg\" sizes=\"auto, (max-width: 870px) 100vw, 870px\" srcset=\"https:\/\/avispa.org\/wp-content\/uploads\/2024\/03\/Presenta-Sempra-Infraestructura-proyectos-de-gas-natural-durante-LNG-2023.jpeg 870w, https:\/\/avispa.org\/wp-content\/uploads\/2024\/03\/Presenta-Sempra-Infraestructura-proyectos-de-gas-natural-durante-LNG-2023-300x207.jpeg 300w, https:\/\/avispa.org\/wp-content\/uploads\/2024\/03\/Presenta-Sempra-Infraestructura-proyectos-de-gas-natural-durante-LNG-2023-768x530.jpeg 768w, https:\/\/avispa.org\/wp-content\/uploads\/2024\/03\/Presenta-Sempra-Infraestructura-proyectos-de-gas-natural-durante-LNG-2023-218x150.jpeg 218w, https:\/\/avispa.org\/wp-content\/uploads\/2024\/03\/Presenta-Sempra-Infraestructura-proyectos-de-gas-natural-durante-LNG-2023-696x480.jpeg 696w, https:\/\/avispa.org\/wp-content\/uploads\/2024\/03\/Presenta-Sempra-Infraestructura-proyectos-de-gas-natural-durante-LNG-2023-609x420.jpeg 609w, https:\/\/avispa.org\/wp-content\/uploads\/2024\/03\/Presenta-Sempra-Infraestructura-proyectos-de-gas-natural-durante-LNG-2023-100x70.jpeg 100w\" alt=\"\" width=\"870\" height=\"600\" data-id=\"113980\" \/><\/a><\/figure>\n<figure class=\"wp-block-image size-large\"><a class=\"td-modal-image\" href=\"https:\/\/avispa.org\/wp-content\/uploads\/2024\/03\/Planta-de-Sempra-Baja-California.jpeg\"><img loading=\"lazy\" decoding=\"async\" class=\"wp-image-113979 td-animation-stack-type0-2\" src=\"https:\/\/avispa.org\/wp-content\/uploads\/2024\/03\/Planta-de-Sempra-Baja-California.jpeg\" sizes=\"auto, (max-width: 720px) 100vw, 720px\" srcset=\"https:\/\/avispa.org\/wp-content\/uploads\/2024\/03\/Planta-de-Sempra-Baja-California.jpeg 720w, https:\/\/avispa.org\/wp-content\/uploads\/2024\/03\/Planta-de-Sempra-Baja-California-300x200.jpeg 300w, https:\/\/avispa.org\/wp-content\/uploads\/2024\/03\/Planta-de-Sempra-Baja-California-696x464.jpeg 696w, https:\/\/avispa.org\/wp-content\/uploads\/2024\/03\/Planta-de-Sempra-Baja-California-630x420.jpeg 630w\" alt=\"\" width=\"720\" height=\"480\" data-id=\"113979\" \/><\/a><\/figure>\n<figure class=\"wp-block-image size-large\"><a class=\"td-modal-image\" href=\"https:\/\/avispa.org\/wp-content\/uploads\/2024\/03\/El-parque-eolico-Energia-Sierra-Juarez-en-las-montanas-cercanas-a-Tecate-en-Baja-California.-IEnova-.jpeg\"><img loading=\"lazy\" decoding=\"async\" class=\"wp-image-113975 td-animation-stack-type0-2\" src=\"https:\/\/avispa.org\/wp-content\/uploads\/2024\/03\/El-parque-eolico-Energia-Sierra-Juarez-en-las-montanas-cercanas-a-Tecate-en-Baja-California.-IEnova--1024x768.jpeg\" sizes=\"auto, (max-width: 1024px) 100vw, 1024px\" srcset=\"https:\/\/avispa.org\/wp-content\/uploads\/2024\/03\/El-parque-eolico-Energia-Sierra-Juarez-en-las-montanas-cercanas-a-Tecate-en-Baja-California.-IEnova--1024x768.jpeg 1024w, https:\/\/avispa.org\/wp-content\/uploads\/2024\/03\/El-parque-eolico-Energia-Sierra-Juarez-en-las-montanas-cercanas-a-Tecate-en-Baja-California.-IEnova--300x225.jpeg 300w, https:\/\/avispa.org\/wp-content\/uploads\/2024\/03\/El-parque-eolico-Energia-Sierra-Juarez-en-las-montanas-cercanas-a-Tecate-en-Baja-California.-IEnova--768x576.jpeg 768w, https:\/\/avispa.org\/wp-content\/uploads\/2024\/03\/El-parque-eolico-Energia-Sierra-Juarez-en-las-montanas-cercanas-a-Tecate-en-Baja-California.-IEnova--696x522.jpeg 696w, https:\/\/avispa.org\/wp-content\/uploads\/2024\/03\/El-parque-eolico-Energia-Sierra-Juarez-en-las-montanas-cercanas-a-Tecate-en-Baja-California.-IEnova--1068x801.jpeg 1068w, https:\/\/avispa.org\/wp-content\/uploads\/2024\/03\/El-parque-eolico-Energia-Sierra-Juarez-en-las-montanas-cercanas-a-Tecate-en-Baja-California.-IEnova--560x420.jpeg 560w, https:\/\/avispa.org\/wp-content\/uploads\/2024\/03\/El-parque-eolico-Energia-Sierra-Juarez-en-las-montanas-cercanas-a-Tecate-en-Baja-California.-IEnova--80x60.jpeg 80w, https:\/\/avispa.org\/wp-content\/uploads\/2024\/03\/El-parque-eolico-Energia-Sierra-Juarez-en-las-montanas-cercanas-a-Tecate-en-Baja-California.-IEnova--265x198.jpeg 265w, https:\/\/avispa.org\/wp-content\/uploads\/2024\/03\/El-parque-eolico-Energia-Sierra-Juarez-en-las-montanas-cercanas-a-Tecate-en-Baja-California.-IEnova-.jpeg 1200w\" alt=\"\" width=\"1024\" height=\"768\" data-id=\"113975\" \/><\/a><\/figure><figcaption class=\"blocks-gallery-caption wp-element-caption\"><em><sup>Sempra posee infraestructura para generaci\u00f3n energ\u00e9tica mediante combustibles f\u00f3siles y fuentes renovables.<\/sup><\/em><\/figcaption><\/figure>\n<p>El parque e\u00f3lico Energ\u00eda Sierra Ju\u00e1rez en las monta\u00f1as cercanas a Tecate, en Baja California. (IEnova)<\/p>\n<p>Para dimensionar el papel de Sempra en M\u00e9xico, detallan que la empresa es due\u00f1a de 17 gasoductos, -con m\u00e1s de 2,900 km de tuber\u00edas operando y 200 km actualmente en construcci\u00f3n-. Tambi\u00e9n posee terminales de almacenamiento de petrol\u00edferos y de Gas Natural Licuado, redes de distribuci\u00f3n residencial de gas metano, as\u00ed como centrales el\u00e9ctricas de ciclo combinado, fotovolt\u00e1icas y e\u00f3licas, lo que en conjunto le representan ganancias anuales por casi 400 millones de d\u00f3lares.<\/p>\n<p>Sempra es una de las empresas que obtuvo mas beneficios con la apertura del sector energ\u00e9tico a las inversiones privadas, que tuvo lugar durante la d\u00e9cada de los noventas, principalmente en gas metano, y que\u00a0<a href=\"https:\/\/www.connectas.org\/especiales\/ventajosos-beneficios-sempra-energy-en-mexico\/\">cuadruplic\u00f3 sus activos tras la reforma energ\u00e9tica del 2013<\/a>.<\/p>\n<p>Actualmente, pese a que Sempra posee solo el 5% de la capacidad de generaci\u00f3n conectada a la red de transmisi\u00f3n del Sistema El\u00e9ctrico de Baja California (SEBC), mantiene el control de 74% de la capacidad instalada para la exportaci\u00f3n de electricidad, y el 100% de los gasoductos<\/p>\n<figure class=\"wp-block-gallery has-nested-images columns-default is-cropped wp-block-gallery-4 is-layout-flex wp-block-gallery-is-layout-flex\">\n<figure class=\"wp-block-image size-large\"><a class=\"td-modal-image\" href=\"https:\/\/avispa.org\/wp-content\/uploads\/2024\/03\/Protesta-contra-ampliacion-Sempra-Ensenada.jpeg\"><img loading=\"lazy\" decoding=\"async\" class=\"wp-image-113982 td-animation-stack-type0-2\" src=\"https:\/\/avispa.org\/wp-content\/uploads\/2024\/03\/Protesta-contra-ampliacion-Sempra-Ensenada.jpeg\" sizes=\"auto, (max-width: 800px) 100vw, 800px\" srcset=\"https:\/\/avispa.org\/wp-content\/uploads\/2024\/03\/Protesta-contra-ampliacion-Sempra-Ensenada.jpeg 800w, https:\/\/avispa.org\/wp-content\/uploads\/2024\/03\/Protesta-contra-ampliacion-Sempra-Ensenada-300x171.jpeg 300w, https:\/\/avispa.org\/wp-content\/uploads\/2024\/03\/Protesta-contra-ampliacion-Sempra-Ensenada-768x437.jpeg 768w, https:\/\/avispa.org\/wp-content\/uploads\/2024\/03\/Protesta-contra-ampliacion-Sempra-Ensenada-696x396.jpeg 696w, https:\/\/avispa.org\/wp-content\/uploads\/2024\/03\/Protesta-contra-ampliacion-Sempra-Ensenada-738x420.jpeg 738w\" alt=\"\" width=\"800\" height=\"455\" data-id=\"113982\" \/><\/a><\/figure>\n<figure class=\"wp-block-image size-large\"><a class=\"td-modal-image\" href=\"https:\/\/avispa.org\/wp-content\/uploads\/2024\/03\/Protesta-contra-ampliacion-Sempra-Ensenada-2.jpeg\"><img loading=\"lazy\" decoding=\"async\" class=\"wp-image-113981 td-animation-stack-type0-2\" src=\"https:\/\/avispa.org\/wp-content\/uploads\/2024\/03\/Protesta-contra-ampliacion-Sempra-Ensenada-2-1024x576.jpeg\" sizes=\"auto, (max-width: 1024px) 100vw, 1024px\" srcset=\"https:\/\/avispa.org\/wp-content\/uploads\/2024\/03\/Protesta-contra-ampliacion-Sempra-Ensenada-2-1024x576.jpeg 1024w, https:\/\/avispa.org\/wp-content\/uploads\/2024\/03\/Protesta-contra-ampliacion-Sempra-Ensenada-2-300x169.jpeg 300w, https:\/\/avispa.org\/wp-content\/uploads\/2024\/03\/Protesta-contra-ampliacion-Sempra-Ensenada-2-768x432.jpeg 768w, https:\/\/avispa.org\/wp-content\/uploads\/2024\/03\/Protesta-contra-ampliacion-Sempra-Ensenada-2-696x392.jpeg 696w, https:\/\/avispa.org\/wp-content\/uploads\/2024\/03\/Protesta-contra-ampliacion-Sempra-Ensenada-2-1068x601.jpeg 1068w, https:\/\/avispa.org\/wp-content\/uploads\/2024\/03\/Protesta-contra-ampliacion-Sempra-Ensenada-2-747x420.jpeg 747w, https:\/\/avispa.org\/wp-content\/uploads\/2024\/03\/Protesta-contra-ampliacion-Sempra-Ensenada-2.jpeg 1280w\" alt=\"\" width=\"1024\" height=\"576\" data-id=\"113981\" \/><\/a><\/figure><figcaption class=\"blocks-gallery-caption wp-element-caption\"><em><sup>Protesta ciudadana contra los resultados que el Ayuntamiento de Ensenada emiti\u00f3 de la consulta vecinal para determinar la ampliaci\u00f3n de la planta regasificadora, Sempra, Energ\u00eda Costa Azul.<\/sup><\/em><\/figcaption><\/figure>\n<p>Destaca que Sempra controla tambi\u00e9n el 100% de los puntos fronterizos de internaci\u00f3n terrestres y mar\u00edtimos por donde se importa el gas metano a Baja California y de los cuales depende el 81% de la capacidad de generaci\u00f3n conectada al SEBC y 80% de la capacidad para la exportaci\u00f3n el\u00e9ctrica que no est\u00e1 conectada a la red local, lo que confirma su predominancia en el sector.<\/p>\n<\/div>\n<p><\/p>","protected":false},"excerpt":{"rendered":"<p>Fuente: Avispa Midia Por Aldo Santiago En portada: Acompa\u00f1ado del embajador de EEUU en M\u00e9xico, Ken Salazar, y otros 100 diplom\u00e1ticos, el entonces canciller mexicano, Marcelo Ebrard, presume las obras de Puerto Pe\u00f1asco, el parque fotovoltaico m\u00e1s grande de Latinoam\u00e9rica que forma parte del Plan Sonora. Febrero, 2023. Pese a la enunciaci\u00f3n desde el oficialismo, [&hellip;]<\/p>\n","protected":false},"author":21,"featured_media":47880,"comment_status":"open","ping_status":"closed","sticky":false,"template":"","format":"standard","meta":{"footnotes":""},"categories":[957,51,826,958,954,935],"tags":[79,53,567,147,545,87,148,27,1176,483],"class_list":["post-47879","post","type-post","status-publish","format-standard","has-post-thumbnail","hentry","category-autonomia","category-autor","category-medios-libres-2","category-megaproyectos","category-mexico","category-temas","tag-autonomia","tag-justicia","tag-megaproyectos","tag-militarizacion","tag-pueblos-indigenas","tag-represion","tag-resistencia","tag-solidaridad","tag-sonora","tag-tierra-y-territorio"],"_links":{"self":[{"href":"https:\/\/radiozapatista.org\/index.php?rest_route=\/wp\/v2\/posts\/47879","targetHints":{"allow":["GET"]}}],"collection":[{"href":"https:\/\/radiozapatista.org\/index.php?rest_route=\/wp\/v2\/posts"}],"about":[{"href":"https:\/\/radiozapatista.org\/index.php?rest_route=\/wp\/v2\/types\/post"}],"author":[{"embeddable":true,"href":"https:\/\/radiozapatista.org\/index.php?rest_route=\/wp\/v2\/users\/21"}],"replies":[{"embeddable":true,"href":"https:\/\/radiozapatista.org\/index.php?rest_route=%2Fwp%2Fv2%2Fcomments&post=47879"}],"version-history":[{"count":1,"href":"https:\/\/radiozapatista.org\/index.php?rest_route=\/wp\/v2\/posts\/47879\/revisions"}],"predecessor-version":[{"id":47881,"href":"https:\/\/radiozapatista.org\/index.php?rest_route=\/wp\/v2\/posts\/47879\/revisions\/47881"}],"wp:featuredmedia":[{"embeddable":true,"href":"https:\/\/radiozapatista.org\/index.php?rest_route=\/wp\/v2\/media\/47880"}],"wp:attachment":[{"href":"https:\/\/radiozapatista.org\/index.php?rest_route=%2Fwp%2Fv2%2Fmedia&parent=47879"}],"wp:term":[{"taxonomy":"category","embeddable":true,"href":"https:\/\/radiozapatista.org\/index.php?rest_route=%2Fwp%2Fv2%2Fcategories&post=47879"},{"taxonomy":"post_tag","embeddable":true,"href":"https:\/\/radiozapatista.org\/index.php?rest_route=%2Fwp%2Fv2%2Ftags&post=47879"}],"curies":[{"name":"wp","href":"https:\/\/api.w.org\/{rel}","templated":true}]}}