{"id":47876,"date":"2024-03-28T14:18:16","date_gmt":"2024-03-28T20:18:16","guid":{"rendered":"https:\/\/radiozapatista.org\/?p=47876"},"modified":"2024-03-28T14:18:16","modified_gmt":"2024-03-28T20:18:16","slug":"asamblea-nacional-por-el-agua-piden-organizar-campanas-de-boicot-a-coca-cola-y-bonafont","status":"publish","type":"post","link":"https:\/\/radiozapatista.org\/?p=47876","title":{"rendered":"Asamblea Nacional por el Agua: piden organizar campa\u00f1as de boicot a Coca-Cola y Bonafont"},"content":{"rendered":"<p>Fuente: <a href=\"https:\/\/avispa.org\/asamblea-nacional-por-el-agua-piden-organizar-campanas-de-boicot-a-coca-cola-y-bonafont\/\">Avispa Midia<\/a><\/p>\n<div class=\"tdb-block-inner td-fix-index\">\n<p><em><sup>Texto y fotos por Karen Castillo<\/sup><\/em><\/p>\n<p>Los d\u00edas 23 y 24 de marzo se llev\u00f3 a cabo la cuarta Asamblea por el Agua y por la Vida en el territorio de La Magdalena Tlatelulco, en el estado de Tlaxcala, asistiendo m\u00e1s de 500 personas de 300 pueblos originarios, comunidades, colectivos y organizaciones de distintas geograf\u00edas del territorio mexicano, as\u00ed como de otros pa\u00edses de Latinoam\u00e9rica y Europa.<\/p>\n<figure class=\"wp-block-image size-large\"><a class=\"td-modal-image\" href=\"https:\/\/avispa.org\/wp-content\/uploads\/2024\/03\/4aAsambleaAgua-Karen-14.jpg\"><img loading=\"lazy\" decoding=\"async\" class=\"wp-image-113869 td-animation-stack-type0-2\" src=\"https:\/\/avispa.org\/wp-content\/uploads\/2024\/03\/4aAsambleaAgua-Karen-14-1024x576.jpg\" sizes=\"auto, (max-width: 1024px) 100vw, 1024px\" srcset=\"https:\/\/avispa.org\/wp-content\/uploads\/2024\/03\/4aAsambleaAgua-Karen-14-1024x576.jpg 1024w, https:\/\/avispa.org\/wp-content\/uploads\/2024\/03\/4aAsambleaAgua-Karen-14-300x169.jpg 300w, https:\/\/avispa.org\/wp-content\/uploads\/2024\/03\/4aAsambleaAgua-Karen-14-768x432.jpg 768w, https:\/\/avispa.org\/wp-content\/uploads\/2024\/03\/4aAsambleaAgua-Karen-14-696x392.jpg 696w, https:\/\/avispa.org\/wp-content\/uploads\/2024\/03\/4aAsambleaAgua-Karen-14-1068x601.jpg 1068w, https:\/\/avispa.org\/wp-content\/uploads\/2024\/03\/4aAsambleaAgua-Karen-14-746x420.jpg 746w, https:\/\/avispa.org\/wp-content\/uploads\/2024\/03\/4aAsambleaAgua-Karen-14.jpg 1080w\" alt=\"\" width=\"1024\" height=\"576\" \/><\/a><\/figure>\n<p>La consigna principal de esta Asamblea fue <em>\u201cNo es sequ\u00eda, es saqueo\u201d,<\/em> haciendo referencia a que \u201cel agua, un elemento esencial para la vida, es disponible s\u00f3lo para unos cuantos millonarios\u201d, y denunciando que el Estado mexicano privilegia a empresas e industrias transnacionales que obtienen millones de litros de agua en concesiones.<\/p>\n<p>Las comunidades ofrecieron cifras sobre la extracci\u00f3n de agua que el Estado mexicano permite a las grandes industrias, mencionando a la Cervecer\u00eda Cuauht\u00e9moc Moctezuma, que extrae 143.7 mil millones de litros al a\u00f1o, a la Coca-Cola que extrae 55 mil millones de litros al agua y a la Compa\u00f1\u00eda Industrial Minera, con la extracci\u00f3n de agua de 8 mil millones de litros al a\u00f1o. Otras empresas mencionadas como grandes explotadoras del agua en M\u00e9xico fueron Danone, Nestl\u00e9, Bimbo, Bachoco, Walmart, as\u00ed como empresas inmobiliarias y complejos tur\u00edsticos.<\/p>\n<p class=\"has-vivid-cyan-blue-color has-text-color\">Te puede interesar \u2013 <a href=\"https:\/\/avispa.org\/gobierno-de-mexico-desconoce-cantidad-de-agua-utilizada-por-mineria\/\" target=\"_blank\" rel=\"noreferrer noopener\">Gobierno de M\u00e9xico desconoce cantidad de agua utilizada por miner\u00eda<\/a><\/p>\n<p>Los participantes de esta Asamblea reconocieron que las din\u00e1micas de despojo y saqueo son complejas y que adem\u00e1s se entrelazan y se relacionan a otras formas de explotaci\u00f3n.<\/p>\n<p>Algunas de las problem\u00e1ticas m\u00e1s mencionadas por las comunidades fueron el crimen organizado y el aumento de consumo de drogas como el cristal, sobre todo en las juventudes; la gentrificaci\u00f3n de pueblos, barrios, colonias y el aumento del turismo desmedido; leyes y programas de ordenamiento territorial y de privatizaci\u00f3n del agua y otros recursos; la militarizaci\u00f3n y el incremento de represi\u00f3n en contra de comunidades originarias.<\/p>\n<figure class=\"wp-block-image size-large\"><a class=\"td-modal-image\" href=\"https:\/\/avispa.org\/wp-content\/uploads\/2024\/03\/4aAsambleaAgua-Karen-10.jpg\"><img loading=\"lazy\" decoding=\"async\" class=\"wp-image-113867 td-animation-stack-type0-2\" src=\"https:\/\/avispa.org\/wp-content\/uploads\/2024\/03\/4aAsambleaAgua-Karen-10-1024x685.jpg\" sizes=\"auto, (max-width: 1024px) 100vw, 1024px\" srcset=\"https:\/\/avispa.org\/wp-content\/uploads\/2024\/03\/4aAsambleaAgua-Karen-10-1024x685.jpg 1024w, https:\/\/avispa.org\/wp-content\/uploads\/2024\/03\/4aAsambleaAgua-Karen-10-300x201.jpg 300w, https:\/\/avispa.org\/wp-content\/uploads\/2024\/03\/4aAsambleaAgua-Karen-10-768x513.jpg 768w, https:\/\/avispa.org\/wp-content\/uploads\/2024\/03\/4aAsambleaAgua-Karen-10-696x465.jpg 696w, https:\/\/avispa.org\/wp-content\/uploads\/2024\/03\/4aAsambleaAgua-Karen-10-1068x714.jpg 1068w, https:\/\/avispa.org\/wp-content\/uploads\/2024\/03\/4aAsambleaAgua-Karen-10-628x420.jpg 628w, https:\/\/avispa.org\/wp-content\/uploads\/2024\/03\/4aAsambleaAgua-Karen-10.jpg 1080w\" alt=\"\" width=\"1024\" height=\"685\" \/><\/a><\/figure>\n<p>Debido a la complejidad de las din\u00e1micas de despojo, las comunidades tambi\u00e9n reconocieron la necesidad de responder a la crisis provocada por el sistema capitalista y patriarcal desde distintos frentes como lo es la educaci\u00f3n, la salud comunitaria, las movilizaciones, detener leyes de privatizaci\u00f3n, el fortalecimiento de los sistemas normativos tradicionales de las comunidades ind\u00edgenas, la comunicaci\u00f3n comunitaria y otras formas de resistencia.<\/p>\n<p class=\"has-vivid-cyan-blue-color has-text-color\">Te puede interesar &#8211; <a href=\"https:\/\/avispa.org\/no-es-sequia-es-saqueo-asamblea-por-el-agua-y-la-vida-encara-a-conagua\/\" target=\"_blank\" rel=\"noreferrer noopener\">&#8220;No es sequ\u00eda es saqueo&#8221;: Asamblea por el agua y la vida encara a Conagua<\/a><\/p>\n<p>El consenso de las comunidades es que toda propuesta debe partir desde y hacia la autonom\u00eda plena de sus territorios.<\/p>\n<h3 id=\"h-tlaxcala-si-existe-y-esta-luchando-por-defender-el-territorio\" class=\"wp-block-heading has-black-color has-text-color\"><strong>Tlaxcala s\u00ed existe y est\u00e1 luchando por defender el territorio<\/strong><\/h3>\n<p>El equipo de este reportaje acompa\u00f1\u00f3 a la Asamblea y entrevist\u00f3 a seis mujeres de la comunidad de La Magdalena Tlatelulco, Tlaxcala, que forman parte del Colectivo en Defensa de Tlaltelulco<em>. <\/em>El colectivo se dedica a la defensa del territorio, la cultura y a la organizaci\u00f3n comunitaria. Hace parte de los <em>Colectivos por la defensa de la\u00a0identidad y territorio de Tlaxcala<\/em>, que estuvieron a cargo de la organizaci\u00f3n\u00a0y log\u00edstica de la cuarta Asamblea.<\/p>\n<figure class=\"wp-block-image size-large\"><a class=\"td-modal-image\" href=\"https:\/\/avispa.org\/wp-content\/uploads\/2024\/03\/4aAsambleaAgua-Karen-5.jpg\"><img loading=\"lazy\" decoding=\"async\" class=\"wp-image-113862 td-animation-stack-type0-2\" src=\"https:\/\/avispa.org\/wp-content\/uploads\/2024\/03\/4aAsambleaAgua-Karen-5-1024x690.jpg\" sizes=\"auto, (max-width: 1024px) 100vw, 1024px\" srcset=\"https:\/\/avispa.org\/wp-content\/uploads\/2024\/03\/4aAsambleaAgua-Karen-5-1024x690.jpg 1024w, https:\/\/avispa.org\/wp-content\/uploads\/2024\/03\/4aAsambleaAgua-Karen-5-300x202.jpg 300w, https:\/\/avispa.org\/wp-content\/uploads\/2024\/03\/4aAsambleaAgua-Karen-5-768x518.jpg 768w, https:\/\/avispa.org\/wp-content\/uploads\/2024\/03\/4aAsambleaAgua-Karen-5-696x469.jpg 696w, https:\/\/avispa.org\/wp-content\/uploads\/2024\/03\/4aAsambleaAgua-Karen-5-1068x720.jpg 1068w, https:\/\/avispa.org\/wp-content\/uploads\/2024\/03\/4aAsambleaAgua-Karen-5-623x420.jpg 623w, https:\/\/avispa.org\/wp-content\/uploads\/2024\/03\/4aAsambleaAgua-Karen-5.jpg 1080w\" alt=\"\" width=\"1024\" height=\"690\" \/><\/a><\/figure>\n<p>\u201cLas mujeres somos la fuerza de estos movimientos y de la defensa de este territorio. Nosotras trabajamos con mujeres ejidatarias que por muchas din\u00e1micas que se nos han asignado los trabajos en reproducci\u00f3n en las sociedades, siempre est\u00e1n aqu\u00ed y han defendido el territorio incluso con el cuerpo\u201d, mencionan.<\/p>\n<p>Todas las presentes expresaron sentimientos similares: felicidad y alegr\u00eda por los aprendizajes, experiencias y vivencias compartidas previo, durante y al cierre de la cuarta Asamblea por el Agua y la Vida y, al mismo tiempo, cansancio por el esfuerzo realizado durante seis meses de planeaci\u00f3n y organizaci\u00f3n de esta Asamblea Nacional.<\/p>\n<p>\u201cNunca hab\u00eda vivido una experiencia tan enriquecedora, hay muchas problem\u00e1ticas en los territorios, no es un problema nacional es internacional que se pierde la identidad y la cultura. Fue muy bonito ver a muchos j\u00f3venes involucrados\u201d,\u00a0dijo una joven integrante de Colectivo en Defensa de Tlaltelulco.<\/p>\n<p>Las mujeres mencionaron como una de las problem\u00e1ticas principales la expansi\u00f3n de las urbes a sus territorios transformando el paisaje, la cultura, la identidad e incrementando la demanda de recursos como el agua y la tierra.<\/p>\n<p>Otra joven menciona el despojo de los bosques y la tala ilegal de cientos de \u00e1rboles como una situaci\u00f3n cr\u00edtica en este Estado.<\/p>\n<p>El Colectivo en Defensa de Tlaltelulco se encuentra a las faldas del volc\u00e1n conocido como \u201cLa Malinche\u201d y tambi\u00e9n participa en la defensa y cuidado del mismo. De acuerdo con el<a href=\"https:\/\/contactos.izt.uam.mx\/index.php\/contactos\/article\/view\/180\/109\">\u00a0Centro Tlaxcala de Biolog\u00eda de la Conducta de la Universidad Aut\u00f3noma de Tlaxcala,<\/a> la tala ilegal, los incendios forestales, muchas veces provocados, y el cambio de uso de suelo para uso agr\u00edcola y de asentamientos urbanos, son las principales causas del deterioro del ecosistema de la Malinche.<\/p>\n<p>El mismo centro reconoce que la destrucci\u00f3n de los bosques de esta \u00c1rea Natural Protegida \u201ccompromete la captaci\u00f3n, filtraci\u00f3n y disponibilidad de agua, as\u00ed como la fertilidad del suelo, secuestro de carbono y regulaci\u00f3n del clima y aire\u201d.<\/p>\n<p>Las mujeres parte del Colectivo en Defensa de Tlaltelulco tambi\u00e9n mencionaron que la industrializaci\u00f3n es una de las problem\u00e1ticas m\u00e1s importantes en su territorio. La comunidad de Magdalena Tlaltelulco poco a poco se ha convertido en parte de un corredor industrial que une a la Ciudad de M\u00e9xico, Puebla y Tlaxcala. Las industrias que llegan, sostienen ellas, no est\u00e1n reguladas y, en cambio, el gobierno les da todas las facilidades para establecerse sin un plan para mitigar los impactos sociales, econ\u00f3micos y ambientales que generan en los territorios.<\/p>\n<p>\u201cLlega mucha gente que no se integra a la comunidad, no participa, entonces tambi\u00e9n rompen el tejido comunitario, y aqu\u00ed hay sistemas normativos propios de la comunidad que son muy importantes, y eso tambi\u00e9n se va perdiendo con la llegada de todas estas industrias\u201d, se\u00f1ala una joven.<\/p>\n<figure class=\"wp-block-gallery has-nested-images columns-default is-cropped wp-block-gallery-1 is-layout-flex wp-block-gallery-is-layout-flex\">\n<figure class=\"wp-block-image size-large\"><a class=\"td-modal-image\" href=\"https:\/\/avispa.org\/wp-content\/uploads\/2024\/03\/4aAsambleaAgua-Karen-12.jpg\"><img loading=\"lazy\" decoding=\"async\" class=\"wp-image-113865 td-animation-stack-type0-2\" src=\"https:\/\/avispa.org\/wp-content\/uploads\/2024\/03\/4aAsambleaAgua-Karen-12-1024x576.jpg\" sizes=\"auto, (max-width: 1024px) 100vw, 1024px\" srcset=\"https:\/\/avispa.org\/wp-content\/uploads\/2024\/03\/4aAsambleaAgua-Karen-12-1024x576.jpg 1024w, https:\/\/avispa.org\/wp-content\/uploads\/2024\/03\/4aAsambleaAgua-Karen-12-300x169.jpg 300w, https:\/\/avispa.org\/wp-content\/uploads\/2024\/03\/4aAsambleaAgua-Karen-12-768x432.jpg 768w, https:\/\/avispa.org\/wp-content\/uploads\/2024\/03\/4aAsambleaAgua-Karen-12-696x392.jpg 696w, https:\/\/avispa.org\/wp-content\/uploads\/2024\/03\/4aAsambleaAgua-Karen-12-1068x601.jpg 1068w, https:\/\/avispa.org\/wp-content\/uploads\/2024\/03\/4aAsambleaAgua-Karen-12-746x420.jpg 746w, https:\/\/avispa.org\/wp-content\/uploads\/2024\/03\/4aAsambleaAgua-Karen-12.jpg 1080w\" alt=\"\" width=\"1024\" height=\"576\" data-id=\"113865\" \/><\/a><\/figure>\n<figure class=\"wp-block-image size-large\"><a class=\"td-modal-image\" href=\"https:\/\/avispa.org\/wp-content\/uploads\/2024\/03\/4aAsambleaAgua-Karen-11.jpg\"><img loading=\"lazy\" decoding=\"async\" class=\"wp-image-113868 td-animation-stack-type0-2\" src=\"https:\/\/avispa.org\/wp-content\/uploads\/2024\/03\/4aAsambleaAgua-Karen-11-1024x576.jpg\" sizes=\"auto, (max-width: 1024px) 100vw, 1024px\" srcset=\"https:\/\/avispa.org\/wp-content\/uploads\/2024\/03\/4aAsambleaAgua-Karen-11-1024x576.jpg 1024w, https:\/\/avispa.org\/wp-content\/uploads\/2024\/03\/4aAsambleaAgua-Karen-11-300x169.jpg 300w, https:\/\/avispa.org\/wp-content\/uploads\/2024\/03\/4aAsambleaAgua-Karen-11-768x432.jpg 768w, https:\/\/avispa.org\/wp-content\/uploads\/2024\/03\/4aAsambleaAgua-Karen-11-696x392.jpg 696w, https:\/\/avispa.org\/wp-content\/uploads\/2024\/03\/4aAsambleaAgua-Karen-11-1068x601.jpg 1068w, https:\/\/avispa.org\/wp-content\/uploads\/2024\/03\/4aAsambleaAgua-Karen-11-746x420.jpg 746w, https:\/\/avispa.org\/wp-content\/uploads\/2024\/03\/4aAsambleaAgua-Karen-11.jpg 1080w\" alt=\"\" width=\"1024\" height=\"576\" data-id=\"113868\" \/><\/a><\/figure>\n<figure class=\"wp-block-image size-large\"><a class=\"td-modal-image\" href=\"https:\/\/avispa.org\/wp-content\/uploads\/2024\/03\/4aAsambleaAgua-Karen-16.jpg\"><img loading=\"lazy\" decoding=\"async\" class=\"wp-image-113870 td-animation-stack-type0-2\" src=\"https:\/\/avispa.org\/wp-content\/uploads\/2024\/03\/4aAsambleaAgua-Karen-16-1024x576.jpg\" sizes=\"auto, (max-width: 1024px) 100vw, 1024px\" srcset=\"https:\/\/avispa.org\/wp-content\/uploads\/2024\/03\/4aAsambleaAgua-Karen-16-1024x576.jpg 1024w, https:\/\/avispa.org\/wp-content\/uploads\/2024\/03\/4aAsambleaAgua-Karen-16-300x169.jpg 300w, https:\/\/avispa.org\/wp-content\/uploads\/2024\/03\/4aAsambleaAgua-Karen-16-768x432.jpg 768w, https:\/\/avispa.org\/wp-content\/uploads\/2024\/03\/4aAsambleaAgua-Karen-16-696x392.jpg 696w, https:\/\/avispa.org\/wp-content\/uploads\/2024\/03\/4aAsambleaAgua-Karen-16-1068x601.jpg 1068w, https:\/\/avispa.org\/wp-content\/uploads\/2024\/03\/4aAsambleaAgua-Karen-16-746x420.jpg 746w, https:\/\/avispa.org\/wp-content\/uploads\/2024\/03\/4aAsambleaAgua-Karen-16.jpg 1080w\" alt=\"\" width=\"1024\" height=\"576\" data-id=\"113870\" \/><\/a><\/figure>\n<figure class=\"wp-block-image size-large\"><a class=\"td-modal-image\" href=\"https:\/\/avispa.org\/wp-content\/uploads\/2024\/03\/4aAsambleaAgua-Karen-3.jpg\"><img loading=\"lazy\" decoding=\"async\" class=\"wp-image-113857 td-animation-stack-type0-2\" src=\"https:\/\/avispa.org\/wp-content\/uploads\/2024\/03\/4aAsambleaAgua-Karen-3-1024x594.jpg\" sizes=\"auto, (max-width: 1024px) 100vw, 1024px\" srcset=\"https:\/\/avispa.org\/wp-content\/uploads\/2024\/03\/4aAsambleaAgua-Karen-3-1024x594.jpg 1024w, https:\/\/avispa.org\/wp-content\/uploads\/2024\/03\/4aAsambleaAgua-Karen-3-300x174.jpg 300w, https:\/\/avispa.org\/wp-content\/uploads\/2024\/03\/4aAsambleaAgua-Karen-3-768x445.jpg 768w, https:\/\/avispa.org\/wp-content\/uploads\/2024\/03\/4aAsambleaAgua-Karen-3-696x403.jpg 696w, https:\/\/avispa.org\/wp-content\/uploads\/2024\/03\/4aAsambleaAgua-Karen-3-1068x619.jpg 1068w, https:\/\/avispa.org\/wp-content\/uploads\/2024\/03\/4aAsambleaAgua-Karen-3-725x420.jpg 725w, https:\/\/avispa.org\/wp-content\/uploads\/2024\/03\/4aAsambleaAgua-Karen-3.jpg 1080w\" alt=\"\" width=\"1024\" height=\"594\" data-id=\"113857\" \/><\/a><\/figure>\n<\/figure>\n<p>Mencionan, adem\u00e1s, c\u00f3mo la industrializaci\u00f3n genera problemas de salud, que pasan desapercibidos para la poblaci\u00f3n. De acuerdo con instituciones de salud del gobierno mexicano, en 2020 Tlaxcala era el <a href=\"https:\/\/www.milenio.com\/politica\/comunidad\/tlaxcala-entidad-enfermedades-renales-lorena-cuellar\">tercer Estado del pa\u00eds con mayor incidencia<\/a> de enfermedades renales y mostraba cifras alarmantes de incrementos de este tipo de enfermedades sobre todo entre j\u00f3venes y ni\u00f1os\/ni\u00f1as.<\/p>\n<h3 id=\"h-exigencias-y-denuncias\" class=\"wp-block-heading has-black-color has-text-color\"><strong>Exigencias y denuncias<\/strong><\/h3>\n<p>Durante la Asamblea se llevaron a cabo mesas de trabajo con el fin de identificar las principales problem\u00e1ticas que las comunidades enfrentan, as\u00ed como soluciones y formas de hacer frente al despojo desde la organizaci\u00f3n aut\u00f3noma.<\/p>\n<figure class=\"wp-block-image size-large\"><a class=\"td-modal-image\" href=\"https:\/\/avispa.org\/wp-content\/uploads\/2024\/03\/4aAsambleaAgua-Karen-9.jpg\"><img loading=\"lazy\" decoding=\"async\" class=\"wp-image-113866 td-animation-stack-type0-2\" src=\"https:\/\/avispa.org\/wp-content\/uploads\/2024\/03\/4aAsambleaAgua-Karen-9-1024x657.jpg\" sizes=\"auto, (max-width: 1024px) 100vw, 1024px\" srcset=\"https:\/\/avispa.org\/wp-content\/uploads\/2024\/03\/4aAsambleaAgua-Karen-9-1024x657.jpg 1024w, https:\/\/avispa.org\/wp-content\/uploads\/2024\/03\/4aAsambleaAgua-Karen-9-300x193.jpg 300w, https:\/\/avispa.org\/wp-content\/uploads\/2024\/03\/4aAsambleaAgua-Karen-9-768x493.jpg 768w, https:\/\/avispa.org\/wp-content\/uploads\/2024\/03\/4aAsambleaAgua-Karen-9-696x447.jpg 696w, https:\/\/avispa.org\/wp-content\/uploads\/2024\/03\/4aAsambleaAgua-Karen-9-1068x685.jpg 1068w, https:\/\/avispa.org\/wp-content\/uploads\/2024\/03\/4aAsambleaAgua-Karen-9-655x420.jpg 655w, https:\/\/avispa.org\/wp-content\/uploads\/2024\/03\/4aAsambleaAgua-Karen-9.jpg 1080w\" alt=\"\" width=\"1024\" height=\"657\" \/><\/a><\/figure>\n<p>Estas son algunas de las acciones coordinadas que la cuarta Asamblea Nacional por el Agua y la Vida acord\u00f3 realizar con el fin de defender los territorios y el agua y, con ello, la vida de miles de personas en el pa\u00eds.<\/p>\n<ul>\n<li>Realizar memoria colectiva y documentar los saberes ancestrales de las comunidades.<\/li>\n<li>Fortalecer el trabajo de formaci\u00f3n con ni\u00f1os y j\u00f3venes durante las asambleas desde el enfoque de escuelas aut\u00f3nomas.<\/li>\n<li>Sumarse a las movilizaciones para acuerpar la lucha de madres buscadoras, padres y madres de Ayotzinapa y en contra de la guerra en contra de las comunidades zapatistas.<\/li>\n<li>Exigir la presentaci\u00f3n de los defensores del territorio Antonio D\u00edaz y Ricardo Lagunes desaparecidos en 2023.<\/li>\n<li>Organizar campa\u00f1as de no consumo de\u00a0productos de Coca-Cola, Bonafont\u2013Danone, as\u00ed como de todas las empresas refresqueras, embotelladoras y cerveceras.<\/li>\n<li>Denunciar y realizar boicot a empresas que apoyan el genocidio en Palestina.<\/li>\n<li>Realizar ba\u00f1os secos en nuestras comunidades para evitar contaminar nuestros r\u00edos.<\/li>\n<li>Campa\u00f1as contra los Planes de Ordenamiento Territorial que se buscan aprobar en estados como la Ciudad de M\u00e9xico, Quer\u00e9taro, Puebla, Tlaxcala.<\/li>\n<li>Movilizaci\u00f3n nacional e internacional dislocada, en el marco del 105 aniversario luctuoso por el asesinato del General Emiliano Zapata el 10 de abril.<\/li>\n<li>Campa\u00f1a en contra de la militarizaci\u00f3n, por el derecho al agua y por la libertad de presos pol\u00edticos, del 26 de abril al 26 de septiembre en todos los espacios posibles.<\/li>\n<li>Jornada por la liberaci\u00f3n de Sa\u00fal Rosales a partir del pr\u00f3ximo 14 de julio.<\/li>\n<\/ul>\n<p>Finalmente se acord\u00f3 llevar a cabo la quinta Asamblea Nacional por el Agua y por la Vida, en la Casa de los Pueblos y Comunidades Ind\u00edgenas \u201cSamir Flores Soberanes\u201d, con la Comunidad Ind\u00edgena Otom\u00ed residente en la Ciudad de M\u00e9xico,\u00a0los d\u00edas 17 y 18 de agosto del 2024.<\/p>\n<\/div>\n<p><\/p>","protected":false},"excerpt":{"rendered":"<p>Fuente: Avispa Midia Texto y fotos por Karen Castillo Los d\u00edas 23 y 24 de marzo se llev\u00f3 a cabo la cuarta Asamblea por el Agua y por la Vida en el territorio de La Magdalena Tlatelulco, en el estado de Tlaxcala, asistiendo m\u00e1s de 500 personas de 300 pueblos originarios, comunidades, colectivos y organizaciones [&hellip;]<\/p>\n","protected":false},"author":21,"featured_media":47877,"comment_status":"open","ping_status":"closed","sticky":false,"template":"","format":"standard","meta":{"footnotes":""},"categories":[51,826,958,954,935],"tags":[579,79,58,53,567,147,23,545,87,148,27,483],"class_list":["post-47876","post","type-post","status-publish","format-standard","has-post-thumbnail","hentry","category-autor","category-medios-libres-2","category-megaproyectos","category-mexico","category-temas","tag-agua","tag-autonomia","tag-derechos-humanos","tag-justicia","tag-megaproyectos","tag-militarizacion","tag-paramilitares","tag-pueblos-indigenas","tag-represion","tag-resistencia","tag-solidaridad","tag-tierra-y-territorio"],"_links":{"self":[{"href":"https:\/\/radiozapatista.org\/index.php?rest_route=\/wp\/v2\/posts\/47876","targetHints":{"allow":["GET"]}}],"collection":[{"href":"https:\/\/radiozapatista.org\/index.php?rest_route=\/wp\/v2\/posts"}],"about":[{"href":"https:\/\/radiozapatista.org\/index.php?rest_route=\/wp\/v2\/types\/post"}],"author":[{"embeddable":true,"href":"https:\/\/radiozapatista.org\/index.php?rest_route=\/wp\/v2\/users\/21"}],"replies":[{"embeddable":true,"href":"https:\/\/radiozapatista.org\/index.php?rest_route=%2Fwp%2Fv2%2Fcomments&post=47876"}],"version-history":[{"count":1,"href":"https:\/\/radiozapatista.org\/index.php?rest_route=\/wp\/v2\/posts\/47876\/revisions"}],"predecessor-version":[{"id":47878,"href":"https:\/\/radiozapatista.org\/index.php?rest_route=\/wp\/v2\/posts\/47876\/revisions\/47878"}],"wp:featuredmedia":[{"embeddable":true,"href":"https:\/\/radiozapatista.org\/index.php?rest_route=\/wp\/v2\/media\/47877"}],"wp:attachment":[{"href":"https:\/\/radiozapatista.org\/index.php?rest_route=%2Fwp%2Fv2%2Fmedia&parent=47876"}],"wp:term":[{"taxonomy":"category","embeddable":true,"href":"https:\/\/radiozapatista.org\/index.php?rest_route=%2Fwp%2Fv2%2Fcategories&post=47876"},{"taxonomy":"post_tag","embeddable":true,"href":"https:\/\/radiozapatista.org\/index.php?rest_route=%2Fwp%2Fv2%2Ftags&post=47876"}],"curies":[{"name":"wp","href":"https:\/\/api.w.org\/{rel}","templated":true}]}}