{"id":47861,"date":"2024-03-27T09:11:58","date_gmt":"2024-03-27T15:11:58","guid":{"rendered":"https:\/\/radiozapatista.org\/?p=47861"},"modified":"2024-03-27T09:16:23","modified_gmt":"2024-03-27T15:16:23","slug":"padres-de-43-a-reunion-con-amlo-deben-ir-nuestros-representantes","status":"publish","type":"post","link":"https:\/\/radiozapatista.org\/?p=47861","title":{"rendered":"Padres de 43: A reuni\u00f3n con AMLO deben ir nuestros representantes"},"content":{"rendered":"<p>Fuente: <a href=\"https:\/\/amexi.com.mx\/informacion-general\/padres-de-43-a-reunion-con-amlo-deben-ir-nuestros-representantes\/\">Agencia Amexi<\/a><\/p>\n<p>\u00abSe est\u00e1n cumpliendo nueve a\u00f1os y medio sin saber nada de nuestros hijos, sin saber a d\u00f3nde est\u00e1n o c\u00f3mo est\u00e1n. No nos vamos a cansar\u00bb, se\u00f1ala do\u00f1a Cristina, madre de Benjam\u00edn Ascencio Bautista.<\/p>\n<div class=\"elementor-widget-cmsmasters-share-buttons__item elementor-repeater-item-99400ed\"><\/div>\n<div class=\"elementor-widget-cmsmasters-share-buttons__item elementor-repeater-item-1163617\"><\/div>\n<div class=\"elementor-element elementor-element-7b8a9e0b cmsmasters-object-fit cmsmasters-object-fit-cover cmsmasters-slider--effect-slide elementor-aspect-ratio-169 cmsmasters-audio-dz-format-classic cmsmasters-block-default cmsmasters-sticky-default elementor-widget elementor-widget-cmsmasters-post-media\" data-id=\"7b8a9e0b\" data-element_type=\"widget\" data-settings=\"{&quot;slider_type&quot;:&quot;carousel&quot;,&quot;slider_per_view&quot;:&quot;1&quot;,&quot;slider_effect&quot;:&quot;slide&quot;,&quot;slider_direction&quot;:&quot;horizontal&quot;,&quot;slider_height_type&quot;:&quot;auto&quot;,&quot;slider_per_view_tablet&quot;:&quot;1&quot;,&quot;slider_autoplay&quot;:&quot;yes&quot;,&quot;slider_autoplay_speed&quot;:5000,&quot;slider_speed&quot;:500,&quot;slider_pause_on_hover&quot;:&quot;yes&quot;,&quot;slider_infinite&quot;:&quot;yes&quot;,&quot;slider_arrows&quot;:&quot;yes&quot;,&quot;slider_arrows_visibility&quot;:&quot;always&quot;,&quot;slider_space_between&quot;:{&quot;unit&quot;:&quot;px&quot;,&quot;size&quot;:&quot;&quot;,&quot;sizes&quot;:[]},&quot;slider_space_between_widescreen&quot;:{&quot;unit&quot;:&quot;px&quot;,&quot;size&quot;:&quot;&quot;,&quot;sizes&quot;:[]},&quot;slider_space_between_tablet&quot;:{&quot;unit&quot;:&quot;px&quot;,&quot;size&quot;:&quot;&quot;,&quot;sizes&quot;:[]},&quot;slider_space_between_mobile&quot;:{&quot;unit&quot;:&quot;px&quot;,&quot;size&quot;:&quot;&quot;,&quot;sizes&quot;:[]},&quot;slider_width&quot;:{&quot;unit&quot;:&quot;%&quot;,&quot;size&quot;:&quot;&quot;,&quot;sizes&quot;:[]},&quot;slider_width_widescreen&quot;:{&quot;unit&quot;:&quot;px&quot;,&quot;size&quot;:&quot;&quot;,&quot;sizes&quot;:[]},&quot;slider_width_tablet&quot;:{&quot;unit&quot;:&quot;px&quot;,&quot;size&quot;:&quot;&quot;,&quot;sizes&quot;:[]},&quot;slider_width_mobile&quot;:{&quot;unit&quot;:&quot;px&quot;,&quot;size&quot;:&quot;&quot;,&quot;sizes&quot;:[]},&quot;slider_scrollbar_circle&quot;:&quot;circle&quot;,&quot;aspect_ratio&quot;:&quot;169&quot;}\" data-widget_type=\"cmsmasters-post-media.default\">\n<div class=\"elementor-widget-container\">\n<div class=\"elementor-widget-cmsmasters-post-media__wrap cmsmasters-format-standard\"><img loading=\"lazy\" decoding=\"async\" class=\"attachment-large size-large cmsmasters_img cmsmasters-lazyload lazyloaded\" src=\"https:\/\/amexi.com.mx\/wp-content\/uploads\/2024\/03\/abogado-Vicario-da-mensaje-Ayotzi-114-1024x576.jpg\" sizes=\"auto, (max-width: 1024px) 100vw, 1024px\" srcset=\"https:\/\/amexi.com.mx\/wp-content\/uploads\/2024\/03\/abogado-Vicario-da-mensaje-Ayotzi-114-1024x576.jpg 1024w, https:\/\/amexi.com.mx\/wp-content\/uploads\/2024\/03\/abogado-Vicario-da-mensaje-Ayotzi-114-600x338.jpg 600w, https:\/\/amexi.com.mx\/wp-content\/uploads\/2024\/03\/abogado-Vicario-da-mensaje-Ayotzi-114-768x432.jpg 768w, https:\/\/amexi.com.mx\/wp-content\/uploads\/2024\/03\/abogado-Vicario-da-mensaje-Ayotzi-114-1536x864.jpg 1536w, https:\/\/amexi.com.mx\/wp-content\/uploads\/2024\/03\/abogado-Vicario-da-mensaje-Ayotzi-114-30x16.jpg 30w, https:\/\/amexi.com.mx\/wp-content\/uploads\/2024\/03\/abogado-Vicario-da-mensaje-Ayotzi-114.jpg 1920w\" alt=\"\" width=\"1024\" height=\"576\" data-sizes=\"(max-width: 1024px) 100vw, 1024px\" data-src=\"https:\/\/amexi.com.mx\/wp-content\/uploads\/2024\/03\/abogado-Vicario-da-mensaje-Ayotzi-114-1024x576.jpg\" data-srcset=\"https:\/\/amexi.com.mx\/wp-content\/uploads\/2024\/03\/abogado-Vicario-da-mensaje-Ayotzi-114-1024x576.jpg 1024w, https:\/\/amexi.com.mx\/wp-content\/uploads\/2024\/03\/abogado-Vicario-da-mensaje-Ayotzi-114-600x338.jpg 600w, https:\/\/amexi.com.mx\/wp-content\/uploads\/2024\/03\/abogado-Vicario-da-mensaje-Ayotzi-114-768x432.jpg 768w, https:\/\/amexi.com.mx\/wp-content\/uploads\/2024\/03\/abogado-Vicario-da-mensaje-Ayotzi-114-1536x864.jpg 1536w, https:\/\/amexi.com.mx\/wp-content\/uploads\/2024\/03\/abogado-Vicario-da-mensaje-Ayotzi-114-30x16.jpg 30w, https:\/\/amexi.com.mx\/wp-content\/uploads\/2024\/03\/abogado-Vicario-da-mensaje-Ayotzi-114.jpg 1920w\" \/><\/div>\n<\/div>\n<\/div>\n<div class=\"elementor-element elementor-element-4079bfbb elementor-widget__width-initial elementor-widget-tablet__width-inherit elementor-widget-mobile__width-inherit cmsmasters-block-default cmsmasters-sticky-default elementor-widget elementor-widget-cmsmasters-post-content cmsmasters-widget-content elementor-widget-theme-post-content __ns__pop2top\" data-id=\"4079bfbb\" data-element_type=\"widget\" data-widget_type=\"cmsmasters-post-content.default\">\n<div class=\"elementor-widget-container __ns__pop2top\">\n<div class=\"entry-content __ns__pop2top\">\n<p>(Ampliaci\u00f3n)<\/p>\n<p>Ciudad de M\u00e9xico, 26 mar. (AMEXI).- Los <strong>padres <\/strong><strong>de los 43 normalistas de la Normal de Ayotzinapa<\/strong> desaparecidos desde 2014 exigen al presidente Andr\u00e9s Manuel L\u00f3pez Obrador que en la pr\u00f3xima reuni\u00f3n que sostengan <strong>se incluya a sus representantes (abogados y organizaciones acompa\u00f1antes)<\/strong>, en respeto a sus garant\u00edas constitucionales, y le solicitaron que<strong> evite la actitud confrontativa<\/strong>.<\/p>\n<p>Durante el mitin con el que concluy\u00f3 la 114 Acci\u00f3n Global por Ayotzinapa, el representante de las familias de los alumnos de la <a href=\"https:\/\/www.facebook.com\/yoamoayotzinapa\/?locale=es_LA\" target=\"_blank\" rel=\"noopener\">Escuela Normal Rural de Ayotzinapa \u201cRa\u00fal Isidro Burgos\u201d<\/a> que la noche del 26 al 27 de septiembre de 2014 fueron desaparecidos en Iguala, Guerrero, Isidoro Vicario Aguilar, dijo que el mandatario federal mantiene un discurso contra los abogados y las organizaciones que acompa\u00f1an a madres y padres, pero no habla de las <strong>l\u00edneas de investigaci\u00f3n<\/strong>.<\/p>\n<div style=\"width: 1280px;\" class=\"wp-video\"><video class=\"wp-video-shortcode\" id=\"video-47861-1\" width=\"1280\" height=\"720\" preload=\"metadata\" controls=\"controls\"><source type=\"video\/mp4\" src=\"https:\/\/radiozapatista.org\/wp-content\/uploads\/2024\/03\/2Padres-de-los-43-piden-reunion-con-AMLO.mp4?_=1\" \/><a href=\"https:\/\/radiozapatista.org\/wp-content\/uploads\/2024\/03\/2Padres-de-los-43-piden-reunion-con-AMLO.mp4\">https:\/\/radiozapatista.org\/wp-content\/uploads\/2024\/03\/2Padres-de-los-43-piden-reunion-con-AMLO.mp4<\/a><\/video><\/div>\n<div class=\"wp-video __ns__pop2top\"><\/div>\n<\/div>\n<\/div>\n<\/div>\n<p>\u201cEn las (conferencias) ma\u00f1aneras no dice cu\u00e1l ha sido la participaci\u00f3n del Ej\u00e9rcito Mexicano, no ha dicho tambi\u00e9n hasta d\u00f3nde se ha pronunciado esta l\u00ednea de investigaci\u00f3n que tiene que ver con el Ej\u00e9rcito Mexicano\u2026, pero s\u00ed reitera que los padres est\u00e1n siendo manipulados, reitera que los abogados son los que se oponen, que las organizaciones son las que obstaculizan las investigaciones\u201d, hizo notar.<\/p>\n<h4>Para el encuentro, no pueden limitar nuestros derechos<\/h4>\n<p>Luego de que el mandatario de la Rep\u00fablica coment\u00f3 hace unos d\u00edas que la reuni\u00f3n con los progenitores de los j\u00f3venes desaparecidos (como lo prometi\u00f3 el 6 de marzo pasado, cuando dijo que se concretar\u00eda en 15 o 20 d\u00edas, plazo que ya se cumpli\u00f3) s\u00f3lo se dar\u00eda \u201csin intermediarios\u201d, es decir, sin la presencia de los abogados y de las organizaciones que los acompa\u00f1an, la respuesta de los directamente afectados en este caso es que<strong> no pueden limitar sus derechos<\/strong>.<\/p>\n<p>\u201cLas madres y padres lo han dicho, que la pr\u00f3xima reuni\u00f3n que se espera (con el jefe de Estado) tienen que estar sus representantes , porque no son cuestiones de gustos; adem\u00e1s de que <strong>es un derecho constitucional<\/strong> que tienen las v\u00edctimas en este pa\u00eds, de contar con un representante legal\u201d, resalt\u00f3 <a href=\"https:\/\/www.tlachinollan.org\/ante-el-dolor-de-las-madres-de-los-43-el-presidente-se-niega-a-dialogar\/\" target=\"_blank\" rel=\"noopener\">Vicario Aguilar<\/a> al concluir la marcha que parti\u00f3 del \u00c1ngel de la Independencia y lleg\u00f3 al Hemiciclo a Ju\u00e1rez, en el Centro Hist\u00f3rico de la capital mexicana.<\/p>\n<p>Los progenitores insisten en que l<strong>a pr\u00f3xima reuni\u00f3n tiene que ser sustancial<\/strong>, abund\u00f3; las<strong> autoridades tienen que dar informaci\u00f3n concreta<\/strong> sobre las investigaciones y el <a href=\"https:\/\/lopezobrador.org.mx\/\" target=\"_blank\" rel=\"noopener\">presidente<\/a> debe decir qu\u00e9 pas\u00f3 con la solicitud concreta de los 800 folios de los archivos del Ej\u00e9rcito Mexicano que a\u00fan no se responde.<\/p>\n<p>\u201cPor eso, compa\u00f1eras y compa\u00f1eros, en esta jornada 114 ese es el mensaje de los padres y madres de los 43 para que las autoridades tengan clara esta petici\u00f3n que han estado reiterando\u201d, puntualiz\u00f3.<\/p>\n<p><img loading=\"lazy\" decoding=\"async\" class=\"size-medium wp-image-42593 aligncenter cmsmasters_img cmsmasters-lazyload lazyloaded\" src=\"https:\/\/amexi.com.mx\/wp-content\/uploads\/2024\/03\/dona-Crisrtina-madre-de-alumno-de-Ayotzi-600x338.jpg\" sizes=\"auto, (max-width: 600px) 100vw, 600px\" srcset=\"https:\/\/amexi.com.mx\/wp-content\/uploads\/2024\/03\/dona-Crisrtina-madre-de-alumno-de-Ayotzi-600x338.jpg 600w, https:\/\/amexi.com.mx\/wp-content\/uploads\/2024\/03\/dona-Crisrtina-madre-de-alumno-de-Ayotzi-1024x576.jpg 1024w, https:\/\/amexi.com.mx\/wp-content\/uploads\/2024\/03\/dona-Crisrtina-madre-de-alumno-de-Ayotzi-768x432.jpg 768w, https:\/\/amexi.com.mx\/wp-content\/uploads\/2024\/03\/dona-Crisrtina-madre-de-alumno-de-Ayotzi-30x16.jpg 30w, https:\/\/amexi.com.mx\/wp-content\/uploads\/2024\/03\/dona-Crisrtina-madre-de-alumno-de-Ayotzi.jpg 1200w\" alt=\"\" width=\"600\" height=\"338\" data-sizes=\"(max-width: 600px) 100vw, 600px\" data-src=\"https:\/\/amexi.com.mx\/wp-content\/uploads\/2024\/03\/dona-Crisrtina-madre-de-alumno-de-Ayotzi-600x338.jpg\" data-srcset=\"https:\/\/amexi.com.mx\/wp-content\/uploads\/2024\/03\/dona-Crisrtina-madre-de-alumno-de-Ayotzi-600x338.jpg 600w, https:\/\/amexi.com.mx\/wp-content\/uploads\/2024\/03\/dona-Crisrtina-madre-de-alumno-de-Ayotzi-1024x576.jpg 1024w, https:\/\/amexi.com.mx\/wp-content\/uploads\/2024\/03\/dona-Crisrtina-madre-de-alumno-de-Ayotzi-768x432.jpg 768w, https:\/\/amexi.com.mx\/wp-content\/uploads\/2024\/03\/dona-Crisrtina-madre-de-alumno-de-Ayotzi-30x16.jpg 30w, https:\/\/amexi.com.mx\/wp-content\/uploads\/2024\/03\/dona-Crisrtina-madre-de-alumno-de-Ayotzi.jpg 1200w\" \/><\/p>\n<blockquote><p>&nbsp;<\/p>\n<p>En su oportunidad do\u00f1a Cristina, madre del normalista desaparecido <strong>Benjam\u00edn Ascencio Bautista<\/strong>, declar\u00f3: \u201cSe est\u00e1n cumpliendo nueve a\u00f1os y medio sin saber nada de nuestros hijos, sin saber a d\u00f3nde est\u00e1n o c\u00f3mo est\u00e1n. No nos vamos a cansar de decir que fue un crimen de Estado, no nos vamos a cansar de se\u00f1alar que fue el Ej\u00e9rcito\u2026 <strong>no nos vamos a cansar<\/strong>\u201d.<\/p><\/blockquote>\n<p><\/p>","protected":false},"excerpt":{"rendered":"<p>Fuente: Agencia Amexi \u00abSe est\u00e1n cumpliendo nueve a\u00f1os y medio sin saber nada de nuestros hijos, sin saber a d\u00f3nde est\u00e1n o c\u00f3mo est\u00e1n. No nos vamos a cansar\u00bb, se\u00f1ala do\u00f1a Cristina, madre de Benjam\u00edn Ascencio Bautista. (Ampliaci\u00f3n) Ciudad de M\u00e9xico, 26 mar. (AMEXI).- Los padres de los 43 normalistas de la Normal de Ayotzinapa [&hellip;]<\/p>\n","protected":false},"author":21,"featured_media":47865,"comment_status":"open","ping_status":"closed","sticky":false,"template":"","format":"standard","meta":{"footnotes":""},"categories":[957,51,826,954,935],"tags":[79,929,58,682,53,567,147,1432,23,545,87,148,27,483],"class_list":["post-47861","post","type-post","status-publish","format-standard","has-post-thumbnail","hentry","category-autonomia","category-autor","category-medios-libres-2","category-mexico","category-temas","tag-autonomia","tag-ayotzinapa","tag-derechos-humanos","tag-desaparicion-forzada","tag-justicia","tag-megaproyectos","tag-militarizacion","tag-padres-y-madres-de-los-43","tag-paramilitares","tag-pueblos-indigenas","tag-represion","tag-resistencia","tag-solidaridad","tag-tierra-y-territorio"],"_links":{"self":[{"href":"https:\/\/radiozapatista.org\/index.php?rest_route=\/wp\/v2\/posts\/47861","targetHints":{"allow":["GET"]}}],"collection":[{"href":"https:\/\/radiozapatista.org\/index.php?rest_route=\/wp\/v2\/posts"}],"about":[{"href":"https:\/\/radiozapatista.org\/index.php?rest_route=\/wp\/v2\/types\/post"}],"author":[{"embeddable":true,"href":"https:\/\/radiozapatista.org\/index.php?rest_route=\/wp\/v2\/users\/21"}],"replies":[{"embeddable":true,"href":"https:\/\/radiozapatista.org\/index.php?rest_route=%2Fwp%2Fv2%2Fcomments&post=47861"}],"version-history":[{"count":5,"href":"https:\/\/radiozapatista.org\/index.php?rest_route=\/wp\/v2\/posts\/47861\/revisions"}],"predecessor-version":[{"id":47868,"href":"https:\/\/radiozapatista.org\/index.php?rest_route=\/wp\/v2\/posts\/47861\/revisions\/47868"}],"wp:featuredmedia":[{"embeddable":true,"href":"https:\/\/radiozapatista.org\/index.php?rest_route=\/wp\/v2\/media\/47865"}],"wp:attachment":[{"href":"https:\/\/radiozapatista.org\/index.php?rest_route=%2Fwp%2Fv2%2Fmedia&parent=47861"}],"wp:term":[{"taxonomy":"category","embeddable":true,"href":"https:\/\/radiozapatista.org\/index.php?rest_route=%2Fwp%2Fv2%2Fcategories&post=47861"},{"taxonomy":"post_tag","embeddable":true,"href":"https:\/\/radiozapatista.org\/index.php?rest_route=%2Fwp%2Fv2%2Ftags&post=47861"}],"curies":[{"name":"wp","href":"https:\/\/api.w.org\/{rel}","templated":true}]}}