{"id":47826,"date":"2024-03-20T22:23:23","date_gmt":"2024-03-21T04:23:23","guid":{"rendered":"https:\/\/radiozapatista.org\/?p=47826"},"modified":"2024-03-21T07:28:03","modified_gmt":"2024-03-21T13:28:03","slug":"patrulla-fronteriza-involucrada-en-muerte-de-migrantes-y-subregistro-de-fallecimientos","status":"publish","type":"post","link":"https:\/\/radiozapatista.org\/?p=47826","title":{"rendered":"Patrulla Fronteriza involucrada en muerte de migrantes y subregistro de fallecimientos"},"content":{"rendered":"<p>Fuente: <a href=\"https:\/\/avispa.org\/patrulla-fronteriza-involucrada-en-muerte-de-migrantes-y-subregistro-de-fallecimientos\/\">Avispa Midia<\/a><\/p>\n<p>Por Aldo Santiago<\/p>\n<p><em><sup>En portada: Migrantes que entraron a Estados Unidos desde M\u00e9xico hacen fila para ser procesados \u200b\u200bpor la Oficina de Aduanas y Protecci\u00f3n Fronteriza de los EEUU.<\/sup><\/em><\/p>\n<p>Los abusos de la Patrulla Fronteriza y su involucramiento en el fallecimiento de migrantes que intentan cruzar la frontera entre M\u00e9xico y EEUU son temas de un\u00a0<a href=\"https:\/\/www.elpasomigrantdeathdatabase.org\/\">reciente informe<\/a>\u00a0que revela c\u00f3mo las pol\u00edticas migratorias norteamericanas minimizan y subregistran el\u00a0n\u00famero de muertes causadas por el abuso del poder y las leyes que criminalizan a las personas en movilidad.<\/p>\n<p>S\u00f3lo en una d\u00e9cada, entre los a\u00f1os 2012 y 2022, la\u00a0<a href=\"https:\/\/www.elpasomigrantdeathdatabase.org\/index.php\/el-paso-sector-migrant-death-database\/\">base de datos<\/a>\u00a0recopilada por la\u00a0organizaci\u00f3n norteamericana\u00a0<em>No m\u00e1s muertes\u00a0<\/em>demuestra un mayor n\u00famero de fallecimientos que los datos prove\u00eddos por la Oficina de Aduanas y Protecci\u00f3n Fronteriza de EEUU (CBP, por sus siglas en ingl\u00e9s).<\/p>\n<p><!--more--><\/p>\n<figure class=\"wp-block-image size-full\"><a class=\"td-modal-image\" href=\"https:\/\/avispa.org\/wp-content\/uploads\/2024\/03\/registro-de-muertes-migrantes-frontera-Mx-EEUU.png\"><img loading=\"lazy\" decoding=\"async\" class=\"wp-image-113575\" src=\"https:\/\/avispa.org\/wp-content\/uploads\/2024\/03\/registro-de-muertes-migrantes-frontera-Mx-EEUU.png\" sizes=\"auto, (max-width: 1024px) 100vw, 1024px\" srcset=\"https:\/\/avispa.org\/wp-content\/uploads\/2024\/03\/registro-de-muertes-migrantes-frontera-Mx-EEUU.png 1024w, https:\/\/avispa.org\/wp-content\/uploads\/2024\/03\/registro-de-muertes-migrantes-frontera-Mx-EEUU-300x219.png 300w, https:\/\/avispa.org\/wp-content\/uploads\/2024\/03\/registro-de-muertes-migrantes-frontera-Mx-EEUU-768x561.png 768w, https:\/\/avispa.org\/wp-content\/uploads\/2024\/03\/registro-de-muertes-migrantes-frontera-Mx-EEUU-696x508.png 696w, https:\/\/avispa.org\/wp-content\/uploads\/2024\/03\/registro-de-muertes-migrantes-frontera-Mx-EEUU-575x420.png 575w\" alt=\"\" width=\"1024\" height=\"748\" \/><\/a><figcaption class=\"wp-element-caption\"><em><sup>Registro de muertes de migrantes en el sector de El Paso, frontera compartida entre EEUU y M\u00e9xico. Elaborado por No m\u00e1s muertes<\/sup><\/em><\/figcaption><\/figure>\n<p>Esto lo evidencian con los\u00a0<a href=\"https:\/\/www.elpasomigrantdeathdatabase.org\/index.php\/migrant-death-mapping\/\">datos recogidos del cruce fronterizo del Sector El Paso<\/a>, que incluye la frontera entre el estado de Nuevo M\u00e9xico y los condados texanos de El Paso y Hudspeth. \u201cCon algunos a\u00f1os mostrando hasta dos, tres o incluso cuatro veces (en 2020) m\u00e1s muertes\u201d, revela el informe.<\/p>\n<p>Esta tendencia se mantiene durante los a\u00f1os. Por ejemplo, mientras la CBP reporta la muerte de 10 migrantes en el Sector El Paso para el a\u00f1o 2020, la base de datos de la organizaci\u00f3n demuestra el fallecimiento de 39 personas en movilidad. Para el a\u00f1o 2022, el informe revela 109 fallecimientos contrastando con el subregistro de 71 muertes por parte de la CBP.<\/p>\n<figure class=\"wp-block-image size-large\"><a class=\"td-modal-image\" href=\"https:\/\/avispa.org\/wp-content\/uploads\/2024\/03\/Muertes-Sector-El-Paso-durante-los-anos.png\"><img loading=\"lazy\" decoding=\"async\" class=\"wp-image-113576\" src=\"https:\/\/avispa.org\/wp-content\/uploads\/2024\/03\/Muertes-Sector-El-Paso-durante-los-anos-1024x355.png\" sizes=\"auto, (max-width: 1024px) 100vw, 1024px\" srcset=\"https:\/\/avispa.org\/wp-content\/uploads\/2024\/03\/Muertes-Sector-El-Paso-durante-los-anos-1024x355.png 1024w, https:\/\/avispa.org\/wp-content\/uploads\/2024\/03\/Muertes-Sector-El-Paso-durante-los-anos-300x104.png 300w, https:\/\/avispa.org\/wp-content\/uploads\/2024\/03\/Muertes-Sector-El-Paso-durante-los-anos-768x266.png 768w, https:\/\/avispa.org\/wp-content\/uploads\/2024\/03\/Muertes-Sector-El-Paso-durante-los-anos-696x241.png 696w, https:\/\/avispa.org\/wp-content\/uploads\/2024\/03\/Muertes-Sector-El-Paso-durante-los-anos-1068x370.png 1068w, https:\/\/avispa.org\/wp-content\/uploads\/2024\/03\/Muertes-Sector-El-Paso-durante-los-anos.png 1146w\" alt=\"\" width=\"1024\" height=\"355\" \/><\/a><figcaption class=\"wp-element-caption\"><em><sup>Comparaci\u00f3n de registros de muertes de migrantes entre los datos oficiales y los recabados por No m\u00e1s muertes.<\/sup><\/em><\/figcaption><\/figure>\n<p>Entre las causas de los fallecimientos, la base de datos de\u00a0<em>No m\u00e1s muertes<\/em>\u00a0enfatiza que el 15% de los casos est\u00e1n vinculados al uso de la fuerza por parte de la Patrulla Fronteriza del Sector El Paso. Esto incluye muertes derivadas por las persecuciones, ca\u00eddas desde el muro fronterizo y bajo custodia de los agentes.<\/p>\n<h3 id=\"h-muros-barreras-mortales-nbsp\" class=\"wp-block-heading has-black-color has-text-color\"><strong>Muros, barreras mortales\u00a0<\/strong><\/h3>\n<p>En la regi\u00f3n fronteriza del Sector El Paso se despliegan barreras y muros fronterizos, casi todos construidos durante la presidencia de Donald Trump (periodo entre los a\u00f1os 2016-2020), que cubren una extensi\u00f3n de m\u00e1s de 424 kil\u00f3metros.<\/p>\n<p>Acorde a\u00a0<em>No m\u00e1s muertes<\/em>, lejos de que las barreras redujeran los numerosos intentos de cruce por esta regi\u00f3n, el Sector El Paso ha experimentado un dr\u00e1stico aumento de detenciones de migrantes, \u201cadem\u00e1s de un desastre ecol\u00f3gico bien documentado en otros lugares\u201d, asevera el informe.<\/p>\n<p>De acuerdo a la base de datos, existe el registro de 26 muertes atribuidas a ca\u00eddas desde los muros fronterizos en el Sector El Paso. \u201cLa mayor\u00eda de las muertes en el muro que registramos aqu\u00ed no fue reportada por ninguna entidad, oficial o independiente, e insin\u00faan la crisis sub-reportada de lesiones y sufrimiento debido a ca\u00eddas no fatales\u201d, detalla el reporte.<\/p>\n<figure class=\"wp-block-gallery has-nested-images columns-2 is-cropped wp-block-gallery-1 is-layout-flex wp-block-gallery-is-layout-flex\">\n<figure class=\"wp-block-image size-large\"><a class=\"td-modal-image\" href=\"https:\/\/avispa.org\/wp-content\/uploads\/2024\/03\/Escaleras-en-el-muro-fronterizo-del-condado-de-Dona-Ana.jpeg\"><img loading=\"lazy\" decoding=\"async\" class=\"wp-image-113582\" src=\"https:\/\/avispa.org\/wp-content\/uploads\/2024\/03\/Escaleras-en-el-muro-fronterizo-del-condado-de-Dona-Ana.jpeg\" sizes=\"auto, (max-width: 1024px) 100vw, 1024px\" srcset=\"https:\/\/avispa.org\/wp-content\/uploads\/2024\/03\/Escaleras-en-el-muro-fronterizo-del-condado-de-Dona-Ana.jpeg 1024w, https:\/\/avispa.org\/wp-content\/uploads\/2024\/03\/Escaleras-en-el-muro-fronterizo-del-condado-de-Dona-Ana-300x225.jpeg 300w, https:\/\/avispa.org\/wp-content\/uploads\/2024\/03\/Escaleras-en-el-muro-fronterizo-del-condado-de-Dona-Ana-768x576.jpeg 768w, https:\/\/avispa.org\/wp-content\/uploads\/2024\/03\/Escaleras-en-el-muro-fronterizo-del-condado-de-Dona-Ana-696x522.jpeg 696w, https:\/\/avispa.org\/wp-content\/uploads\/2024\/03\/Escaleras-en-el-muro-fronterizo-del-condado-de-Dona-Ana-560x420.jpeg 560w, https:\/\/avispa.org\/wp-content\/uploads\/2024\/03\/Escaleras-en-el-muro-fronterizo-del-condado-de-Dona-Ana-80x60.jpeg 80w, https:\/\/avispa.org\/wp-content\/uploads\/2024\/03\/Escaleras-en-el-muro-fronterizo-del-condado-de-Dona-Ana-265x198.jpeg 265w\" alt=\"\" width=\"1024\" height=\"768\" data-id=\"113582\" \/><\/a><figcaption class=\"wp-element-caption\"><em><sup>Escaleras en el muro fronterizo del condado de Do\u00f1a Ana<\/sup><\/em><\/figcaption><\/figure>\n<figure class=\"wp-block-image size-large\"><a class=\"td-modal-image\" href=\"https:\/\/avispa.org\/wp-content\/uploads\/2024\/03\/Escaleras-en-el-desierto-de-Nuevo-Mexico.jpeg\"><img loading=\"lazy\" decoding=\"async\" class=\"wp-image-113581\" src=\"https:\/\/avispa.org\/wp-content\/uploads\/2024\/03\/Escaleras-en-el-desierto-de-Nuevo-Mexico.jpeg\" sizes=\"auto, (max-width: 1024px) 100vw, 1024px\" srcset=\"https:\/\/avispa.org\/wp-content\/uploads\/2024\/03\/Escaleras-en-el-desierto-de-Nuevo-Mexico.jpeg 1024w, https:\/\/avispa.org\/wp-content\/uploads\/2024\/03\/Escaleras-en-el-desierto-de-Nuevo-Mexico-300x226.jpeg 300w, https:\/\/avispa.org\/wp-content\/uploads\/2024\/03\/Escaleras-en-el-desierto-de-Nuevo-Mexico-768x579.jpeg 768w, https:\/\/avispa.org\/wp-content\/uploads\/2024\/03\/Escaleras-en-el-desierto-de-Nuevo-Mexico-696x525.jpeg 696w, https:\/\/avispa.org\/wp-content\/uploads\/2024\/03\/Escaleras-en-el-desierto-de-Nuevo-Mexico-557x420.jpeg 557w, https:\/\/avispa.org\/wp-content\/uploads\/2024\/03\/Escaleras-en-el-desierto-de-Nuevo-Mexico-80x60.jpeg 80w\" alt=\"\" width=\"1024\" height=\"772\" data-id=\"113581\" \/><\/a><figcaption class=\"wp-element-caption\"><em><sup>Escaleras en el desierto de Nuevo M\u00e9xico<\/sup><\/em><\/figcaption><\/figure>\n<figure class=\"wp-block-image size-large\"><a class=\"td-modal-image\" href=\"https:\/\/avispa.org\/wp-content\/uploads\/2024\/03\/Los-bomberos-de-El-Paso-recuperan-el-cuerpo-de-un-hombre-que-murio-al-intentar-escalar-la-valla-fronteriza-en-noviembre-de-2021.jpeg\"><img loading=\"lazy\" decoding=\"async\" class=\"wp-image-113583\" src=\"https:\/\/avispa.org\/wp-content\/uploads\/2024\/03\/Los-bomberos-de-El-Paso-recuperan-el-cuerpo-de-un-hombre-que-murio-al-intentar-escalar-la-valla-fronteriza-en-noviembre-de-2021-1024x640.jpeg\" sizes=\"auto, (max-width: 1024px) 100vw, 1024px\" srcset=\"https:\/\/avispa.org\/wp-content\/uploads\/2024\/03\/Los-bomberos-de-El-Paso-recuperan-el-cuerpo-de-un-hombre-que-murio-al-intentar-escalar-la-valla-fronteriza-en-noviembre-de-2021-1024x640.jpeg 1024w, https:\/\/avispa.org\/wp-content\/uploads\/2024\/03\/Los-bomberos-de-El-Paso-recuperan-el-cuerpo-de-un-hombre-que-murio-al-intentar-escalar-la-valla-fronteriza-en-noviembre-de-2021-300x188.jpeg 300w, https:\/\/avispa.org\/wp-content\/uploads\/2024\/03\/Los-bomberos-de-El-Paso-recuperan-el-cuerpo-de-un-hombre-que-murio-al-intentar-escalar-la-valla-fronteriza-en-noviembre-de-2021-768x480.jpeg 768w, https:\/\/avispa.org\/wp-content\/uploads\/2024\/03\/Los-bomberos-de-El-Paso-recuperan-el-cuerpo-de-un-hombre-que-murio-al-intentar-escalar-la-valla-fronteriza-en-noviembre-de-2021-1536x960.jpeg 1536w, https:\/\/avispa.org\/wp-content\/uploads\/2024\/03\/Los-bomberos-de-El-Paso-recuperan-el-cuerpo-de-un-hombre-que-murio-al-intentar-escalar-la-valla-fronteriza-en-noviembre-de-2021-696x435.jpeg 696w, https:\/\/avispa.org\/wp-content\/uploads\/2024\/03\/Los-bomberos-de-El-Paso-recuperan-el-cuerpo-de-un-hombre-que-murio-al-intentar-escalar-la-valla-fronteriza-en-noviembre-de-2021-1068x668.jpeg 1068w, https:\/\/avispa.org\/wp-content\/uploads\/2024\/03\/Los-bomberos-de-El-Paso-recuperan-el-cuerpo-de-un-hombre-que-murio-al-intentar-escalar-la-valla-fronteriza-en-noviembre-de-2021-672x420.jpeg 672w, https:\/\/avispa.org\/wp-content\/uploads\/2024\/03\/Los-bomberos-de-El-Paso-recuperan-el-cuerpo-de-un-hombre-que-murio-al-intentar-escalar-la-valla-fronteriza-en-noviembre-de-2021.jpeg 1820w\" alt=\"\" width=\"1024\" height=\"640\" data-id=\"113583\" \/><\/a><figcaption class=\"wp-element-caption\">Bomberos de El Paso, Texas, recuperan el cuerpo de un hombre que muri\u00f3 al intentar escalar el muro fronterizo en noviembre de 2021.<\/figcaption><\/figure>\n<\/figure>\n<p><em>No m\u00e1s muertes<\/em>\u00a0subraya el desconocimiento del total de personas que han sufrido discapacidades y lesiones resultado de ca\u00eddas no mortales -algunas desde alturas de m\u00e1s de 10 metros. Fuentes como el Departamento de Bomberos de Sunland Park, Texas, han recabado informes de hasta cinco lesiones graves por ca\u00eddas del muro en un solo d\u00eda.<\/p>\n<p>Un\u00a0<a href=\"https:\/\/www.texasmonthly.com\/news-politics\/taller-border-wall-falls-injuries\/\">reporte period\u00edstico<\/a>\u00a0confirm\u00f3 que, desde 2019, cuando se construyeron los muros m\u00e1s altos en la frontera, el Centro M\u00e9dico Universitario, el \u00fanico centro de traumatolog\u00eda a una distancia de 400 km de El Paso, ha tratado alrededor de 1,100 pacientes que cayeron desde las barreras fronterizas.<\/p>\n<p>El informe de la organizaci\u00f3n humanitaria tambi\u00e9n destaca que la CBP ha vinculado la muerte de migrantes derivada de las ca\u00eddas a otras causas. Tal es el caso ocurrido en el a\u00f1o 2022, cuando una joven hondure\u00f1a falleci\u00f3 mientras era trasladada al hospital tras caer del muro.<\/p>\n<p><em>No m\u00e1s muertes\u00a0<\/em>se\u00f1ala que el parte m\u00e9dico que examin\u00f3 el cuerpo de la joven determin\u00f3 que la causa de la muerte fue un \u201ctraumatismo contuso\u201d, no obstante \u201cel informe no menciona ni una sola vez el muro fronterizo (\u2026). En otro caso, un salvadore\u00f1o fue encontrado cerca del muro fronterizo, donde se hab\u00eda lesionado gravemente la espalda en una ca\u00edda, y muri\u00f3 cuando iba a camino al hospital. La causa de su muerte figuraba como \u2018exposici\u00f3n ambiental\u2019\u201d, detalla el reporte.<\/p>\n<p class=\"has-vivid-cyan-blue-color has-text-color\"><a href=\"https:\/\/avispa.org\/cientos-de-solicitantes-de-asilo-son-abandonados-en-temperaturas-bajo-cero-en-arizona\/\" target=\"_blank\" rel=\"noreferrer noopener\">Te puede interesar &#8211; Ci<\/a><a href=\"https:\/\/avispa.org\/cientos-de-solicitantes-de-asilo-son-abandonados-en-temperaturas-bajo-cero-en-arizona\/\">entos de solicitantes de asilo son abandonados en temperaturas bajo cero en Arizona<\/a><\/p>\n<p><em>No m\u00e1s muertes<\/em>\u00a0acusa a la Oficina del M\u00e9dico Forense del Condado de El Paso (EPCOME, por sus siglas en ingl\u00e9s) y a la CBP por la omisi\u00f3n de las causa de fallecimiento, lo que \u201csugiere un intento de desinflar las cifras de estas muertes\u201d.<\/p>\n<div class=\"wp-block-group has-white-color has-vivid-red-background-color has-text-color has-background is-layout-constrained wp-block-group-is-layout-constrained\">\n<div class=\"wp-block-group__inner-container\">\n<h3 id=\"h-asilo\" class=\"wp-block-heading has-black-color has-text-color\"><strong><mark class=\"has-inline-color has-white-color\">Asilo<\/mark><\/strong><\/h3>\n<p>El reporte se\u00f1ala un incremento en el caso de migrantes que murieron al cruzar hacia los EEUU tras solicitar asilo. Particularmente,\u00a0<em>No m\u00e1s muertes\u00a0<\/em>se\u00f1ala que existe un mayor n\u00famero de muertes de migrantes no mexicanos en comparaci\u00f3n con otros sectores.<\/p>\n<p>\u201cLos restos humanos recuperados recientemente en el sector de El Paso se han asemejado m\u00e1s a la demograf\u00eda de los solicitantes de asilo, tanto por nacionalidad como por g\u00e9nero; en 2023, las mujeres constitu\u00edan m\u00e1s del 50% de los restos humanos recuperados, una proporci\u00f3n sin precedentes en ning\u00fan a\u00f1o para ning\u00fan sector en el que se disponga de estos datos\u201d, enfatiza el informe.<\/p>\n<figure class=\"wp-block-image size-full\"><a class=\"td-modal-image\" href=\"https:\/\/avispa.org\/wp-content\/uploads\/2024\/03\/Una-cruz-en-memoria-de-un-migrante-recuperado-del-Rio-Grande.jpeg\"><img loading=\"lazy\" decoding=\"async\" class=\"wp-image-113577\" src=\"https:\/\/avispa.org\/wp-content\/uploads\/2024\/03\/Una-cruz-en-memoria-de-un-migrante-recuperado-del-Rio-Grande.jpeg\" sizes=\"auto, (max-width: 1024px) 100vw, 1024px\" srcset=\"https:\/\/avispa.org\/wp-content\/uploads\/2024\/03\/Una-cruz-en-memoria-de-un-migrante-recuperado-del-Rio-Grande.jpeg 1024w, https:\/\/avispa.org\/wp-content\/uploads\/2024\/03\/Una-cruz-en-memoria-de-un-migrante-recuperado-del-Rio-Grande-300x225.jpeg 300w, https:\/\/avispa.org\/wp-content\/uploads\/2024\/03\/Una-cruz-en-memoria-de-un-migrante-recuperado-del-Rio-Grande-768x576.jpeg 768w, https:\/\/avispa.org\/wp-content\/uploads\/2024\/03\/Una-cruz-en-memoria-de-un-migrante-recuperado-del-Rio-Grande-696x522.jpeg 696w, https:\/\/avispa.org\/wp-content\/uploads\/2024\/03\/Una-cruz-en-memoria-de-un-migrante-recuperado-del-Rio-Grande-560x420.jpeg 560w, https:\/\/avispa.org\/wp-content\/uploads\/2024\/03\/Una-cruz-en-memoria-de-un-migrante-recuperado-del-Rio-Grande-80x60.jpeg 80w, https:\/\/avispa.org\/wp-content\/uploads\/2024\/03\/Una-cruz-en-memoria-de-un-migrante-recuperado-del-Rio-Grande-265x198.jpeg 265w\" alt=\"\" width=\"1024\" height=\"768\" \/><\/a><figcaption class=\"wp-element-caption\"><em><sup><mark class=\"has-inline-color has-white-color\">Una cruz en memoria de un migrante fallecido y cuyo cuerpo fue recuperado del R\u00edo Grande<\/mark><\/sup><\/em><\/figcaption><\/figure>\n<p>Esta situaci\u00f3n, argumenta\u00a0<em>No m\u00e1s muertes<\/em>, deriva de las pol\u00edticas implementadas desde el a\u00f1o 2017, bajo la administraci\u00f3n de Trump y que contin\u00faan \u201cde manera informal o bajo diferentes nombres\u201d en la actual presidencia de Joe Biden, con las cuales se restringen las solicitudes de asilo, \u201cincluidas las pr\u00e1cticas ilegales de dosificaci\u00f3n y devoluci\u00f3n\u201d.<\/p>\n<p class=\"has-vivid-cyan-blue-color has-text-color\"><a href=\"https:\/\/avispa.org\/mexico-paga-los-efectos-del-fin-de-la-politica-del-titulo-42-de-los-eeuu\/\" target=\"_blank\" rel=\"noreferrer noopener\"><mark class=\"has-inline-color has-white-color\">Te puede interesar &#8211; M\u00e9xico pa<\/mark><\/a><a href=\"https:\/\/avispa.org\/mexico-paga-los-efectos-del-fin-de-la-politica-del-titulo-42-de-los-eeuu\/\"><mark class=\"has-inline-color has-white-color\">ga los efectos del fin de la pol\u00edtica del T\u00edtulo 42 de los EEUU<\/mark><\/a><\/p>\n<p>Con ello, las personas atrapadas en el limbo de los tr\u00e1mites del lado mexicano deciden emprender el cruce hacia los EEUU para solicitar asilo una vez detenidos por la Patrulla Fronteriza en suelo estadounidense.<\/p>\n<p>\u201cCreemos que este mayor n\u00famero de muertes de mujeres est\u00e1 relacionado con las recientes y continuas restricciones de asilo y el cierre de los puertos de entrada a los solicitantes de asilo\u201d, asevera\u00a0<em>No m\u00e1s muertes.<\/em><\/p>\n<\/div>\n<\/div>\n<h3 id=\"h-persecuciones\" class=\"wp-block-heading has-black-color has-text-color\"><strong>Persecuciones<\/strong><\/h3>\n<p>Los agentes de la Patrulla Fronteriza de los EEUU realizan persecuciones contra cualquier persona que intente evadir el paso por un control de inmigraci\u00f3n y de veh\u00edculos de los que sospechen un cruce ilegal, lo cual se\u00f1ala\u00a0<em>No m\u00e1s muertes<\/em>es una \u201cpr\u00e1ctica innecesaria y peligrosa\u201d.<\/p>\n<p>Seg\u00fan la organizaci\u00f3n humanitaria, las persecuciones de la Patrulla Fronteriza representan la mitad (35 de 73) de las muertes de agentes fronterizos, 20 en veh\u00edculo y 15 a pie.<\/p>\n<p>Tambi\u00e9n citan un\u00a0<a href=\"https:\/\/www.latimes.com\/projects\/la-me-ln-border-patrol-immigrant-chases-crashes\/\">informe de LATimes<\/a>\u00a0del 2019, el cual rastre\u00f3 500 casos de persecuciones de veh\u00edculos de la Patrulla Fronteriza, entre 2015 y 2018, y descubri\u00f3 que las estrategias empleadas significaron que \u201c1 de cada 3 termin\u00f3 en un accidente\u201d, contabilizando al menos 250 lesiones y 22 muertes.<\/p>\n<div class=\"wp-block-image\">\n<figure class=\"aligncenter size-full\"><a class=\"td-modal-image\" href=\"https:\/\/avispa.org\/wp-content\/uploads\/2024\/03\/Migrantes-cruzando-frontera-Mx-EEUU.jpeg\"><img loading=\"lazy\" decoding=\"async\" class=\"wp-image-113585\" src=\"https:\/\/avispa.org\/wp-content\/uploads\/2024\/03\/Migrantes-cruzando-frontera-Mx-EEUU.jpeg\" sizes=\"auto, (max-width: 696px) 100vw, 696px\" srcset=\"https:\/\/avispa.org\/wp-content\/uploads\/2024\/03\/Migrantes-cruzando-frontera-Mx-EEUU.jpeg 696w, https:\/\/avispa.org\/wp-content\/uploads\/2024\/03\/Migrantes-cruzando-frontera-Mx-EEUU-300x199.jpeg 300w, https:\/\/avispa.org\/wp-content\/uploads\/2024\/03\/Migrantes-cruzando-frontera-Mx-EEUU-633x420.jpeg 633w\" alt=\"\" width=\"696\" height=\"462\" \/><\/a><figcaption class=\"wp-element-caption\"><em><sup>Migrantes cruzando la frontera entre M\u00e9xico y EEUU.<\/sup><\/em><\/figcaption><\/figure>\n<\/div>\n<p>A la par de las persecuciones en autom\u00f3vil, los agentes de la Patrulla Fronteriza emplean otros m\u00e9todos como el de \u201czumbar\u201d a grupos de migrantes desde un helic\u00f3ptero, es decir, volar a un nivel bajo para levantar polvo e intimidar y desorientar a los migrantes, lo que puede provocar lesiones, hacer que los grupos se dividan y que aumente en gran medida sus posibilidades de muerte.<\/p>\n<p>\u201cSe sabe que la CBP\u00a0<a href=\"https:\/\/www.aljazeera.com\/features\/2022\/12\/12\/the-cover-up-teams-operating-on-the-us-border\">encubre intencionadamente muchos de estos casos<\/a>. Hemos encontrado m\u00faltiples referencias en los datos que muestran que los investigadores no pudieron entrevistar a los agentes de la CBP involucrados, lo que se hizo imposible una investigaci\u00f3n completa\u201d, acusa\u00a0<em>No m\u00e1s muertes<\/em>\u00a0cuya labor para recopilar los datos hecho mano de diversas fuentes gubernamentales, instituciones m\u00e9dicas e investigaciones independientes.<\/p>\n<div class=\"wp-block-group has-white-color has-black-background-color has-text-color has-background is-layout-constrained wp-block-group-is-layout-constrained\">\n<div class=\"wp-block-group__inner-container\">\n<h3 id=\"h-responsabilidad\" class=\"wp-block-heading\"><strong><mark class=\"has-inline-color has-white-color\">Responsabilidad<\/mark><\/strong><\/h3>\n<p><em>No m\u00e1s muertes\u00a0<\/em>registra 16 muertes relacionadas con el actuar de los agentes de la CBP\u00a0para el a\u00f1o 2022, mientras que s\u00f3lo 6 aparecen en el recuento oficial de la OPR (Oficina de Responsabilidad Profesional).<\/p>\n<p><a href=\"https:\/\/avispa.org\/patrulla-fronteriza-de-eeuu-tiene-luz-verde-para-provocar-la-muerte-de-migrantes\/\"><mark class=\"has-inline-color has-white-color\">Te puede interesar \u2013 Patrulla fronteriza de EEUU tiene luz verde para provocar la muerte de migrantes<\/mark><\/a><\/p>\n<\/div>\n<\/div>\n<h3 id=\"h-falta-de-datos\" class=\"wp-block-heading has-black-color has-text-color\"><strong>Falta de datos<\/strong><\/h3>\n<p>Pese a lo extenso del informe,\u00a0<em>No m\u00e1s muertes<\/em>\u00a0subraya que no se conoce el\u00a0verdadero n\u00famero de muertes de personas que migraron a trav\u00e9s de Nuevo M\u00e9xico debido a que muchos restos nunca son encontrados. \u201cLa descomposici\u00f3n puede tener lugar muy r\u00e1pidamente en condiciones des\u00e9rticas, y los restos pueden quedar ocultos a la vista o dispersos\u201d, enfatiza.<\/p>\n<p>A su vez, se\u00f1ala que faltan datos sobre las muertes que ocurren del lado mexicano de la frontera, donde los migrantes se enfrentan a veces a condiciones igual de peligrosas antes de iniciar la parte estadounidense de su viaje. \u201cPor ejemplo, tenemos datos de las personas que murieron al caer desde el muro hacia el norte, en direcci\u00f3n a Estados Unidos, pero no de las que murieron al caer hacia el sur, en direcci\u00f3n a M\u00e9xico\u201d, detallan.<\/p>\n<p>Los datos que hacen parte del informe se recopilaron de la Oficina del Investigador M\u00e9dico de Nuevo M\u00e9xico (OMI), la Oficina de Aduanas y Protecci\u00f3n Fronteriza de EEUU (CBP), el Departamento de Transporte de Nuevo M\u00e9xico (NMDOT), la Oficina del M\u00e9dico Forense del Condado de El Paso (EPCOME), los Juzgados de Paz de los Distritos 1 y 2 del Condado de Hudspeth, el Proyecto de Migrantes Desaparecidos de la OIM, fuentes de noticias independientes y declaraciones del Departamento de Bomberos de Sunland Park, as\u00ed como la observaci\u00f3n directa de voluntarios sobre el terreno.<br \/>\n<\/p>","protected":false},"excerpt":{"rendered":"<p>Fuente: Avispa Midia Por Aldo Santiago En portada: Migrantes que entraron a Estados Unidos desde M\u00e9xico hacen fila para ser procesados \u200b\u200bpor la Oficina de Aduanas y Protecci\u00f3n Fronteriza de los EEUU. Los abusos de la Patrulla Fronteriza y su involucramiento en el fallecimiento de migrantes que intentan cruzar la frontera entre M\u00e9xico y EEUU [&hellip;]<\/p>\n","protected":false},"author":21,"featured_media":47827,"comment_status":"open","ping_status":"closed","sticky":false,"template":"","format":"standard","meta":{"footnotes":""},"categories":[957,51,826,954,959,935],"tags":[58,53,1305,30,147,23,87,148,27,483],"class_list":["post-47826","post","type-post","status-publish","format-standard","has-post-thumbnail","hentry","category-autonomia","category-autor","category-medios-libres-2","category-mexico","category-migracion","category-temas","tag-derechos-humanos","tag-justicia","tag-latinoamerica","tag-migracion","tag-militarizacion","tag-paramilitares","tag-represion","tag-resistencia","tag-solidaridad","tag-tierra-y-territorio"],"_links":{"self":[{"href":"https:\/\/radiozapatista.org\/index.php?rest_route=\/wp\/v2\/posts\/47826","targetHints":{"allow":["GET"]}}],"collection":[{"href":"https:\/\/radiozapatista.org\/index.php?rest_route=\/wp\/v2\/posts"}],"about":[{"href":"https:\/\/radiozapatista.org\/index.php?rest_route=\/wp\/v2\/types\/post"}],"author":[{"embeddable":true,"href":"https:\/\/radiozapatista.org\/index.php?rest_route=\/wp\/v2\/users\/21"}],"replies":[{"embeddable":true,"href":"https:\/\/radiozapatista.org\/index.php?rest_route=%2Fwp%2Fv2%2Fcomments&post=47826"}],"version-history":[{"count":2,"href":"https:\/\/radiozapatista.org\/index.php?rest_route=\/wp\/v2\/posts\/47826\/revisions"}],"predecessor-version":[{"id":47830,"href":"https:\/\/radiozapatista.org\/index.php?rest_route=\/wp\/v2\/posts\/47826\/revisions\/47830"}],"wp:featuredmedia":[{"embeddable":true,"href":"https:\/\/radiozapatista.org\/index.php?rest_route=\/wp\/v2\/media\/47827"}],"wp:attachment":[{"href":"https:\/\/radiozapatista.org\/index.php?rest_route=%2Fwp%2Fv2%2Fmedia&parent=47826"}],"wp:term":[{"taxonomy":"category","embeddable":true,"href":"https:\/\/radiozapatista.org\/index.php?rest_route=%2Fwp%2Fv2%2Fcategories&post=47826"},{"taxonomy":"post_tag","embeddable":true,"href":"https:\/\/radiozapatista.org\/index.php?rest_route=%2Fwp%2Fv2%2Ftags&post=47826"}],"curies":[{"name":"wp","href":"https:\/\/api.w.org\/{rel}","templated":true}]}}