{"id":4776,"date":"2011-12-07T17:42:25","date_gmt":"2011-12-07T23:42:25","guid":{"rendered":"https:\/\/radiozapatista.org\/?p=4776"},"modified":"2011-12-07T17:42:25","modified_gmt":"2011-12-07T23:42:25","slug":"denuncia-publica-de-san-sebastian-bachajon","status":"publish","type":"post","link":"https:\/\/radiozapatista.org\/?p=4776","title":{"rendered":"Denuncia p\u00fablica de San Sebasti\u00e1n Bachaj\u00f3n"},"content":{"rendered":"<p>EJIDO SAN SEBASTI\u00c1N BACHAJ\u00d3N ADHERENTES A LAS SEXTA DECLARACI\u00d3N DE LAS SELVA LACANDONA, CHIAPAS, M\u00c9XICO.<\/p>\n<p>05 DE DICIEMBRE DE 2011<\/p>\n<p>A LOS DEFENSORES DE DERECHOS HUMANOS NACIONAL E INTERNACIONAL<\/p>\n<p>A LAS JUNTAS DE BUEN GOBIERNO<\/p>\n<p>A LOS ADHERENTES A LA OTRA CAMPA\u00d1A NACIONAL E INTERNACIONAL<\/p>\n<p>AL PUEBLO DE M\u00c9XICO Y EN EL MUNDO<\/p>\n<p>A LA COMISI\u00d3N SEXTA INTERNACIONAL<\/p>\n<p>A LOS MEDIOS DE COMUNICACI\u00d3N MASIVOS E ALTERNATIVOS<\/p>\n<p>Denunciamos p\u00fablicamente al Gobernador del Estado de Chiapas Juan Sabines Guerrero al secretario de gobierno Doc. Noe Casta\u00f1\u00f3n Le\u00f3n en complicidad con las autoridades oficialistas de San Sebasti\u00e1n Bachaj\u00f3n al C. Francisco Gusm\u00e1n Jim\u00e9nez Alias (Goyito) por la actuaci\u00f3n del pasado 30 de noviembre de 2011, adherentes a las otra campa\u00f1a de San Sebasti\u00e1n Bachaj\u00f3n tomaron las instalaciones de las caseta de cobro de las entradas al centro ecotur\u00edstico Cascadas de Agua Azul con la finalidad de recuperar lo que el comisariado oficial en complicidad con las diferentes dependencias del gobierno pretenden despojarnos de m\u00e1s de 600 hect\u00e1reas falsificando un plano de decreto que ni siquiera coincide con el decreto presidencial del 29 de abril de 1980; por tal raz\u00f3n ejidatar5ios adherentes a la otra campa\u00f1a mantuvimos ocupada durante 2 d\u00edas esperando que en esos 2 d\u00edas apareciera el comisariado oficial para que le diera una explicaci\u00f3n a los ejidatarios por lo que estaba realizando sin el consentimiento del m\u00e1ximo \u00f3rgano ejidal, pero de repente aparece el interesado el \u00c1ngel guardi\u00e1n de los pol\u00edticos sucios ambiciosos como Noe Casta\u00f1\u00f3n que intervino el pasado 01 de diciembre de 2011 como si fuera el otro integrante del ejido que porque don Goyo le dio un derechito para que hiciera lo que quiera en nuestras tierras. Diciendo que \u00e9l tiene la palabra demostrando un convenio que ya viene elaborado, que ni siquiera vimos d\u00f3nde lo elaboraron y as\u00ed nos est\u00e1 obligando a firmar como si le estuvi\u00e9ramos pidiendo una caridad, cuando el objetivo\u00a0\u00a0que ten\u00eda los ejidatario de La Otra Campa\u00f1a era recuperar las tierras donde ilegalmente construyeron un centro de respuesta en atenci\u00f3n a emergencia y la permanencia de la polic\u00eda preventiva, no \u00edbamos por inter\u00e9s econ\u00f3mico, mas sin embargo ya nos estaba ofreciendo la cantidad de 10 pesos que le corresponde a la organizaci\u00f3n y si no lo acept\u00e1ramos que la polic\u00eda preventiva nos iba ha desalojar violentamente, qu\u00e9 c\u00ednicos, aparte de que se comprometi\u00f3 el comisariado oficial de convocar a una asamblea\u00a0\u00a0de ejidatarios que se llevara a cabo en el poblado centro sac. jun y nunca lo hizo, lo \u00fanico que hicieron fueron a reunirse en la comunidad de Pamala, nido de ratas, con Antonio Jim\u00e9nez, Manuel Jim\u00e9nez, Juan Jim\u00e9nez y Pascual P\u00e9rez \u00c1lvaro, Juan \u00c1lvaro Moreno, Miguel Moreno como si fueran los \u00fanicos due\u00f1os del ejido cuando ejidatarios lo estaban esperando en la casa ejidal del Centro Alan Sac Jun. Ahora con qu\u00e9 pretexto salen con esto cuando los verdaderos responsables de lo que est\u00e1 pasando en nuestro ejido son los antes mencionados en complicidad con diferentes dependencias del mal gobierno financiador de la muerte y la violencia, el despojo y la represi\u00f3n. Que quede claro quienes son los responsables porque esta vez no vamos a caer en sus mentiras y vamos a demostrarle lo que somos y a qu\u00e9 vamos.<\/p>\n<p>Atentamente<\/p>\n<p>Tierra y libertad<\/p>\n<p>Zapata vive la lucha sigue<\/p>\n<p>Hasta la victoria siempre<\/p>","protected":false},"excerpt":{"rendered":"<p>EJIDO SAN SEBASTI\u00c1N BACHAJ\u00d3N ADHERENTES A LAS SEXTA DECLARACI\u00d3N DE LAS SELVA LACANDONA, CHIAPAS, M\u00c9XICO. 05 DE DICIEMBRE DE 2011 A LOS DEFENSORES DE DERECHOS HUMANOS NACIONAL E INTERNACIONAL A LAS JUNTAS DE BUEN GOBIERNO A LOS ADHERENTES A LA OTRA CAMPA\u00d1A NACIONAL E INTERNACIONAL AL PUEBLO DE M\u00c9XICO Y EN EL MUNDO A LA [&hellip;]<\/p>\n","protected":false},"author":4,"featured_media":0,"comment_status":"open","ping_status":"open","sticky":false,"template":"","format":"standard","meta":{"footnotes":""},"categories":[183],"tags":[61,54],"class_list":["post-4776","post","type-post","status-publish","format-standard","hentry","category-blog","tag-bachajon","tag-otra-campana"],"_links":{"self":[{"href":"https:\/\/radiozapatista.org\/index.php?rest_route=\/wp\/v2\/posts\/4776","targetHints":{"allow":["GET"]}}],"collection":[{"href":"https:\/\/radiozapatista.org\/index.php?rest_route=\/wp\/v2\/posts"}],"about":[{"href":"https:\/\/radiozapatista.org\/index.php?rest_route=\/wp\/v2\/types\/post"}],"author":[{"embeddable":true,"href":"https:\/\/radiozapatista.org\/index.php?rest_route=\/wp\/v2\/users\/4"}],"replies":[{"embeddable":true,"href":"https:\/\/radiozapatista.org\/index.php?rest_route=%2Fwp%2Fv2%2Fcomments&post=4776"}],"version-history":[{"count":0,"href":"https:\/\/radiozapatista.org\/index.php?rest_route=\/wp\/v2\/posts\/4776\/revisions"}],"wp:attachment":[{"href":"https:\/\/radiozapatista.org\/index.php?rest_route=%2Fwp%2Fv2%2Fmedia&parent=4776"}],"wp:term":[{"taxonomy":"category","embeddable":true,"href":"https:\/\/radiozapatista.org\/index.php?rest_route=%2Fwp%2Fv2%2Fcategories&post=4776"},{"taxonomy":"post_tag","embeddable":true,"href":"https:\/\/radiozapatista.org\/index.php?rest_route=%2Fwp%2Fv2%2Ftags&post=4776"}],"curies":[{"name":"wp","href":"https:\/\/api.w.org\/{rel}","templated":true}]}}