{"id":47726,"date":"2024-03-16T20:55:51","date_gmt":"2024-03-17T02:55:51","guid":{"rendered":"https:\/\/radiozapatista.org\/?p=47726"},"modified":"2024-03-16T20:55:51","modified_gmt":"2024-03-17T02:55:51","slug":"comunidad-maya-presenta-denuncias-contra-empresario-por-intentos-de-despojo","status":"publish","type":"post","link":"https:\/\/radiozapatista.org\/?p=47726","title":{"rendered":"Comunidad maya presenta denuncias contra empresario por intentos de despojo"},"content":{"rendered":"<p>Fuente: <a href=\"https:\/\/avispa.org\/comunidad-maya-presenta-denuncias-contra-empresario-por-intentos-de-despojo\/\">Avispa Midia<\/a><\/p>\n<p>Por Sare Frabes<\/p>\n<div class=\"tdb-block-inner td-fix-index\">\n<p><em><sup>En portada: Miembros de la comunidad maya de Ixil, Yucat\u00e1n. Foto: B\u00e9n\u00e9dicte Desrus<\/sup><\/em><\/p>\n<p>El pasado mi\u00e9rcoles (13), una comisi\u00f3n de la comunidad maya de Ixil, Yucat\u00e1n anunci\u00f3 una serie de acciones que realizaron para continuar con la defensa de sus territorios frente a intentos de despojo por parte de proyectos inmobiliarios y de producci\u00f3n energ\u00e9tica.<\/p>\n<p>Mediante conferencia de prensa, realizada en la Ciudad de M\u00e9xico tras reuniones con diversos funcionarios en la capital del pa\u00eds, destacaron su visita a\u00a0la Fiscal\u00eda Especializada en Materia de Derechos Humanos (FEMDH),\u00a0adscrita a la Fiscal\u00eda General de la Rep\u00fablica (FGR).<\/p>\n<p>Ante dicha instituci\u00f3n, los pobladores mayas\u00a0interpusieron una denuncia penal contra el empresario Alejandro Escoffi\u00e9 por actos fraudulentos cuyo fin, argumentan, era despojarles de m\u00e1s de 5,200 hect\u00e1reas de tierras ejidales de uso com\u00fan.<\/p>\n<p>Acorde al testimonio de Mercedes Cocom Noriega, miembro de la comunidad de Ixil, el empresario Escoffi\u00e9 es el principal promotor de este intento de despojo, que se remonta a una lucha desde hace 10 a\u00f1os por el control de las tierras de uso com\u00fan. Por su parte, Maximiliano Cetz, maya quien tambi\u00e9n form\u00f3 parte de la comisi\u00f3n de la comunidad, agreg\u00f3 que en la denuncia tambi\u00e9n se acusa a\u00a0un notario p\u00fablico, dos ex visitadores agrarios, el actual Comisariado Ejidal y otros comisariados previos que fueron c\u00f3mplices de Escoffi\u00e9.<\/p>\n<p>El motivo de la denuncia, aseveran, es por los delitos de fraude,\u00a0falsificaci\u00f3n de documentos y asociaci\u00f3n delictuosa con el fin de privatizar las m\u00e1s de 5,200 hect\u00e1reas mediante el uso de documentos y firmas falsificadas que buscaban asignar a personas ajenas a la comunidad como sus propietarias frente al Registro Agrario Nacional (RAN).<\/p>\n<p>Ante este hecho, Cocom detall\u00f3 que la comisi\u00f3n de Ixil mantuvo una reuni\u00f3n con funcionarios del RAN, quienes les informaron que el intento de asignaci\u00f3n de personas extranjeras sobre las tierras de uso com\u00fan, por parte de Escoffi\u00e9, fueron denegadas por el \u00f3rgano agrario.<\/p>\n<p>Jos\u00e9 Argemiro, tambi\u00e9n parte de la comisi\u00f3n maya, indic\u00f3 que se sienten desamparados por parte de las instituciones que imparten justicia en el pa\u00eds. Esto debido a la negativa, por parte del Tribunal Colegiado en Materia Penal y Administrativa de Yucat\u00e1n sobre una demanda de amparo que los pobladores presentaron contra la orden de aseguramiento de sus tierras que provoc\u00f3 el intento de despojo refectuado el 17 de agosto del 2023.<\/p>\n<p class=\"has-vivid-cyan-blue-color has-text-color\"><a href=\"https:\/\/avispa.org\/yucatan-tras-represion-indigenas-de-ixil-se-mantienen-en-resistencia\/\" target=\"_blank\" rel=\"noreferrer noopener\">Te puede interesar \u2013 Yucat\u00e1n: Tras represi\u00f3n, ind\u00edgenas de Ixil se mantienen en resistencia<\/a><\/p>\n<p>\u201cEn este tribunal trabaja un primo segundo de una de las personas que se ostenta como propietaria y que est\u00e1 queriendo despojar a la comunidad\u201d, acus\u00f3 Argemiro. Por esta situaci\u00f3n, los pobladores de Ixil hicieron un llamado a la SCJN para que sea ella quien retome el caso y decida sobre la suspensi\u00f3n definitiva que han solicitado mediante la demanda de amparo.<\/p>\n<h3 id=\"h-otros-proyectos\" class=\"wp-block-heading has-black-color has-text-color\"><strong>Otros proyectos<\/strong><\/h3>\n<p class=\"has-black-color has-text-color\">Ang\u00e9lica Tec Ek, miembro de la comunidad maya, agreg\u00f3 que tambi\u00e9n se cierne la amenaza contra su territorio por parte un proyecto de energ\u00eda e\u00f3lica. La integrante de Ixil detall\u00f3 que sus territorios cuentan con una enorme biodiversidad que incluye lagunas, manglares y otros ecosistemas que, de instalarse un parque e\u00f3lico, ser\u00edan impactados negativamente y cortar\u00eda los flujos del agua.<\/p>\n<p>Tec Ek contextualiz\u00f3 que ya han ocurrido inundaciones en sus territorios, como lo que aconteci\u00f3 en el a\u00f1o 2020 cuando todo el pueblo se vi\u00f3 afectado por la anegaci\u00f3n, \u201cel pueblo sufri\u00f3 demasiado, sufri\u00f3 en su econom\u00eda con p\u00e9rdida de ganado, apicultores, un da\u00f1o muy terrible que sufri\u00f3 la comunidad\u201d, comparti\u00f3 y asegur\u00f3 que es una de las razones por las que los pobladores no quieren que esa situaci\u00f3n se repita.<\/p>\n<p>Durante la rueda de prensa tambi\u00e9n particip\u00f3\u00a0Carlos Yam\u00e1, miembro del colectivo Cantuk\u00fan, e integrante de la comunidad maya de Kinchil, ubicada al poniente de Yucat\u00e1n. Yam\u00e1 inform\u00f3 que su comunidad defiende sus terrenos desde hace 10 a\u00f1os frente a los intentos de despojo por parte de la empresa porc\u00edcola Kek\u00e9n, del grupo Kuo.<\/p>\n<p>Seg\u00fan comunicado compartido tras la conferencia, esta problem\u00e1tica y despojo nace del tr\u00e1fico de influencias al interior de SEDATU (Secretar\u00eda de Desarrollo Agrario, Territorial y Urbano). Ante ello, la comunidad de Kinchil est\u00e1 litigando contra la secretar\u00eda, debido a que se\u00f1alan que defiende los intereses de la granja porc\u00edcola en detrimento de apicultores y peque\u00f1os ganaderos quienes son afectados por las invasiones de sus tierras.<\/p>\n<\/div>\n<p><\/p>","protected":false},"excerpt":{"rendered":"<p>Fuente: Avispa Midia Por Sare Frabes En portada: Miembros de la comunidad maya de Ixil, Yucat\u00e1n. Foto: B\u00e9n\u00e9dicte Desrus El pasado mi\u00e9rcoles (13), una comisi\u00f3n de la comunidad maya de Ixil, Yucat\u00e1n anunci\u00f3 una serie de acciones que realizaron para continuar con la defensa de sus territorios frente a intentos de despojo por parte de [&hellip;]<\/p>\n","protected":false},"author":21,"featured_media":47727,"comment_status":"open","ping_status":"closed","sticky":false,"template":"","format":"standard","meta":{"footnotes":""},"categories":[51],"tags":[79,58,53,567,147,545,87,148,27,483,1347],"class_list":["post-47726","post","type-post","status-publish","format-standard","has-post-thumbnail","hentry","category-autor","tag-autonomia","tag-derechos-humanos","tag-justicia","tag-megaproyectos","tag-militarizacion","tag-pueblos-indigenas","tag-represion","tag-resistencia","tag-solidaridad","tag-tierra-y-territorio","tag-yucatan"],"_links":{"self":[{"href":"https:\/\/radiozapatista.org\/index.php?rest_route=\/wp\/v2\/posts\/47726","targetHints":{"allow":["GET"]}}],"collection":[{"href":"https:\/\/radiozapatista.org\/index.php?rest_route=\/wp\/v2\/posts"}],"about":[{"href":"https:\/\/radiozapatista.org\/index.php?rest_route=\/wp\/v2\/types\/post"}],"author":[{"embeddable":true,"href":"https:\/\/radiozapatista.org\/index.php?rest_route=\/wp\/v2\/users\/21"}],"replies":[{"embeddable":true,"href":"https:\/\/radiozapatista.org\/index.php?rest_route=%2Fwp%2Fv2%2Fcomments&post=47726"}],"version-history":[{"count":1,"href":"https:\/\/radiozapatista.org\/index.php?rest_route=\/wp\/v2\/posts\/47726\/revisions"}],"predecessor-version":[{"id":47728,"href":"https:\/\/radiozapatista.org\/index.php?rest_route=\/wp\/v2\/posts\/47726\/revisions\/47728"}],"wp:featuredmedia":[{"embeddable":true,"href":"https:\/\/radiozapatista.org\/index.php?rest_route=\/wp\/v2\/media\/47727"}],"wp:attachment":[{"href":"https:\/\/radiozapatista.org\/index.php?rest_route=%2Fwp%2Fv2%2Fmedia&parent=47726"}],"wp:term":[{"taxonomy":"category","embeddable":true,"href":"https:\/\/radiozapatista.org\/index.php?rest_route=%2Fwp%2Fv2%2Fcategories&post=47726"},{"taxonomy":"post_tag","embeddable":true,"href":"https:\/\/radiozapatista.org\/index.php?rest_route=%2Fwp%2Fv2%2Ftags&post=47726"}],"curies":[{"name":"wp","href":"https:\/\/api.w.org\/{rel}","templated":true}]}}