{"id":47645,"date":"2024-03-05T11:26:25","date_gmt":"2024-03-05T17:26:25","guid":{"rendered":"https:\/\/radiozapatista.org\/?p=47645"},"modified":"2024-03-05T11:26:25","modified_gmt":"2024-03-05T17:26:25","slug":"pronunciamiento-por-la-libertad-de-saul-rosales-preso-politico-en-tlaxcala","status":"publish","type":"post","link":"https:\/\/radiozapatista.org\/?p=47645","title":{"rendered":"[:es]Pronunciamiento por la libertad de Sa\u00fal Rosales, Preso pol\u00edtico en Tlaxcala[:en]LIBERTAD PARA SA\u00daL ROSALES MEL\u00c9NDEZ[:]"},"content":{"rendered":"<p>[:es]<\/p>\n<div class=\"F9yp7e ikZYwf LgNcQe\" dir=\"auto\" role=\"heading\" aria-level=\"1\"><\/div>\n<div class=\"post-content-container\">\n<div class=\"post-content entry-content cf\">\n<div class=\"Dq4amc\">\n<div class=\"m7w29c O8VmIc tIvQIf\">\n<div class=\"N0gd6\">\n<div class=\"cBGGJ OIC90c\" dir=\"auto\">\n<p>Al Ej\u00e9rcito Zapatista de Liberaci\u00f3n Nacional<\/p>\n<p>A la Comisi\u00f3n Sexta del EZLN<\/p>\n<p>Al Congreso Nacional Ind\u00edgena<\/p>\n<p>Al Concejo Ind\u00edgena de Gobierno<\/p>\n<p>A Ma. de Jes\u00fas Patricio Mart\u00ednez, Vocera del CNI-CIG<\/p>\n<p>A los Pueblos del Mundo que resisten contra el Sistema Capitalista y Patriarcal<\/p>\n<p>A los Pueblos, Tribus, Naciones, Comunidades y Barrios Originarios que nunca fueron conquistados<\/p>\n<p>A los Pueblos que luchan y resisten en la Cuenca del An\u00e1huac<\/p>\n<p>A los pueblos afrodescendientes y originarios del Abya Yala<\/p>\n<p>A la Europa Insumisa, Digna y Rebelde<\/p>\n<p>A la Sexta Nacional e Internacional<\/p>\n<p>A las Redes de Resistencia y Rebeld\u00eda<\/p>\n<p>A quienes firmaron la Declaraci\u00f3n por la Vida<\/p>\n<p>A todas las personas del mundo que luchan contra el capitalismo<\/p>\n<p>A los medios libres, independientes, alternativos o como se llamen\u2026<\/p>\n<p>A los que integramos la Asamblea Nacional por el agua y la vida<\/p>\n<p>A las comunidades tlaxcaltecas<\/p>\n<p>A las 94 comunidades de Tlaxcala que se rigen por los usos y costumbres<\/p>\n<p>A los pueblos y municipios aut\u00f3nomos de M\u00e9xico<\/p>\n<p>A los pueblos ind\u00edgenas de M\u00e9xico y del mundo<\/p>\n<p>A los defensores del territorio, el agua y la vida<\/p>\n<p>A las Organizaciones ciudadanas, asociaciones civiles, colectivos, grupos organizados, brigadas del cuidado de la monta\u00f1a, autoridades comunitarias, ciudadanos tlaxcaltecas y pueblo en general.<\/p>\n<p>Quienes integramos la asamblea por el agua y la vida, le recordamos al Estado mexicano que tiene una obligaci\u00f3n en materia de protecci\u00f3n a defensores del territorio.<\/p>\n<p>El Estado mexicano castiga a los pueblos originarios de Tlaxcala mediante la detenci\u00f3n arbitraria de Sa\u00fal Rosales Mel\u00e9ndez, como un castigo ejemplar a quienes nos atrevemos a organizarnos, a quienes nos atrevemos a defender los cerros, a quienes corremos la suerte de nacer en un territorio originario.<\/p>\n<p>El Estado mexicano atenta contra el art\u00edculo dos constitucional, el convenio 169 de la OIT, y tratados internacionales en materia de protecci\u00f3n de defensores del territorio, pues un elemento que resalta para declararlo culpable de homicidio calificado es ser representante comunitario leg\u00edtimo y acompa\u00f1ar las asambleas comunitarias para la defensa de la Matlalcueyetl.<\/p>\n<p>Deslegitimar los cargos tradicionales es atentar contra la autonom\u00eda y autodeterminaci\u00f3n de los pueblos, para imponer gubernaturas ind\u00edgenas de apariencia no partidistas pero que tienen v\u00ednculos partidistas, legitimadas desde el INPI donde despacha el traidor de los pueblos, de clientelismo pol\u00edtico, pero sobre todo obedientes y serviles al Estado represor y tambi\u00e9n para legitimar e imponer MEGAPROYECTOS DE MUERTE y aspecto de control social llamado pol\u00edtica partidista vinculada al narco Estado capitalista.<\/p>\n<p>A m\u00e1s de 500 a\u00f1os de desprecio, de racismo, de clasismo de invisibilizaci\u00f3n de los pueblos, desplazados, despojados, criminalizados, perseguidos, desaparecidos de manera forzada, ejecutados extrajudicialmente, torturados sexualmente en muchos de los casos, torturados psicol\u00f3gicamente y f\u00edsicamente para imponer miedo y terror, cuando ejercemos nuestra autodeterminaci\u00f3n, nuestra autonom\u00eda y la defensa de nuestro territorio.<\/p>\n<p>Por lo anterior expuesto, nos indigna llegar a la cuarta Asamblea por el Agua y la vida el 23 y 24 de Marzo de 2024 sin nuestro hermano nahua Sa\u00fal Rosales Mel\u00e9ndez quien nos ha ense\u00f1ado con su ejemplo a defender y amar a la Matlalcueyetl, siendo nuestra autoridad comunitaria de San Pedro Tlalcuapan leg\u00edtima, no impuesta, no elegida por clientelismo pol\u00edtico, no elegido con fraudes electorales, en el municipio de Chiautempan, Tlaxcala.<\/p>\n<p>Hay una serie de irregularidades en el debido proceso de nuestro compa\u00f1ero Sa\u00fal Rosales Mel\u00e9ndez, durante 1 a\u00f1o y 7 meses, el Estado Mexicano lo acusa de homicidio calificado derivado de un hecho presentado en la comunidad en donde, ni siquiera estuvo presente. El d\u00eda 1 de marzo las juezas A\u00edda B\u00e1ez Huerta, Rossana Rubio Marchetti y Olivia Mendieta Cuapio lo declararon culpable, a pesar de que despu\u00e9s de diecisiete audiencias en las que se ha dividido el juicio oral, la Procuradur\u00eda General de Justicia del Estado de Tlaxcala (PGJET) fue incapaz de aportar pruebas suficientes para demostrar su culpabilidad, y a pesar de demostrar en la defensa jur\u00eddica, la no participaci\u00f3n de Sa\u00fal en los hechos a los cuales se le vincula, la impunidad se impone para mantenerlo en prisi\u00f3n.<\/p>\n<p>El argumento jur\u00eddico de los jueces que condenan a Sa\u00fal Rosales de homicidio calificado es que Sa\u00fal Rosales Mel\u00e9ndez era presidente de comunidad cuando sucedieron los hechos y su obligaci\u00f3n era defender al hoy occiso, seg\u00fan las juezas. Pero vemos que a nivel de la rep\u00fablica existen miles de desaparecidos, comunicadores comunitarios asesinados por el Estado pero no hemos visto que los jueces juzguen a los alcaldes y gobernadores partidistas por no garantizar seguridad y protecci\u00f3n en la defensa territorial. Se\u00f1alamos este ejemplo claro de ejercicio de poder de impunidad, para estigmatizar, hostigar y criminalizar con esta detenci\u00f3n arbitraria las representaciones comunitarias como tambi\u00e9n ocurre frecuentemente con las comunidades zapatistas, recordamos la situaci\u00f3n de Manuel G\u00f3mez Base de apoyo zapatista.<\/p>\n<p>La injusta sentencia en contra de don Sa\u00fal Rosales, no s\u00f3lo atenta contra sus derechos individuales, tambi\u00e9n atenta contra todos los pueblos que defendemos nuestro territorio. Es una agresi\u00f3n m\u00e1s en contra de los representantes comunitarios con mensaje muy claro de castigo a la autonom\u00eda y autodeterminaci\u00f3n de los pueblos y comunidades ind\u00edgenas, as\u00ed mismo atentado a nuestros derechos ancestrales hist\u00f3ricos que tenemos los pueblos originarios, impidi\u00e9ndonos avanzar en el ejercicio de tareas de autogobierno de manera tradicional, sin embargo, le recordamos existimos antes de que existiera el propio Estado y no estamos dispuestos a desaparecer.<\/p>\n<p>La Asamblea Nacional por el Agua y la Vida, exigimos al ejecutivo estatal, federal, jueces, la fiscal\u00eda, la CDH y todos aquellos involucrados en fabricar delitos a quienes no estamos de acuerdo con la sobreexplotaci\u00f3n de los bienes naturales, a los que no estamos de acuerdo que sigan mercantilizando con una ambici\u00f3n desmedida e insaciable el futuro de nuestros hijos, nietos y parte de nuestra propia existencia como pueblos originarios y que castigan a Sa\u00fal Rosales manteni\u00e9ndolo en prisi\u00f3n para castigarnos a todos los que nos consideramos pueblos originarios, a todos los que apostamos a construir d\u00eda a d\u00eda la autonom\u00eda como el \u00fanico camino visible de emancipaci\u00f3n comunitaria, de agua y vida, atentan tambi\u00e9n aparentemente de manera indirecta a todos los que defendemos los cerros, el agua y la tierra pues el mensaje es claro que TODOS somos Sa\u00fal Rosales Mel\u00e9ndez.<\/p>\n<p>A los pueblos y comunidades originarias les pedimos difundir, asistir, realizar, registrar diversas actividades encaminadas a realizar una jornada nacional e internacional por la libertad inmediata e incondicional de Sa\u00fal Rosales.<\/p>\n<div>\n<div>Jornada de acciones por la libertad de Sa\u00fal:<\/div>\n<\/div>\n<div>\n<div>-A partir del martes 5 de marzo, campa\u00f1a medi\u00e1tica <a href=\"https:\/\/www.facebook.com\/hashtag\/sa%C3%BAlnoesculpable?__eep__=6&amp;__cft__%5B0%5D=AZVKo1nn7BOAHdLiBmEwgD1Wb6n_UxuPxUgupNxGOJbBNLrqR1zo9nZHGvuIAFVqt-izeOVpa94d1OY9U2iOn4UC2dGHnTcGz5Nn2ON2A6QSrnkCX8_Ma0H75n4MyfzbVKc&amp;__tn__=*NK-R\">#Sa\u00falNOesculpable<\/a><a href=\"https:\/\/www.facebook.com\/hashtag\/libertadparasa%C3%BAlrosales?__eep__=6&amp;__cft__%5B0%5D=AZVKo1nn7BOAHdLiBmEwgD1Wb6n_UxuPxUgupNxGOJbBNLrqR1zo9nZHGvuIAFVqt-izeOVpa94d1OY9U2iOn4UC2dGHnTcGz5Nn2ON2A6QSrnkCX8_Ma0H75n4MyfzbVKc&amp;__tn__=*NK-R\">#LibertadParaSa\u00falRosales<\/a>, env\u00eda fotos, carteles, videos, cartas, etc. al correo sambleanacionalporelagua@gmail.com<\/div>\n<div><\/div>\n<\/div>\n<div>\n<div>-Foro virtual: Presxs Pol\u00edticos de la 4a Transformaci\u00f3n<\/div>\n<div>Mi\u00e9rcoles, 6 de marzo, 7:00 pm<\/div>\n<div>FB: <a href=\"https:\/\/www.facebook.com\/asambleanacionalporelaguaylavida?__cft__%5B0%5D=AZVKo1nn7BOAHdLiBmEwgD1Wb6n_UxuPxUgupNxGOJbBNLrqR1zo9nZHGvuIAFVqt-izeOVpa94d1OY9U2iOn4UC2dGHnTcGz5Nn2ON2A6QSrnkCX8_Ma0H75n4MyfzbVKc&amp;__tn__=-%5DK-R\">Asamblea Nacional por el Agua y la Vida<\/a><\/div>\n<div><\/div>\n<\/div>\n<div>\n<div>-Rueda de prensa sobre el caso de Sa\u00fal Rosales<\/div>\n<div>Jueves, 7 de marzo, 1:00 pm<\/div>\n<div>CCH Azcapotzalco<\/div>\n<div><\/div>\n<\/div>\n<div>\n<div>-Audiencia en contra de Sa\u00fal Rosales<\/div>\n<div>Viernes, 8 de marzo, 4:00 pm<\/div>\n<div>Segunda instancia de la Procuradur\u00eda General de Justicia de Tlaxcala<\/div>\n<\/div>\n<p>Acciones dislocadas por Sa\u00fal Rosales, videos de apoyo, pronunciamientos, firmas electr\u00f3nicas, cartas a las autoridades competentes, foros, mitin, marchas en plazas p\u00fablicas, poder judicial de cada estado de la Rep\u00fablica hasta lograr la libertad inmediata e incondicional de Sa\u00fal Rosales y todos los presos pol\u00edticos.<\/p>\n<p>&nbsp;<\/p>\n<p><b>ATENTAMENTE<\/b><\/p>\n<p><b>La Autonom\u00eda de los Pueblos y la defensa de la vida NO son un crimen<\/b><\/p>\n<p><b>Presos pol\u00edticos libertad<\/b><\/p>\n<p><b>Un Nosotrxs sin Estado<\/b><\/p>\n<p><b>Alto a la criminalizaci\u00f3n a la autonom\u00eda y autodeterminaci\u00f3n de los pueblos<\/b><\/p>\n<p><b>Alto a la estigmatizaci\u00f3n, se\u00f1alamiento, hostigamiento y criminalizaci\u00f3n de representantes comunitarios.<\/b><\/p>\n<p><b>La autonom\u00eda es un derecho, la detenci\u00f3n arbitraria es un crimen de Estado<\/b><\/p>\n<p><b>\u00a1Libertad a Sa\u00fal Rosales Mel\u00e9ndez!<\/b><\/p>\n<p><b>Asamblea Nacional por el Agua y la vida<\/b><\/p>\n<p><b>\u00a0Organizaciones\u00a0firmantes<\/b><\/p>\n<\/div>\n<div class=\"liS6Hc\"><\/div>\n<\/div>\n<\/div>\n<\/div>\n<div class=\"o3Dpx\" role=\"list\">\n<div class=\"Qr7Oae\" role=\"listitem\">\n<div class=\"OxAavc\" data-item-id=\"1577381919\">\n<div class=\"pYfr3c\">\n<div class=\"g53bl\">\n<div class=\"cTDvob D1wxyf RjsPE\" dir=\"auto\"><\/div>\n<\/div>\n<\/div>\n<div class=\"gCouxf\">\n<div class=\"y6GzNb\"><img decoding=\"async\" class=\"HxhGpf\" title=\"\" src=\"https:\/\/lh6.googleusercontent.com\/1Duc8hcdvAOimcn8BETRSjoV_RTYkypCEbmjWYObjv236J7Ei02xKVmfoyWoJBuWJSx0ZTrHpv5FIMvH4VHkCpA-O4BDwWqoE1kwvOiiEwB6usGXUilh_c22kN596flBqA=w1641\" alt=\"\" \/><\/div>\n<\/div>\n<\/div>\n<\/div>\n<\/div>\n<\/div>\n<\/div>\n<p>[:]<\/p>\n","protected":false},"excerpt":{"rendered":"<p>[:es] Al Ej\u00e9rcito Zapatista de Liberaci\u00f3n Nacional A la Comisi\u00f3n Sexta del EZLN Al Congreso Nacional Ind\u00edgena Al Concejo Ind\u00edgena de Gobierno A Ma. de Jes\u00fas Patricio Mart\u00ednez, Vocera del CNI-CIG A los Pueblos del Mundo que resisten contra el Sistema Capitalista y Patriarcal A los Pueblos, Tribus, Naciones, Comunidades y Barrios Originarios que nunca [&hellip;]<\/p>\n","protected":false},"author":21,"featured_media":47646,"comment_status":"open","ping_status":"closed","sticky":false,"template":"","format":"standard","meta":{"footnotes":""},"categories":[957,51,826,958,954,962,935],"tags":[79,58,53,567,147,37,545,87,148,483,1313],"class_list":["post-47645","post","type-post","status-publish","format-standard","has-post-thumbnail","hentry","category-autonomia","category-autor","category-medios-libres-2","category-megaproyectos","category-mexico","category-presos","category-temas","tag-autonomia","tag-derechos-humanos","tag-justicia","tag-megaproyectos","tag-militarizacion","tag-presos-politicos","tag-pueblos-indigenas","tag-represion","tag-resistencia","tag-tierra-y-territorio","tag-tlaxcala"],"_links":{"self":[{"href":"https:\/\/radiozapatista.org\/index.php?rest_route=\/wp\/v2\/posts\/47645","targetHints":{"allow":["GET"]}}],"collection":[{"href":"https:\/\/radiozapatista.org\/index.php?rest_route=\/wp\/v2\/posts"}],"about":[{"href":"https:\/\/radiozapatista.org\/index.php?rest_route=\/wp\/v2\/types\/post"}],"author":[{"embeddable":true,"href":"https:\/\/radiozapatista.org\/index.php?rest_route=\/wp\/v2\/users\/21"}],"replies":[{"embeddable":true,"href":"https:\/\/radiozapatista.org\/index.php?rest_route=%2Fwp%2Fv2%2Fcomments&post=47645"}],"version-history":[{"count":1,"href":"https:\/\/radiozapatista.org\/index.php?rest_route=\/wp\/v2\/posts\/47645\/revisions"}],"predecessor-version":[{"id":47647,"href":"https:\/\/radiozapatista.org\/index.php?rest_route=\/wp\/v2\/posts\/47645\/revisions\/47647"}],"wp:featuredmedia":[{"embeddable":true,"href":"https:\/\/radiozapatista.org\/index.php?rest_route=\/wp\/v2\/media\/47646"}],"wp:attachment":[{"href":"https:\/\/radiozapatista.org\/index.php?rest_route=%2Fwp%2Fv2%2Fmedia&parent=47645"}],"wp:term":[{"taxonomy":"category","embeddable":true,"href":"https:\/\/radiozapatista.org\/index.php?rest_route=%2Fwp%2Fv2%2Fcategories&post=47645"},{"taxonomy":"post_tag","embeddable":true,"href":"https:\/\/radiozapatista.org\/index.php?rest_route=%2Fwp%2Fv2%2Ftags&post=47645"}],"curies":[{"name":"wp","href":"https:\/\/api.w.org\/{rel}","templated":true}]}}