{"id":47615,"date":"2024-02-26T19:16:57","date_gmt":"2024-02-27T01:16:57","guid":{"rendered":"https:\/\/radiozapatista.org\/?p=47615"},"modified":"2024-02-26T19:16:57","modified_gmt":"2024-02-27T01:16:57","slug":"campesinos-protestan-por-crisis-alimentaria-agravada-por-acuerdos-de-libre-comercio-mundiales","status":"publish","type":"post","link":"https:\/\/radiozapatista.org\/?p=47615","title":{"rendered":"Campesinos protestan por crisis alimentaria agravada por acuerdos de libre comercio mundiales"},"content":{"rendered":"<p>Fuente: <a href=\"https:\/\/avispa.org\/campesinos-protestan-por-crisis-alimentaria-agravada-por-acuerdos-de-libre-comercio-mundiales\/\">Avispa Midia<\/a><\/p>\n<p>Por Sare Frabes<\/p>\n<div class=\"tdb-block-inner td-fix-index\">\n<p><em><sup>En portada:\u00a0Miembros del Centro de Sindicatos de la India durante una huelga en el campo convocada por agricultores. Jammu, India, febrero del 2024.<\/sup><\/em><\/p>\n<p>Al mismo tiempo que este lunes (26) comienzan los trabajos de la\u00a013\u00aa Conferencia Ministerial (MC13) de la Organizaci\u00f3n Mundial del Comercio (OMC),\u00a0en Abu Dhabi, Emiratos \u00c1rabes Unidos,\u00a0a\u00a0nivel global, campesinos incrementan las acciones para protestar contra lo que consideran perjuicios de las pol\u00edticas neoliberales: la profundizaci\u00f3n de crisis alimentarias, conflictos agrarios, desigualdades sociales y la depredaci\u00f3n del medio ambiente.<\/p>\n<p>Estas acciones responden a una serie de comunicados emitidos por m\u00e1s de 200 organizaciones de agricultores, ind\u00edgenas, migrantes y trabajadores agr\u00edcolas de Am\u00e9rica, Asia, \u00c1frica y Europa, que confluyen en La V\u00eda Campesina, quienes mantienen la convocatoria para movilizarse esta semana por lo que consideran los efectos perjudiciales de la OMC, a quien se\u00f1alan por socavar y marginar las econom\u00edas campesinas y rurales mundiales durante las \u00faltimas tres d\u00e9cadas.<\/p>\n<figure class=\"wp-block-image size-full\"><a class=\"td-modal-image\" href=\"https:\/\/avispa.org\/wp-content\/uploads\/2024\/02\/Via-Campesina.jpg\"><img loading=\"lazy\" decoding=\"async\" class=\"wp-image-112556 td-animation-stack-type0-2\" src=\"https:\/\/avispa.org\/wp-content\/uploads\/2024\/02\/Via-Campesina.jpg\" sizes=\"auto, (max-width: 765px) 100vw, 765px\" srcset=\"https:\/\/avispa.org\/wp-content\/uploads\/2024\/02\/Via-Campesina.jpg 765w, https:\/\/avispa.org\/wp-content\/uploads\/2024\/02\/Via-Campesina-300x104.jpg 300w, https:\/\/avispa.org\/wp-content\/uploads\/2024\/02\/Via-Campesina-696x241.jpg 696w\" alt=\"\" width=\"765\" height=\"265\" \/><\/a><\/figure>\n<p>De acuerdo a La V\u00eda Campesina, las pol\u00edticas derivadas del\u00a0<a href=\"https:\/\/www.wto.org\/spanish\/docs_s\/legal_s\/14-ag_01_s.htm\">Acuerdo sobre Agricultura<\/a>\u00a0han sido las principales herramientas con las cuales la OMC ha impuesto reformas neoliberales a nivel mundial, provocando la expansi\u00f3n y acceso a los mercados de las corporaciones del norte global, as\u00ed como la agroindustria orientada a la exportaci\u00f3n.<\/p>\n<p class=\"has-vivid-cyan-blue-color has-text-color\"><a href=\"https:\/\/avispa.org\/agroindustria-seguira-financiada-por-bancos-de-desarrollo-organizaciones-ven-despojo\/\" target=\"_blank\" rel=\"noreferrer noopener\">T<\/a><a href=\"https:\/\/avispa.org\/agroindustria-seguira-financiada-por-bancos-de-desarrollo-organizaciones-ven-despojo\/\">e puede interesar &#8211;\u00a0Agroindustria seguir\u00e1 financiada por bancos de desarrollo; organizaciones ven despojo<\/a><\/p>\n<p>Acorde a su an\u00e1lisis, la desregulaci\u00f3n de los sectores agr\u00edcolas mundiales, en conjunto con el desmantelamiento de precios m\u00ednimos para los alimentos y las barreras a la importaci\u00f3n, ha apuntalado un sistema alimentario industrial \u201cque ha generado una crisis sin precedentes en todo el mundo, tanto para las personas como para el planeta\u201d, acusa el movimiento que re\u00fane a m\u00e1s de 200 millones de campesinos.<\/p>\n<p>La V\u00eda Campesina detalla que el sistema econ\u00f3mico ha marginado a peque\u00f1os productores de alimentos y lo ilustra con el caso de los EEUU. El Departamento de Agricultura ha compartido datos de 2022, los cuales revelan la desaparici\u00f3n de que casi 5 millones de granjas en aquel pa\u00eds durante el \u00faltimo siglo,\u00a0ya que las granjas necesitaban volverse m\u00e1s grandes para compensar los precios m\u00e1s bajos o simplemente desaparecer<\/p>\n<p>\u201cEste modelo econ\u00f3mico neoliberal de agricultura ya no est\u00e1 confinado solo a los Estados Unidos. A trav\u00e9s de los Acuerdos de Libre Comercio y del altamente problem\u00e1tico Acuerdo sobre Agricultura de la OMC, ha sido exportado a otras partes del mundo. En todos los continentes, ha llevado a una apropiaci\u00f3n violenta de tierras, agua y territorios, que desposee a las personas, devasta el planeta y su biodiversidad, y genera una crisis clim\u00e1tica sin precedentes\u201d, alerta la plataforma global.<\/p>\n<p>Ante ello, La V\u00eda Campesina ha promovido las protestas a nivel mundial, en el marco de los trabajos de la MC13 de la OMC, para exigir comercio y precios justos para los productos, as\u00ed como para la defensa de la tierra, el agua, los bosques y la agroecolog\u00eda campesina como alternativa al sistema econ\u00f3mico implementado por la organizaci\u00f3n comercial.<\/p>\n<p>\u201cLa OMC tiene una inmensa responsabilidad en la actual crisis social y medioambiental. En un momento en que las movilizaciones campesinas se multiplican en toda Europa, as\u00ed como en India, \u00c1frica y Am\u00e9rica Latina, es hora de poner fin a la OMC y construir un nuevo marco comercial basado en la soberan\u00eda alimentaria y la solidaridad internacional\u201d, sentencia el movimiento campesino.<\/p>\n<h3 id=\"h-movilizaciones\" class=\"wp-block-heading has-black-color has-text-color\"><strong>Movilizaciones<\/strong><\/h3>\n<p>La convocatoria para movilizarse durante la \u00faltima semana de febrero se suma a las acciones que han acontecido durante el pasado a\u00f1o y medio. Seg\u00fan registros de La V\u00eda Campesina, en este periodo han estallado protestas en por lo menos 65 pa\u00edses.<\/p>\n<p>Como ejemplo, menciona las movilizaciones masivas de principios de este 2024 en Europa donde agricultores de Francia,\u00a0Italia, Espa\u00f1a, Rumania, Polonia, Grecia, Alemania, Portugal y Pa\u00edses Bajos han exigido el fin del r\u00e9gimen de libre comercio que perjudica a los campesinos y favorece a multimillonarios y corporaciones trasnacionales.<\/p>\n<figure class=\"wp-block-gallery has-nested-images columns-2 is-cropped wp-block-gallery-1 is-layout-flex wp-block-gallery-is-layout-flex\">\n<figure class=\"wp-block-image size-full\"><a class=\"td-modal-image\" href=\"https:\/\/avispa.org\/wp-content\/uploads\/2024\/02\/Protesta-agricultores-Europa-5.jpeg\"><img loading=\"lazy\" decoding=\"async\" class=\"wp-image-112553 td-animation-stack-type0-2\" src=\"https:\/\/avispa.org\/wp-content\/uploads\/2024\/02\/Protesta-agricultores-Europa-5.jpeg\" sizes=\"auto, (max-width: 1110px) 100vw, 1110px\" srcset=\"https:\/\/avispa.org\/wp-content\/uploads\/2024\/02\/Protesta-agricultores-Europa-5.jpeg 1110w, https:\/\/avispa.org\/wp-content\/uploads\/2024\/02\/Protesta-agricultores-Europa-5-300x200.jpeg 300w, https:\/\/avispa.org\/wp-content\/uploads\/2024\/02\/Protesta-agricultores-Europa-5-1024x683.jpeg 1024w, https:\/\/avispa.org\/wp-content\/uploads\/2024\/02\/Protesta-agricultores-Europa-5-768x512.jpeg 768w, https:\/\/avispa.org\/wp-content\/uploads\/2024\/02\/Protesta-agricultores-Europa-5-696x464.jpeg 696w, https:\/\/avispa.org\/wp-content\/uploads\/2024\/02\/Protesta-agricultores-Europa-5-1068x712.jpeg 1068w, https:\/\/avispa.org\/wp-content\/uploads\/2024\/02\/Protesta-agricultores-Europa-5-630x420.jpeg 630w\" alt=\"\" width=\"1110\" height=\"740\" data-id=\"112553\" \/><\/a><\/figure>\n<figure class=\"wp-block-image size-full\"><a class=\"td-modal-image\" href=\"https:\/\/avispa.org\/wp-content\/uploads\/2024\/02\/Protesta-agricultores-Europa-2.jpeg\"><img loading=\"lazy\" decoding=\"async\" class=\"wp-image-112569 td-animation-stack-type0-2\" src=\"https:\/\/avispa.org\/wp-content\/uploads\/2024\/02\/Protesta-agricultores-Europa-2.jpeg\" sizes=\"auto, (max-width: 1110px) 100vw, 1110px\" srcset=\"https:\/\/avispa.org\/wp-content\/uploads\/2024\/02\/Protesta-agricultores-Europa-2.jpeg 1110w, https:\/\/avispa.org\/wp-content\/uploads\/2024\/02\/Protesta-agricultores-Europa-2-300x200.jpeg 300w, https:\/\/avispa.org\/wp-content\/uploads\/2024\/02\/Protesta-agricultores-Europa-2-1024x683.jpeg 1024w, https:\/\/avispa.org\/wp-content\/uploads\/2024\/02\/Protesta-agricultores-Europa-2-768x512.jpeg 768w, https:\/\/avispa.org\/wp-content\/uploads\/2024\/02\/Protesta-agricultores-Europa-2-696x464.jpeg 696w, https:\/\/avispa.org\/wp-content\/uploads\/2024\/02\/Protesta-agricultores-Europa-2-1068x712.jpeg 1068w, https:\/\/avispa.org\/wp-content\/uploads\/2024\/02\/Protesta-agricultores-Europa-2-630x420.jpeg 630w\" alt=\"\" width=\"1110\" height=\"740\" data-id=\"112569\" \/><\/a><\/figure>\n<figure class=\"wp-block-image size-full\"><a class=\"td-modal-image\" href=\"https:\/\/avispa.org\/wp-content\/uploads\/2024\/02\/camiones-agricolas-bruselas-1.jpg\"><img loading=\"lazy\" decoding=\"async\" class=\"wp-image-112547 td-animation-stack-type0-2\" src=\"https:\/\/avispa.org\/wp-content\/uploads\/2024\/02\/camiones-agricolas-bruselas-1.jpg\" sizes=\"auto, (max-width: 980px) 100vw, 980px\" srcset=\"https:\/\/avispa.org\/wp-content\/uploads\/2024\/02\/camiones-agricolas-bruselas-1.jpg 980w, https:\/\/avispa.org\/wp-content\/uploads\/2024\/02\/camiones-agricolas-bruselas-1-300x169.jpg 300w, https:\/\/avispa.org\/wp-content\/uploads\/2024\/02\/camiones-agricolas-bruselas-1-768x432.jpg 768w, https:\/\/avispa.org\/wp-content\/uploads\/2024\/02\/camiones-agricolas-bruselas-1-696x391.jpg 696w, https:\/\/avispa.org\/wp-content\/uploads\/2024\/02\/camiones-agricolas-bruselas-1-747x420.jpg 747w\" alt=\"\" width=\"980\" height=\"551\" data-id=\"112547\" \/><\/a><figcaption class=\"wp-element-caption\"><em><sub>Protesta de agricultores en las inmediaciones del Parlamento Europeo en Bruselas, B\u00e9lgica.<\/sub><\/em><\/figcaption><\/figure>\n<\/figure>\n<p>Las protestas m\u00e1s radicales se han producido en Francia donde campesinos obstuyeron calles con tractores y bloquearon puertos. Tambi\u00e9n se manifestaron en el Parlamento Europero, en Bruselas, B\u00e9lgica para exigir mejores precios para sus productos, regulaci\u00f3n ambiental y el cese al exceso de burocracia con la cual tienen que lidiar.<\/p>\n<p>Mas recientemente, los campesinos de la India, quienes protagonizaron agitaciones masivas durante 13 meses en el a\u00f1o 2020, volvieron a convocar protestas. Apenas el 16 de febrero, agricultores y sindicatos convocaron una huelga nacional, sobre todo en zonas rurales, con la demanda de revocar enmiendas que consideran perjudiciales en la legislaci\u00f3n laboral del pa\u00eds asi\u00e1tico.<\/p>\n<p>\u201cEn M\u00e9xico, Sri Lanka, Argentina, Tailandia, Costa Rica, Camer\u00fan, Corea, Kenia, Ben\u00edn y varios otros pa\u00edses, la gente est\u00e1 protestando contra un sistema que ha empobrecido a la mayor\u00eda mientras ayuda a prosperar a unos pocos selectos\u201d, subraya La V\u00eda Campesina.<\/p>\n<figure class=\"wp-block-gallery has-nested-images columns-default is-cropped wp-block-gallery-3 is-layout-flex wp-block-gallery-is-layout-flex\">\n<figure class=\"wp-block-image size-large\"><a class=\"td-modal-image\" href=\"https:\/\/avispa.org\/wp-content\/uploads\/2024\/02\/Huelga-campesina-India-3.jpeg\"><img loading=\"lazy\" decoding=\"async\" class=\"wp-image-112551 td-animation-stack-type0-2\" src=\"https:\/\/avispa.org\/wp-content\/uploads\/2024\/02\/Huelga-campesina-India-3-1024x768.jpeg\" sizes=\"auto, (max-width: 1024px) 100vw, 1024px\" srcset=\"https:\/\/avispa.org\/wp-content\/uploads\/2024\/02\/Huelga-campesina-India-3-1024x768.jpeg 1024w, https:\/\/avispa.org\/wp-content\/uploads\/2024\/02\/Huelga-campesina-India-3-300x225.jpeg 300w, https:\/\/avispa.org\/wp-content\/uploads\/2024\/02\/Huelga-campesina-India-3-768x576.jpeg 768w, https:\/\/avispa.org\/wp-content\/uploads\/2024\/02\/Huelga-campesina-India-3-696x522.jpeg 696w, https:\/\/avispa.org\/wp-content\/uploads\/2024\/02\/Huelga-campesina-India-3-1068x801.jpeg 1068w, https:\/\/avispa.org\/wp-content\/uploads\/2024\/02\/Huelga-campesina-India-3-560x420.jpeg 560w, https:\/\/avispa.org\/wp-content\/uploads\/2024\/02\/Huelga-campesina-India-3-80x60.jpeg 80w, https:\/\/avispa.org\/wp-content\/uploads\/2024\/02\/Huelga-campesina-India-3-265x198.jpeg 265w, https:\/\/avispa.org\/wp-content\/uploads\/2024\/02\/Huelga-campesina-India-3.jpeg 1280w\" alt=\"\" width=\"1024\" height=\"768\" data-id=\"112551\" \/><\/a><figcaption class=\"wp-element-caption\"><em><sup>Represi\u00f3n contra participantes de la huelga nacional convocada por agricultores en la India. Febrero, 2024.<\/sup><\/em><\/figcaption><\/figure>\n<figure class=\"wp-block-image size-large\"><a class=\"td-modal-image\" href=\"https:\/\/avispa.org\/wp-content\/uploads\/2024\/02\/Huelga-campesina-India-2.jpeg\"><img loading=\"lazy\" decoding=\"async\" class=\"wp-image-112550 td-animation-stack-type0-2\" src=\"https:\/\/avispa.org\/wp-content\/uploads\/2024\/02\/Huelga-campesina-India-2-1024x678.jpeg\" sizes=\"auto, (max-width: 1024px) 100vw, 1024px\" srcset=\"https:\/\/avispa.org\/wp-content\/uploads\/2024\/02\/Huelga-campesina-India-2-1024x678.jpeg 1024w, https:\/\/avispa.org\/wp-content\/uploads\/2024\/02\/Huelga-campesina-India-2-300x199.jpeg 300w, https:\/\/avispa.org\/wp-content\/uploads\/2024\/02\/Huelga-campesina-India-2-768x508.jpeg 768w, https:\/\/avispa.org\/wp-content\/uploads\/2024\/02\/Huelga-campesina-India-2-696x461.jpeg 696w, https:\/\/avispa.org\/wp-content\/uploads\/2024\/02\/Huelga-campesina-India-2-1068x707.jpeg 1068w, https:\/\/avispa.org\/wp-content\/uploads\/2024\/02\/Huelga-campesina-India-2-635x420.jpeg 635w, https:\/\/avispa.org\/wp-content\/uploads\/2024\/02\/Huelga-campesina-India-2.jpeg 1280w\" alt=\"\" width=\"1024\" height=\"678\" data-id=\"112550\" \/><\/a><\/figure>\n<\/figure>\n<p>Para este movimiento internacional, la OMC ha demostrado su falta de relevancia al ignorar las demandas de agricultores del Sur Global. En su lugar, argumenta, \u201cla OMC solo ha generado y agravado las crisis del hambre mundial, la extrema pobreza, los conflictos agrarios y la crisis alimentaria\u201d, con lo cual, se\u00f1alan, ilustra su \u201calineaci\u00f3n con los intereses de los Estados Unidos y otros pa\u00edses fuertemente orientados a la exportaci\u00f3n\u201d.<\/p>\n<p>Mediante este an\u00e1lisis, los campesinos se\u00f1alan que la OMC se ha convertido en un espacio donde prevalece el poder de \u201cunos pocos pa\u00edses desarrollados, determinando el curso del comercio mundial\u201d. Ante ellos, se\u00f1alan que recae en los campesinos y peque\u00f1os agricultores del mundo la responsabilidad de establecer un sistema de comercio justo y equitativo.<\/p>\n<h3 id=\"h-negociaciones\" class=\"wp-block-heading has-black-color has-text-color\"><strong>Negociaciones<\/strong><\/h3>\n<p>El movimiento internacional indica que, dentro de las negociaciones alimentarias y agr\u00edcolas de la MC13, est\u00e1 pendiente llegar a aun acuerdo sobre la adquisici\u00f3n, almacenamiento y utilizaci\u00f3n de existencias de alimentos por parte de los gobiernos a trav\u00e9s de empresas e instituciones, algo que, remarca La V\u00eda Campesina, permanece en debate desde el a\u00f1o 2013.<\/p>\n<figure class=\"wp-block-image size-full\"><a class=\"td-modal-image\" href=\"https:\/\/avispa.org\/wp-content\/uploads\/2024\/02\/delegados-MC13-OMC.jpeg\"><img loading=\"lazy\" decoding=\"async\" class=\"wp-image-112548 td-animation-stack-type0-2\" src=\"https:\/\/avispa.org\/wp-content\/uploads\/2024\/02\/delegados-MC13-OMC.jpeg\" sizes=\"auto, (max-width: 980px) 100vw, 980px\" srcset=\"https:\/\/avispa.org\/wp-content\/uploads\/2024\/02\/delegados-MC13-OMC.jpeg 980w, https:\/\/avispa.org\/wp-content\/uploads\/2024\/02\/delegados-MC13-OMC-300x169.jpeg 300w, https:\/\/avispa.org\/wp-content\/uploads\/2024\/02\/delegados-MC13-OMC-768x432.jpeg 768w, https:\/\/avispa.org\/wp-content\/uploads\/2024\/02\/delegados-MC13-OMC-696x391.jpeg 696w, https:\/\/avispa.org\/wp-content\/uploads\/2024\/02\/delegados-MC13-OMC-747x420.jpeg 747w\" alt=\"\" width=\"980\" height=\"551\" \/><\/a><figcaption class=\"wp-element-caption\"><em><sup>Delegados asistentes a la 13\u00aa Conferencia Ministerial de la Organizaci\u00f3n Mundial del Comercio durante su inauguraci\u00f3n este lunes 26 de febrero. Abu Dhabi, Emiratos \u00c1rabes Unidos.<\/sup><\/em><\/figcaption><\/figure>\n<p>Otro punto importante es el que negociar\u00e1 el llamado Mecanismo Especial de Salvaguardia, un instrumento que autorizar\u00eda a los pa\u00edses en desarrollo a elevar temporalmente los aranceles con la finalidad de enfrentar incrementos s\u00fabitos de las importaciones alimentarias. El movimiento campesino enfatiza que \u00e9sta representa tambi\u00e9n una demanda inatendida de larga data.<\/p>\n<p>A su vez, se\u00f1alan la negociaci\u00f3n acerca de los susbsidios proporcionados por los pa\u00edses desarrollados del Norte Global a sus agroindustrias, as\u00ed como a la pesca industrial.\u00a0Particularmente en Europa, campesinos han expresado descontento por lo que consideran el fomento de competencia desleal, situaci\u00f3n por la que en este marco colocan su rechazo a las negociaciones del acuerdo de la Uni\u00f3n Europea y el bloque Mercosur.<\/p>\n<p class=\"has-vivid-cyan-blue-color has-text-color\"><a href=\"https:\/\/avispa.org\/acuerdo-union-europea-mercosur-asi-se-construye-la-transicion-energetica-desigual\/\" target=\"_blank\" rel=\"noreferrer noopener\">T<\/a><a href=\"https:\/\/avispa.org\/acuerdo-union-europea-mercosur-asi-se-construye-la-transicion-energetica-desigual\/\">e puede interesar \u2013\u00a0Acuerdo Uni\u00f3n Europea-Mercosur: as\u00ed se construye la transici\u00f3n energ\u00e9tica desigual<\/a><\/p>\n<p>De acuerdo a La V\u00eda Campesina, \u201clos guardianes de la agricultura industrial\u201d citan las reglas de la OMC y sus cl\u00e1usulas legales en otros acuerdos de libre comercio, negociados bilateralmente, para interferir y proteger los intereses de la agroindustria, \u201cdonde aquellos inmersos en el capital financiero deciden por el resto del mundo\u201d.<\/p>\n<p>Ante este escenario, el movimiento campesino global exige el fin de la OMC para, con ello, poder dialogar soluciones permanentes sobre las existencias p\u00fablicas de alimentos para combatir la cirsis alimentaria y para la promoci\u00f3n del comercio entre pa\u00edses, \u201cbasado en los principios de la soberan\u00eda alimentaria, solidaridad, cooperaci\u00f3n e internacionalismo, donde la tierra, el agua, las semillas y los territorios no son meras mercanc\u00edas\u201d.<\/p>\n<\/div>\n<p><\/p>","protected":false},"excerpt":{"rendered":"<p>Fuente: Avispa Midia Por Sare Frabes En portada:\u00a0Miembros del Centro de Sindicatos de la India durante una huelga en el campo convocada por agricultores. Jammu, India, febrero del 2024. Al mismo tiempo que este lunes (26) comienzan los trabajos de la\u00a013\u00aa Conferencia Ministerial (MC13) de la Organizaci\u00f3n Mundial del Comercio (OMC),\u00a0en Abu Dhabi, Emiratos \u00c1rabes [&hellip;]<\/p>\n","protected":false},"author":21,"featured_media":47616,"comment_status":"open","ping_status":"closed","sticky":false,"template":"","format":"standard","meta":{"footnotes":""},"categories":[957,51,826,958,953,935],"tags":[79,58,53,567,147,545,87,148,1441,27,483],"class_list":["post-47615","post","type-post","status-publish","format-standard","has-post-thumbnail","hentry","category-autonomia","category-autor","category-medios-libres-2","category-megaproyectos","category-mundo","category-temas","tag-autonomia","tag-derechos-humanos","tag-justicia","tag-megaproyectos","tag-militarizacion","tag-pueblos-indigenas","tag-represion","tag-resistencia","tag-soberania-alimentaria","tag-solidaridad","tag-tierra-y-territorio"],"_links":{"self":[{"href":"https:\/\/radiozapatista.org\/index.php?rest_route=\/wp\/v2\/posts\/47615","targetHints":{"allow":["GET"]}}],"collection":[{"href":"https:\/\/radiozapatista.org\/index.php?rest_route=\/wp\/v2\/posts"}],"about":[{"href":"https:\/\/radiozapatista.org\/index.php?rest_route=\/wp\/v2\/types\/post"}],"author":[{"embeddable":true,"href":"https:\/\/radiozapatista.org\/index.php?rest_route=\/wp\/v2\/users\/21"}],"replies":[{"embeddable":true,"href":"https:\/\/radiozapatista.org\/index.php?rest_route=%2Fwp%2Fv2%2Fcomments&post=47615"}],"version-history":[{"count":1,"href":"https:\/\/radiozapatista.org\/index.php?rest_route=\/wp\/v2\/posts\/47615\/revisions"}],"predecessor-version":[{"id":47617,"href":"https:\/\/radiozapatista.org\/index.php?rest_route=\/wp\/v2\/posts\/47615\/revisions\/47617"}],"wp:featuredmedia":[{"embeddable":true,"href":"https:\/\/radiozapatista.org\/index.php?rest_route=\/wp\/v2\/media\/47616"}],"wp:attachment":[{"href":"https:\/\/radiozapatista.org\/index.php?rest_route=%2Fwp%2Fv2%2Fmedia&parent=47615"}],"wp:term":[{"taxonomy":"category","embeddable":true,"href":"https:\/\/radiozapatista.org\/index.php?rest_route=%2Fwp%2Fv2%2Fcategories&post=47615"},{"taxonomy":"post_tag","embeddable":true,"href":"https:\/\/radiozapatista.org\/index.php?rest_route=%2Fwp%2Fv2%2Ftags&post=47615"}],"curies":[{"name":"wp","href":"https:\/\/api.w.org\/{rel}","templated":true}]}}