{"id":47612,"date":"2024-02-26T19:11:25","date_gmt":"2024-02-27T01:11:25","guid":{"rendered":"https:\/\/radiozapatista.org\/?p=47612"},"modified":"2024-02-26T19:11:25","modified_gmt":"2024-02-27T01:11:25","slug":"bacalar-en-la-defensa-de-su-territorio-maya","status":"publish","type":"post","link":"https:\/\/radiozapatista.org\/?p=47612","title":{"rendered":"Bacalar, en la defensa de su territorio Maya"},"content":{"rendered":"<p>Fuente: <a href=\"https:\/\/avispa.org\/bacalar-en-la-defensa-de-su-territorio-maya\/\">Avispa Midia<\/a><\/p>\n<div class=\"tdb-block-inner td-fix-index\">\n<p><em><sup><a href=\"https:\/\/www.ojala.mx\/es\/ojala-es\/bacalar-en-la-defensa-de-su-territorio-maya\">Por Haizel de la Cruz<\/a>*<\/sup><\/em><\/p>\n<p><em><sup>En portada: J\u00f3venes mayas disfrutan la Laguna de Huay-Pix, que se encuentra en el extremo sur de Quintana Roo, y forma un gran sistema lagunar junto a la Laguna de Bacalar y al r\u00edo Hondo. Enero, 2021. Foto: Haizel de la Cruz.<\/sup><\/em><\/p>\n<p>Bacalar es un pueblo maya que nuestras abuelas y abuelos m\u00e1s primeros eligieron porque hay una laguna: la mayor\u00eda de los pueblos en la Pen\u00ednsula de Yucat\u00e1n se fundaban alrededor de alguna fuente de agua. Su nombre significa \u201crodeado de carrizo\u201d, de las palabras mayas\u00a0<em>Bak\u2019<\/em>, que significa alrededor y\u00a0<em>jalal<\/em>\u00a0que significa ca\u00f1a o carrizo.<\/p>\n<p>Es conocido como\u00a0<em>La laguna de los siete colores<\/em>, que en realidad son siete tonalidades de azul; tambi\u00e9n tiene tres cenotes. En Bacalar, que se ubica en el estado costero de Quintana Roo, la gente vive de la milpa, siembra ma\u00edz, calabaza, frijol, papaya, pi\u00f1a, pl\u00e1tano, mango y otros, adem\u00e1s de la apicultura y el turismo comunitario.<\/p>\n<figure class=\"wp-block-image size-large\"><a class=\"td-modal-image\" href=\"https:\/\/avispa.org\/wp-content\/uploads\/2024\/02\/Bacalar-1.jpg\"><img loading=\"lazy\" decoding=\"async\" class=\"wp-image-112322 td-animation-stack-type0-2\" src=\"https:\/\/avispa.org\/wp-content\/uploads\/2024\/02\/Bacalar-1-1024x708.jpg\" sizes=\"auto, (max-width: 1024px) 100vw, 1024px\" srcset=\"https:\/\/avispa.org\/wp-content\/uploads\/2024\/02\/Bacalar-1-1024x708.jpg 1024w, https:\/\/avispa.org\/wp-content\/uploads\/2024\/02\/Bacalar-1-300x207.jpg 300w, https:\/\/avispa.org\/wp-content\/uploads\/2024\/02\/Bacalar-1-768x531.jpg 768w, https:\/\/avispa.org\/wp-content\/uploads\/2024\/02\/Bacalar-1-1536x1062.jpg 1536w, https:\/\/avispa.org\/wp-content\/uploads\/2024\/02\/Bacalar-1-2048x1416.jpg 2048w, https:\/\/avispa.org\/wp-content\/uploads\/2024\/02\/Bacalar-1-218x150.jpg 218w, https:\/\/avispa.org\/wp-content\/uploads\/2024\/02\/Bacalar-1-696x481.jpg 696w, https:\/\/avispa.org\/wp-content\/uploads\/2024\/02\/Bacalar-1-1068x738.jpg 1068w, https:\/\/avispa.org\/wp-content\/uploads\/2024\/02\/Bacalar-1-1920x1327.jpg 1920w, https:\/\/avispa.org\/wp-content\/uploads\/2024\/02\/Bacalar-1-608x420.jpg 608w, https:\/\/avispa.org\/wp-content\/uploads\/2024\/02\/Bacalar-1-100x70.jpg 100w\" alt=\"\" width=\"1024\" height=\"708\" \/><\/a><figcaption class=\"wp-element-caption\"><em><sup>Foto: Haizel de la Cruz<\/sup><\/em><\/figcaption><\/figure>\n<p>Antes la gente de Bacalar viv\u00eda alrededor de la laguna, pero el panorama ha cambiado: hoy a la orilla vemos grandes hoteles, restaurantes y servicios de turismo.<\/p>\n<p>En la \u00faltima d\u00e9cada la laguna se ha convertido en un parque acu\u00e1tico para los turistas, generando una derrama econ\u00f3mica para los empresarios. Hoy, en Bacalar se pretende poner una estaci\u00f3n del mal llamado Tren Maya, afectando no solo la salud de la laguna, sino tambi\u00e9n del pueblo maya. Ya tenemos claro que los impactos de estas megaobras da\u00f1an nuestro tejido social, econ\u00f3mico, organizativo, pol\u00edtico y cultural.<\/p>\n<p>Hace poco m\u00e1s de 15 a\u00f1os, Bacalar fue nombrada \u201cPueblo M\u00e1gico\u201d por la Secretar\u00eda de Turismo . El secretario de esta dependencia, Miguel Torruco, dijo al\u00a0<a href=\"https:\/\/www.lajornadamaya.mx\/quintanaroo\/207129\/ratifica-sectur-a-bacalar-como-pueblo-magico\">anunciar<\/a>\u00a0la designaci\u00f3n que ven\u00edan cosas mejores para Bacalar. Las declaraciones del secretario reflejan su inter\u00e9s \u00fanicamente por el turismo de masas. Cuando dice que vienen cosas mejores, la pregunta que tenemos nosotros es: \u00bfpara qui\u00e9nes?<\/p>\n<p>Como mayas, vimos con mucha preocupaci\u00f3n c\u00f3mo nuestro territorio comenzaba a ser invadido por diversos megaproyectos. De ah\u00ed nos hemos organizado a nivel peninsular a trav\u00e9s de la\u00a0<a href=\"https:\/\/asambleamaya.wixsite.com\/muuchxiinbal\">Asamblea de Defensores del Territorio Maya M\u00fauch\u2019 X\u00edimbal<\/a>, en la que soy integrante.<\/p>\n<p>Esta asamblea tiene por objetivo la defensa de la vida maya, para esto construimos algunos acuerdos: No vendemos ni rentamos la tierra, No a las religiones, No a los partidos pol\u00edticos, S\u00ed a la cultura y lengua maya, S\u00ed a la defensa de nuestros derechos como pueblos mayas, S\u00ed a la identidad como pueblos mayas.<\/p>\n<p class=\"has-vivid-cyan-blue-color has-text-color\"><a href=\"https:\/\/avispa.org\/la-tierra-no-se-vende-defensores-frente-al-tren-mal-llamado-maya\/\" target=\"_blank\" rel=\"noreferrer noopener\">Te puede interesar \u2013 \u201cLa tierra no se vende\u201d: Defensores frente al tren mal llamado maya<\/a><\/p>\n<p>Nuestra vida, como pueblo maya, es una vida familiar que tenemos con los animales, con las aves, con las piedras, con el viento, con el fuego, con el agua, con los\u00a0<em>Yuum<\/em>\u00a0(guardianes).<\/p>\n<figure class=\"wp-block-gallery has-nested-images columns-default is-cropped wp-block-gallery-1 is-layout-flex wp-block-gallery-is-layout-flex\">\n<figure class=\"wp-block-image size-large\"><a class=\"td-modal-image\" href=\"https:\/\/avispa.org\/wp-content\/uploads\/2024\/02\/Bacalar-3.jpg\"><img loading=\"lazy\" decoding=\"async\" class=\"wp-image-112324 td-animation-stack-type0-2\" src=\"https:\/\/avispa.org\/wp-content\/uploads\/2024\/02\/Bacalar-3-1024x683.jpg\" sizes=\"auto, (max-width: 1024px) 100vw, 1024px\" srcset=\"https:\/\/avispa.org\/wp-content\/uploads\/2024\/02\/Bacalar-3-1024x683.jpg 1024w, https:\/\/avispa.org\/wp-content\/uploads\/2024\/02\/Bacalar-3-300x200.jpg 300w, https:\/\/avispa.org\/wp-content\/uploads\/2024\/02\/Bacalar-3-768x512.jpg 768w, https:\/\/avispa.org\/wp-content\/uploads\/2024\/02\/Bacalar-3-1536x1024.jpg 1536w, https:\/\/avispa.org\/wp-content\/uploads\/2024\/02\/Bacalar-3-2048x1365.jpg 2048w, https:\/\/avispa.org\/wp-content\/uploads\/2024\/02\/Bacalar-3-696x464.jpg 696w, https:\/\/avispa.org\/wp-content\/uploads\/2024\/02\/Bacalar-3-1068x712.jpg 1068w, https:\/\/avispa.org\/wp-content\/uploads\/2024\/02\/Bacalar-3-1920x1280.jpg 1920w, https:\/\/avispa.org\/wp-content\/uploads\/2024\/02\/Bacalar-3-630x420.jpg 630w\" alt=\"\" width=\"1024\" height=\"683\" data-id=\"112324\" \/><\/a><\/figure>\n<figure class=\"wp-block-image size-large\"><a class=\"td-modal-image\" href=\"https:\/\/avispa.org\/wp-content\/uploads\/2024\/02\/Bacalar-2.jpg\"><img loading=\"lazy\" decoding=\"async\" class=\"wp-image-112323 td-animation-stack-type0-2\" src=\"https:\/\/avispa.org\/wp-content\/uploads\/2024\/02\/Bacalar-2-1024x683.jpg\" sizes=\"auto, (max-width: 1024px) 100vw, 1024px\" srcset=\"https:\/\/avispa.org\/wp-content\/uploads\/2024\/02\/Bacalar-2-1024x683.jpg 1024w, https:\/\/avispa.org\/wp-content\/uploads\/2024\/02\/Bacalar-2-300x200.jpg 300w, https:\/\/avispa.org\/wp-content\/uploads\/2024\/02\/Bacalar-2-768x512.jpg 768w, https:\/\/avispa.org\/wp-content\/uploads\/2024\/02\/Bacalar-2-1536x1024.jpg 1536w, https:\/\/avispa.org\/wp-content\/uploads\/2024\/02\/Bacalar-2-2048x1365.jpg 2048w, https:\/\/avispa.org\/wp-content\/uploads\/2024\/02\/Bacalar-2-696x464.jpg 696w, https:\/\/avispa.org\/wp-content\/uploads\/2024\/02\/Bacalar-2-1068x712.jpg 1068w, https:\/\/avispa.org\/wp-content\/uploads\/2024\/02\/Bacalar-2-1920x1280.jpg 1920w, https:\/\/avispa.org\/wp-content\/uploads\/2024\/02\/Bacalar-2-630x420.jpg 630w\" alt=\"\" width=\"1024\" height=\"683\" data-id=\"112323\" \/><\/a><\/figure>\n<figure class=\"wp-block-image size-large\"><a class=\"td-modal-image\" href=\"https:\/\/avispa.org\/wp-content\/uploads\/2024\/02\/Bacalar-4.jpg\"><img loading=\"lazy\" decoding=\"async\" class=\"wp-image-112325 td-animation-stack-type0-2\" src=\"https:\/\/avispa.org\/wp-content\/uploads\/2024\/02\/Bacalar-4-1024x683.jpg\" sizes=\"auto, (max-width: 1024px) 100vw, 1024px\" srcset=\"https:\/\/avispa.org\/wp-content\/uploads\/2024\/02\/Bacalar-4-1024x683.jpg 1024w, https:\/\/avispa.org\/wp-content\/uploads\/2024\/02\/Bacalar-4-300x200.jpg 300w, https:\/\/avispa.org\/wp-content\/uploads\/2024\/02\/Bacalar-4-768x512.jpg 768w, https:\/\/avispa.org\/wp-content\/uploads\/2024\/02\/Bacalar-4-1536x1024.jpg 1536w, https:\/\/avispa.org\/wp-content\/uploads\/2024\/02\/Bacalar-4-2048x1365.jpg 2048w, https:\/\/avispa.org\/wp-content\/uploads\/2024\/02\/Bacalar-4-696x464.jpg 696w, https:\/\/avispa.org\/wp-content\/uploads\/2024\/02\/Bacalar-4-1068x712.jpg 1068w, https:\/\/avispa.org\/wp-content\/uploads\/2024\/02\/Bacalar-4-1920x1280.jpg 1920w, https:\/\/avispa.org\/wp-content\/uploads\/2024\/02\/Bacalar-4-630x420.jpg 630w\" alt=\"\" width=\"1024\" height=\"683\" data-id=\"112325\" \/><\/a><\/figure><figcaption class=\"blocks-gallery-caption wp-element-caption\"><em><sup>Fotos: Haizel de la Cruz<\/sup><\/em><\/figcaption><\/figure>\n<p>Nos preocupa que hoy nuestra vida familiar maya toda se ve amenazada por los megaproyectos, entre ellos la soya transg\u00e9nica, las granjas porc\u00edcolas, el turismo de alto impacto, la energ\u00eda fotovoltaica y e\u00f3lica y ahora el tren mal llamado Maya. En enero, la Asamblea de Defensores del Territorio Maya M\u00fauch\u2019 X\u00edimbal, cuyo nombre significa \u201ccaminamos juntos\u201d, cumpli\u00f3 seis a\u00f1os como organizaci\u00f3n. En el marco de la celebraci\u00f3n de los seis a\u00f1os, convers\u00e9 con una persona integrante de la asamblea en Bacalar.<\/p>\n<p>A lo largo de la entrevista, el entrevistado se\u00f1al\u00f3 el crecimiento de la violencia en esa zona con la llegada del megaproyecto Tren Maya. Tambi\u00e9n manifest\u00f3 su desacuerdo con la postura de Torruco y otros funcionarios del gobierno federal, por asumir que el turismo de alto impacto es algo deseado por los \u201cpobladores mayas\u201d del lugar.<\/p>\n<p>Enfatiz\u00f3 que las comunidades no est\u00e1n de acuerdo con el tren, que m\u00e1s bien la gente est\u00e1 desinformada porque la informaci\u00f3n no est\u00e1 llegando a las comunidades. La persona que entrevist\u00e9 ha pedido que su nombre quede en el anonimato por temor a represalias. Nuestra conversaci\u00f3n ha sido ligeramente editada por claridad y extensi\u00f3n.<\/p>\n<figure class=\"wp-block-gallery has-nested-images columns-default is-cropped wp-block-gallery-3 is-layout-flex wp-block-gallery-is-layout-flex\">\n<figure class=\"wp-block-image size-large\"><a class=\"td-modal-image\" href=\"https:\/\/avispa.org\/wp-content\/uploads\/2024\/02\/Bacalar-Turismo-3.jpg\"><img loading=\"lazy\" decoding=\"async\" class=\"wp-image-112341 td-animation-stack-type0-2\" src=\"https:\/\/avispa.org\/wp-content\/uploads\/2024\/02\/Bacalar-Turismo-3-1024x683.jpg\" sizes=\"auto, (max-width: 1024px) 100vw, 1024px\" srcset=\"https:\/\/avispa.org\/wp-content\/uploads\/2024\/02\/Bacalar-Turismo-3-1024x683.jpg 1024w, https:\/\/avispa.org\/wp-content\/uploads\/2024\/02\/Bacalar-Turismo-3-300x200.jpg 300w, https:\/\/avispa.org\/wp-content\/uploads\/2024\/02\/Bacalar-Turismo-3-768x512.jpg 768w, https:\/\/avispa.org\/wp-content\/uploads\/2024\/02\/Bacalar-Turismo-3-1536x1024.jpg 1536w, https:\/\/avispa.org\/wp-content\/uploads\/2024\/02\/Bacalar-Turismo-3-2048x1365.jpg 2048w, https:\/\/avispa.org\/wp-content\/uploads\/2024\/02\/Bacalar-Turismo-3-696x464.jpg 696w, https:\/\/avispa.org\/wp-content\/uploads\/2024\/02\/Bacalar-Turismo-3-1068x712.jpg 1068w, https:\/\/avispa.org\/wp-content\/uploads\/2024\/02\/Bacalar-Turismo-3-630x420.jpg 630w\" alt=\"\" width=\"1024\" height=\"683\" data-id=\"112341\" \/><\/a><\/figure>\n<figure class=\"wp-block-image size-large\"><a class=\"td-modal-image\" href=\"https:\/\/avispa.org\/wp-content\/uploads\/2024\/02\/Bacalar-Turismo-4.jpg\"><img loading=\"lazy\" decoding=\"async\" class=\"wp-image-112340 td-animation-stack-type0-2\" src=\"https:\/\/avispa.org\/wp-content\/uploads\/2024\/02\/Bacalar-Turismo-4-1024x683.jpg\" sizes=\"auto, (max-width: 1024px) 100vw, 1024px\" srcset=\"https:\/\/avispa.org\/wp-content\/uploads\/2024\/02\/Bacalar-Turismo-4-1024x683.jpg 1024w, https:\/\/avispa.org\/wp-content\/uploads\/2024\/02\/Bacalar-Turismo-4-300x200.jpg 300w, https:\/\/avispa.org\/wp-content\/uploads\/2024\/02\/Bacalar-Turismo-4-768x512.jpg 768w, https:\/\/avispa.org\/wp-content\/uploads\/2024\/02\/Bacalar-Turismo-4-1536x1024.jpg 1536w, https:\/\/avispa.org\/wp-content\/uploads\/2024\/02\/Bacalar-Turismo-4-2048x1365.jpg 2048w, https:\/\/avispa.org\/wp-content\/uploads\/2024\/02\/Bacalar-Turismo-4-696x464.jpg 696w, https:\/\/avispa.org\/wp-content\/uploads\/2024\/02\/Bacalar-Turismo-4-1068x712.jpg 1068w, https:\/\/avispa.org\/wp-content\/uploads\/2024\/02\/Bacalar-Turismo-4-630x420.jpg 630w\" alt=\"\" width=\"1024\" height=\"683\" data-id=\"112340\" \/><\/a><\/figure>\n<figure class=\"wp-block-image size-large\"><a class=\"td-modal-image\" href=\"https:\/\/avispa.org\/wp-content\/uploads\/2024\/02\/Bacalar-Turismo-2.jpg\"><img loading=\"lazy\" decoding=\"async\" class=\"wp-image-112339 td-animation-stack-type0-2\" src=\"https:\/\/avispa.org\/wp-content\/uploads\/2024\/02\/Bacalar-Turismo-2-1024x683.jpg\" sizes=\"auto, (max-width: 1024px) 100vw, 1024px\" srcset=\"https:\/\/avispa.org\/wp-content\/uploads\/2024\/02\/Bacalar-Turismo-2-1024x683.jpg 1024w, https:\/\/avispa.org\/wp-content\/uploads\/2024\/02\/Bacalar-Turismo-2-300x200.jpg 300w, https:\/\/avispa.org\/wp-content\/uploads\/2024\/02\/Bacalar-Turismo-2-768x512.jpg 768w, https:\/\/avispa.org\/wp-content\/uploads\/2024\/02\/Bacalar-Turismo-2-1536x1024.jpg 1536w, https:\/\/avispa.org\/wp-content\/uploads\/2024\/02\/Bacalar-Turismo-2-2048x1365.jpg 2048w, https:\/\/avispa.org\/wp-content\/uploads\/2024\/02\/Bacalar-Turismo-2-696x464.jpg 696w, https:\/\/avispa.org\/wp-content\/uploads\/2024\/02\/Bacalar-Turismo-2-1068x712.jpg 1068w, https:\/\/avispa.org\/wp-content\/uploads\/2024\/02\/Bacalar-Turismo-2-630x420.jpg 630w\" alt=\"\" width=\"1024\" height=\"683\" data-id=\"112339\" \/><\/a><\/figure>\n<figure class=\"wp-block-image size-large\"><a class=\"td-modal-image\" href=\"https:\/\/avispa.org\/wp-content\/uploads\/2024\/02\/Bacalar-Turismo-1.jpg\"><img loading=\"lazy\" decoding=\"async\" class=\"wp-image-112338 td-animation-stack-type0-2\" src=\"https:\/\/avispa.org\/wp-content\/uploads\/2024\/02\/Bacalar-Turismo-1-1024x683.jpg\" sizes=\"auto, (max-width: 1024px) 100vw, 1024px\" srcset=\"https:\/\/avispa.org\/wp-content\/uploads\/2024\/02\/Bacalar-Turismo-1-1024x683.jpg 1024w, https:\/\/avispa.org\/wp-content\/uploads\/2024\/02\/Bacalar-Turismo-1-300x200.jpg 300w, https:\/\/avispa.org\/wp-content\/uploads\/2024\/02\/Bacalar-Turismo-1-768x512.jpg 768w, https:\/\/avispa.org\/wp-content\/uploads\/2024\/02\/Bacalar-Turismo-1-1536x1024.jpg 1536w, https:\/\/avispa.org\/wp-content\/uploads\/2024\/02\/Bacalar-Turismo-1-2048x1365.jpg 2048w, https:\/\/avispa.org\/wp-content\/uploads\/2024\/02\/Bacalar-Turismo-1-696x464.jpg 696w, https:\/\/avispa.org\/wp-content\/uploads\/2024\/02\/Bacalar-Turismo-1-1068x712.jpg 1068w, https:\/\/avispa.org\/wp-content\/uploads\/2024\/02\/Bacalar-Turismo-1-630x420.jpg 630w\" alt=\"\" width=\"1024\" height=\"683\" data-id=\"112338\" \/><\/a><\/figure><figcaption class=\"blocks-gallery-caption wp-element-caption\"><em><sup>Hoteles, restaurantes, centros tur\u00edsticos, se establecieron en la orilla de la Laguna de Bacalar, desplazando a sus habitantes. Diciembre 2023. Foto: Haizel de la Cruz.<\/sup><\/em><\/figcaption><\/figure>\n<hr class=\"wp-block-separator has-alpha-channel-opacity\" \/>\n<p><strong>Haizel de la Cruz<\/strong>:\u00a0Para empezar, cu\u00e9ntanos un poco de Bacalar.<\/p>\n<p><strong>Compa\u00f1ero de Bacalar<\/strong>: Es un pueblo que tiene una historia bastante larga, m\u00e1s de 1,500 a\u00f1os de historia desde que nace Bacalar como un pueblo maya, antes de la llegada de los espa\u00f1oles. Se ha ido poblando: la poblaci\u00f3n es maya y de estados vecinos. Hasta hace una d\u00e9cada, o 15 a\u00f1os, digamos, hace relativamente poco, casi todos se conoc\u00edan en el pueblo. Yo creo que eso de alguna forma mantuvo segura a la poblaci\u00f3n, orque, pues, conoces a tus vecinos. Todos se llevan, todos tienen alg\u00fan tipo de amistad o cercan\u00eda entre familias; muchas son de la misma familia. Entonces Bacalar era bastante tranquilo, pod\u00edas transitar por sus casas, por sus calles, ir por sus brechas, ir a tu terrenito, a tu milpa sin ning\u00fan problema.<\/p>\n<figure class=\"wp-block-image size-large\"><a class=\"td-modal-image\" href=\"https:\/\/avispa.org\/wp-content\/uploads\/2024\/02\/Bacalar-5.jpg\"><img loading=\"lazy\" decoding=\"async\" class=\"wp-image-112326 td-animation-stack-type0-2\" src=\"https:\/\/avispa.org\/wp-content\/uploads\/2024\/02\/Bacalar-5-1024x683.jpg\" sizes=\"auto, (max-width: 1024px) 100vw, 1024px\" srcset=\"https:\/\/avispa.org\/wp-content\/uploads\/2024\/02\/Bacalar-5-1024x683.jpg 1024w, https:\/\/avispa.org\/wp-content\/uploads\/2024\/02\/Bacalar-5-300x200.jpg 300w, https:\/\/avispa.org\/wp-content\/uploads\/2024\/02\/Bacalar-5-768x512.jpg 768w, https:\/\/avispa.org\/wp-content\/uploads\/2024\/02\/Bacalar-5-1536x1024.jpg 1536w, https:\/\/avispa.org\/wp-content\/uploads\/2024\/02\/Bacalar-5-2048x1365.jpg 2048w, https:\/\/avispa.org\/wp-content\/uploads\/2024\/02\/Bacalar-5-696x464.jpg 696w, https:\/\/avispa.org\/wp-content\/uploads\/2024\/02\/Bacalar-5-1068x712.jpg 1068w, https:\/\/avispa.org\/wp-content\/uploads\/2024\/02\/Bacalar-5-1920x1280.jpg 1920w, https:\/\/avispa.org\/wp-content\/uploads\/2024\/02\/Bacalar-5-630x420.jpg 630w\" alt=\"\" width=\"1024\" height=\"683\" \/><\/a><\/figure>\n<p>El narcotr\u00e1fico era algo inexistente, todo bastante tranquilo, como ha sido en las comunidades mayas desde siempre. Hasta la propia poblaci\u00f3n se cuidaba, la propia poblaci\u00f3n aseguraba esa tranquilidad, sin que hubiera ni polic\u00edas, ni militares en la poblaci\u00f3n. Estaba segura, ella misma estaba segura.<\/p>\n<p>De ah\u00ed para ac\u00e1 vemos que la violencia inici\u00f3 y se fue incrementando con este empuje que el gobierno ha estado insistiendo de que Bacalar crezca como un pueblo que recibe al turismo, que este lo convierte en \u201cpueblo m\u00e1gico\u201d.<\/p>\n<p><strong>HdlC<\/strong>: \u00bfT\u00fa crees que esta violencia la empiezan a vivir ante el anunci\u00f3 de la llegada del Tren?<\/p>\n<p><strong>CdB<\/strong>: La violencia la viene desencadenado principalmente el megaproyecto del Tren y a los megaproyectos asociados al \u00e9l, que son los aeropuertos, los hoteles, todo ese tipo de proyectos. El propio Estado los est\u00e1 imponiendo en el territorio y los due\u00f1os son principalmente de la [Secretar\u00eda de la Defensa].<\/p>\n<p>Nosotros hemos visto que los megaproyectos vinieron tambi\u00e9n a inaugurar la violencia del crimen organizado. Viene este megaproyecto del tren que\u00a0<em>no es maya<\/em>, y ah\u00ed ya viene una ola enorme de violencia, una violencia, pues, jam\u00e1s vista por esta zona, por todo este territorio maya.<\/p>\n<p class=\"has-vivid-cyan-blue-color has-text-color\"><a href=\"https:\/\/avispa.org\/militarizacion-ecocidio-y-division-comunitaria-deja-a-su-paso-tren-maya-en-campeche\/\" target=\"_blank\" rel=\"noreferrer noopener\">Te puede interesar &#8211;\u00a0Militarizaci\u00f3n, ecocidio y divisi\u00f3n comunitaria deja a su paso tren maya en Campeche<\/a><\/p>\n<p>Est\u00e1 relacionada a secuestros, a extorsiones, a desapariciones forzadas, a levantones, a descuartizados.\u00a0 Ese tipo de violencia era impensable. No es propia de ac\u00e1. No es algo que hayamos visto antes.<\/p>\n<p><strong>HdlC<\/strong>: \u00bfCu\u00e1l es tu interpretaci\u00f3n de la violencia en tu comunidad?<\/p>\n<p><strong>CdB:<\/strong>\u00a0Nosotros vemos [la violencia] como algo integral: donde mete la mano el gobierno imponiendo megaproyectos, llega el crimen organizado.<\/p>\n<p>El gobierno, siendo pues tambi\u00e9n un narcogobierno, llegan de la mano con el mismo prop\u00f3sito de despojar a los pueblos ind\u00edgenas de sus tierras, de su agua, de sus montes, por eso tambi\u00e9n vemos que es absurdo que digan: \u201cNosotros estamos militarizado la zona por el bien de la poblaci\u00f3n\u201d.<\/p>\n<p>Realmente est\u00e1n militarizando para defender a\u00a0<em>sus<\/em>\u00a0narcos y defender sus megaproyectos que llegan con una demanda del turismo. Tambi\u00e9n las drogas llegan, no tanto para consumo sino para venta y distribuci\u00f3n.<\/p>\n<p>Este movimiento de drogas era bastante m\u00ednimo, tal vez en las comunidades ni exist\u00eda este tipo de cosas, pero s\u00ed lo ve\u00edamos en las zonas m\u00e1s tur\u00edsticas de la pen\u00ednsula de Quintana Roo, como Canc\u00fan, Playa [del Carmen], Tulum, Mahahual, pues es donde m\u00e1s se mueve este tipo de sustancias.<\/p>\n<p>La forma en la que esto llega le llaman desarrollo: el gobierno ve que Canc\u00fan es una ciudad desarrollada para ellos, es un ejemplo, nosotros la vemos con temor.<\/p>\n<figure class=\"wp-block-gallery has-nested-images columns-default is-cropped wp-block-gallery-5 is-layout-flex wp-block-gallery-is-layout-flex\">\n<figure class=\"wp-block-image size-large\"><a class=\"td-modal-image\" href=\"https:\/\/avispa.org\/wp-content\/uploads\/2024\/02\/Bacalar-6.jpg\"><img loading=\"lazy\" decoding=\"async\" class=\"wp-image-112327 td-animation-stack-type0-2\" src=\"https:\/\/avispa.org\/wp-content\/uploads\/2024\/02\/Bacalar-6-1024x683.jpg\" sizes=\"auto, (max-width: 1024px) 100vw, 1024px\" srcset=\"https:\/\/avispa.org\/wp-content\/uploads\/2024\/02\/Bacalar-6-1024x683.jpg 1024w, https:\/\/avispa.org\/wp-content\/uploads\/2024\/02\/Bacalar-6-300x200.jpg 300w, https:\/\/avispa.org\/wp-content\/uploads\/2024\/02\/Bacalar-6-768x512.jpg 768w, https:\/\/avispa.org\/wp-content\/uploads\/2024\/02\/Bacalar-6-1536x1024.jpg 1536w, https:\/\/avispa.org\/wp-content\/uploads\/2024\/02\/Bacalar-6-2048x1365.jpg 2048w, https:\/\/avispa.org\/wp-content\/uploads\/2024\/02\/Bacalar-6-696x464.jpg 696w, https:\/\/avispa.org\/wp-content\/uploads\/2024\/02\/Bacalar-6-1068x712.jpg 1068w, https:\/\/avispa.org\/wp-content\/uploads\/2024\/02\/Bacalar-6-630x420.jpg 630w\" alt=\"\" width=\"1024\" height=\"683\" data-id=\"112327\" \/><\/a><\/figure>\n<figure class=\"wp-block-image size-large\"><a class=\"td-modal-image\" href=\"https:\/\/avispa.org\/wp-content\/uploads\/2024\/02\/Bacalar-7.jpg\"><img loading=\"lazy\" decoding=\"async\" class=\"wp-image-112328 td-animation-stack-type0-2\" src=\"https:\/\/avispa.org\/wp-content\/uploads\/2024\/02\/Bacalar-7-1024x768.jpg\" sizes=\"auto, (max-width: 1024px) 100vw, 1024px\" srcset=\"https:\/\/avispa.org\/wp-content\/uploads\/2024\/02\/Bacalar-7-1024x768.jpg 1024w, https:\/\/avispa.org\/wp-content\/uploads\/2024\/02\/Bacalar-7-300x225.jpg 300w, https:\/\/avispa.org\/wp-content\/uploads\/2024\/02\/Bacalar-7-768x576.jpg 768w, https:\/\/avispa.org\/wp-content\/uploads\/2024\/02\/Bacalar-7-1536x1152.jpg 1536w, https:\/\/avispa.org\/wp-content\/uploads\/2024\/02\/Bacalar-7-2048x1536.jpg 2048w, https:\/\/avispa.org\/wp-content\/uploads\/2024\/02\/Bacalar-7-696x522.jpg 696w, https:\/\/avispa.org\/wp-content\/uploads\/2024\/02\/Bacalar-7-1068x801.jpg 1068w, https:\/\/avispa.org\/wp-content\/uploads\/2024\/02\/Bacalar-7-1920x1440.jpg 1920w, https:\/\/avispa.org\/wp-content\/uploads\/2024\/02\/Bacalar-7-560x420.jpg 560w, https:\/\/avispa.org\/wp-content\/uploads\/2024\/02\/Bacalar-7-80x60.jpg 80w, https:\/\/avispa.org\/wp-content\/uploads\/2024\/02\/Bacalar-7-265x198.jpg 265w\" alt=\"\" width=\"1024\" height=\"768\" data-id=\"112328\" \/><\/a><\/figure><figcaption class=\"blocks-gallery-caption wp-element-caption\"><em><sup>Flor n\u00e1ab (flor de loto) en la Laguna de Bacalar, abril 2017. Foto: Haizel de la Cruz.<\/sup><\/em><\/figcaption><\/figure>\n<p><strong>HdlC<\/strong>: T\u00fa hablabas de que lo que quiere el estado es generar una divisi\u00f3n en la comunidad y as\u00ed es mucho m\u00e1s f\u00e1cil despojar y controlar el territorio, \u00bfC\u00f3mo percibes esto?<\/p>\n<p><strong>CdB<\/strong>: Ellos [el gobierno] saben c\u00f3mo meterse en las comunidades y c\u00f3mo ir rompiendo la propia comunidad.<\/p>\n<p>Con el auge del turismo, toda esta zona la ven como una oportunidad econ\u00f3mica. Mucha de la poblaci\u00f3n que est\u00e1 [trabajando] en estos hoteles es explotada. No saben bien c\u00f3mo se manejan ese tipo de negocios, pues viven un poco enga\u00f1ados, piensan que est\u00e1 bien trabajar tanto y no recibir un sueldo como deber\u00eda de ser, por eso la mayor\u00eda de la poblaci\u00f3n juvenil vive cada vez m\u00e1s en la pobreza.<\/p>\n<p>Se les hace m\u00e1s dif\u00edcil acceder a la educaci\u00f3n, a las universidades. Eso tiene que ver tambi\u00e9n con el despojo de tierra, con el incremento de las cosas b\u00e1sicas, de la alimentaci\u00f3n, de la electricidad, de la luz, porque se encarece realmente Bacalar. No va a la par con los sueldos, ni con la capacidad que tenemos para poder tener ese nivel de adquisici\u00f3n.<\/p>\n<p>[El narco] est\u00e1 captando a la poblaci\u00f3n joven, que es la fuerza que va naciendo de la comunidad, que deber\u00eda de ser esa fuerza que est\u00e9 aprendiendo a defender su tierra, que est\u00e9 aprendiendo a ser m\u00e1s fuerte. Son los herederos de este territorio.<\/p>\n<p>Ahora, en lugar de estar pensando en defender su tierra, pues est\u00e1n pensando en defender a su c\u00e1rtel, est\u00e1n pensando en defender a su jefe y, \u00bfd\u00f3nde va a quedar entonces quien defienda la tierra? Si ellos son los j\u00f3venes.<\/p>\n<figure class=\"wp-block-gallery has-nested-images columns-default is-cropped wp-block-gallery-7 is-layout-flex wp-block-gallery-is-layout-flex\">\n<figure class=\"wp-block-image size-large\"><a class=\"td-modal-image\" href=\"https:\/\/avispa.org\/wp-content\/uploads\/2024\/02\/Bacalar-DibujoNina-6.jpg\"><img loading=\"lazy\" decoding=\"async\" class=\"wp-image-112335 td-animation-stack-type0-2\" src=\"https:\/\/avispa.org\/wp-content\/uploads\/2024\/02\/Bacalar-DibujoNina-6-1024x696.jpg\" sizes=\"auto, (max-width: 1024px) 100vw, 1024px\" srcset=\"https:\/\/avispa.org\/wp-content\/uploads\/2024\/02\/Bacalar-DibujoNina-6-1024x696.jpg 1024w, https:\/\/avispa.org\/wp-content\/uploads\/2024\/02\/Bacalar-DibujoNina-6-300x204.jpg 300w, https:\/\/avispa.org\/wp-content\/uploads\/2024\/02\/Bacalar-DibujoNina-6-768x522.jpg 768w, https:\/\/avispa.org\/wp-content\/uploads\/2024\/02\/Bacalar-DibujoNina-6-1536x1044.jpg 1536w, https:\/\/avispa.org\/wp-content\/uploads\/2024\/02\/Bacalar-DibujoNina-6-2048x1392.jpg 2048w, https:\/\/avispa.org\/wp-content\/uploads\/2024\/02\/Bacalar-DibujoNina-6-696x473.jpg 696w, https:\/\/avispa.org\/wp-content\/uploads\/2024\/02\/Bacalar-DibujoNina-6-1068x726.jpg 1068w, https:\/\/avispa.org\/wp-content\/uploads\/2024\/02\/Bacalar-DibujoNina-6-618x420.jpg 618w\" alt=\"\" width=\"1024\" height=\"696\" data-id=\"112335\" \/><\/a><\/figure>\n<figure class=\"wp-block-image size-large\"><a class=\"td-modal-image\" href=\"https:\/\/avispa.org\/wp-content\/uploads\/2024\/02\/Bacalar-DibujoNina-5.jpg\"><img loading=\"lazy\" decoding=\"async\" class=\"wp-image-112334 td-animation-stack-type0-2\" src=\"https:\/\/avispa.org\/wp-content\/uploads\/2024\/02\/Bacalar-DibujoNina-5-1024x696.jpg\" sizes=\"auto, (max-width: 1024px) 100vw, 1024px\" srcset=\"https:\/\/avispa.org\/wp-content\/uploads\/2024\/02\/Bacalar-DibujoNina-5-1024x696.jpg 1024w, https:\/\/avispa.org\/wp-content\/uploads\/2024\/02\/Bacalar-DibujoNina-5-300x204.jpg 300w, https:\/\/avispa.org\/wp-content\/uploads\/2024\/02\/Bacalar-DibujoNina-5-768x522.jpg 768w, https:\/\/avispa.org\/wp-content\/uploads\/2024\/02\/Bacalar-DibujoNina-5-1536x1044.jpg 1536w, https:\/\/avispa.org\/wp-content\/uploads\/2024\/02\/Bacalar-DibujoNina-5-2048x1392.jpg 2048w, https:\/\/avispa.org\/wp-content\/uploads\/2024\/02\/Bacalar-DibujoNina-5-696x473.jpg 696w, https:\/\/avispa.org\/wp-content\/uploads\/2024\/02\/Bacalar-DibujoNina-5-1068x726.jpg 1068w, https:\/\/avispa.org\/wp-content\/uploads\/2024\/02\/Bacalar-DibujoNina-5-618x420.jpg 618w\" alt=\"\" width=\"1024\" height=\"696\" data-id=\"112334\" \/><\/a><\/figure>\n<figure class=\"wp-block-image size-large\"><a class=\"td-modal-image\" href=\"https:\/\/avispa.org\/wp-content\/uploads\/2024\/02\/Bacalar-DibujoNina-4.jpg\"><img loading=\"lazy\" decoding=\"async\" class=\"wp-image-112333 td-animation-stack-type0-2\" src=\"https:\/\/avispa.org\/wp-content\/uploads\/2024\/02\/Bacalar-DibujoNina-4-1024x696.jpg\" sizes=\"auto, (max-width: 1024px) 100vw, 1024px\" srcset=\"https:\/\/avispa.org\/wp-content\/uploads\/2024\/02\/Bacalar-DibujoNina-4-1024x696.jpg 1024w, https:\/\/avispa.org\/wp-content\/uploads\/2024\/02\/Bacalar-DibujoNina-4-300x204.jpg 300w, https:\/\/avispa.org\/wp-content\/uploads\/2024\/02\/Bacalar-DibujoNina-4-768x522.jpg 768w, https:\/\/avispa.org\/wp-content\/uploads\/2024\/02\/Bacalar-DibujoNina-4-1536x1044.jpg 1536w, https:\/\/avispa.org\/wp-content\/uploads\/2024\/02\/Bacalar-DibujoNina-4-2048x1392.jpg 2048w, https:\/\/avispa.org\/wp-content\/uploads\/2024\/02\/Bacalar-DibujoNina-4-696x473.jpg 696w, https:\/\/avispa.org\/wp-content\/uploads\/2024\/02\/Bacalar-DibujoNina-4-1068x726.jpg 1068w, https:\/\/avispa.org\/wp-content\/uploads\/2024\/02\/Bacalar-DibujoNina-4-618x420.jpg 618w\" alt=\"\" width=\"1024\" height=\"696\" data-id=\"112333\" \/><\/a><\/figure>\n<figure class=\"wp-block-image size-large\"><a class=\"td-modal-image\" href=\"https:\/\/avispa.org\/wp-content\/uploads\/2024\/02\/Bacalar-DibujoNina-3.jpg\"><img loading=\"lazy\" decoding=\"async\" class=\"wp-image-112332 td-animation-stack-type0-2\" src=\"https:\/\/avispa.org\/wp-content\/uploads\/2024\/02\/Bacalar-DibujoNina-3-1024x696.jpg\" sizes=\"auto, (max-width: 1024px) 100vw, 1024px\" srcset=\"https:\/\/avispa.org\/wp-content\/uploads\/2024\/02\/Bacalar-DibujoNina-3-1024x696.jpg 1024w, https:\/\/avispa.org\/wp-content\/uploads\/2024\/02\/Bacalar-DibujoNina-3-300x204.jpg 300w, https:\/\/avispa.org\/wp-content\/uploads\/2024\/02\/Bacalar-DibujoNina-3-768x522.jpg 768w, https:\/\/avispa.org\/wp-content\/uploads\/2024\/02\/Bacalar-DibujoNina-3-1536x1044.jpg 1536w, https:\/\/avispa.org\/wp-content\/uploads\/2024\/02\/Bacalar-DibujoNina-3-2048x1392.jpg 2048w, https:\/\/avispa.org\/wp-content\/uploads\/2024\/02\/Bacalar-DibujoNina-3-696x473.jpg 696w, https:\/\/avispa.org\/wp-content\/uploads\/2024\/02\/Bacalar-DibujoNina-3-1068x726.jpg 1068w, https:\/\/avispa.org\/wp-content\/uploads\/2024\/02\/Bacalar-DibujoNina-3-618x420.jpg 618w\" alt=\"\" width=\"1024\" height=\"696\" data-id=\"112332\" \/><\/a><\/figure>\n<figure class=\"wp-block-image size-large\"><a class=\"td-modal-image\" href=\"https:\/\/avispa.org\/wp-content\/uploads\/2024\/02\/Bacalar-DibujoNina-2.jpg\"><img loading=\"lazy\" decoding=\"async\" class=\"wp-image-112331 td-animation-stack-type0-2\" src=\"https:\/\/avispa.org\/wp-content\/uploads\/2024\/02\/Bacalar-DibujoNina-2-1024x696.jpg\" sizes=\"auto, (max-width: 1024px) 100vw, 1024px\" srcset=\"https:\/\/avispa.org\/wp-content\/uploads\/2024\/02\/Bacalar-DibujoNina-2-1024x696.jpg 1024w, https:\/\/avispa.org\/wp-content\/uploads\/2024\/02\/Bacalar-DibujoNina-2-300x204.jpg 300w, https:\/\/avispa.org\/wp-content\/uploads\/2024\/02\/Bacalar-DibujoNina-2-768x522.jpg 768w, https:\/\/avispa.org\/wp-content\/uploads\/2024\/02\/Bacalar-DibujoNina-2-1536x1044.jpg 1536w, https:\/\/avispa.org\/wp-content\/uploads\/2024\/02\/Bacalar-DibujoNina-2-2048x1392.jpg 2048w, https:\/\/avispa.org\/wp-content\/uploads\/2024\/02\/Bacalar-DibujoNina-2-696x473.jpg 696w, https:\/\/avispa.org\/wp-content\/uploads\/2024\/02\/Bacalar-DibujoNina-2-1068x726.jpg 1068w, https:\/\/avispa.org\/wp-content\/uploads\/2024\/02\/Bacalar-DibujoNina-2-618x420.jpg 618w\" alt=\"\" width=\"1024\" height=\"696\" data-id=\"112331\" \/><\/a><\/figure>\n<figure class=\"wp-block-image size-large\"><a class=\"td-modal-image\" href=\"https:\/\/avispa.org\/wp-content\/uploads\/2024\/02\/Bacalar-DibujoNina-1.jpg\"><img loading=\"lazy\" decoding=\"async\" class=\"wp-image-112330 td-animation-stack-type0-2\" src=\"https:\/\/avispa.org\/wp-content\/uploads\/2024\/02\/Bacalar-DibujoNina-1-696x1024.jpg\" sizes=\"auto, (max-width: 696px) 100vw, 696px\" srcset=\"https:\/\/avispa.org\/wp-content\/uploads\/2024\/02\/Bacalar-DibujoNina-1-696x1024.jpg 696w, https:\/\/avispa.org\/wp-content\/uploads\/2024\/02\/Bacalar-DibujoNina-1-204x300.jpg 204w, https:\/\/avispa.org\/wp-content\/uploads\/2024\/02\/Bacalar-DibujoNina-1-768x1130.jpg 768w, https:\/\/avispa.org\/wp-content\/uploads\/2024\/02\/Bacalar-DibujoNina-1-1044x1536.jpg 1044w, https:\/\/avispa.org\/wp-content\/uploads\/2024\/02\/Bacalar-DibujoNina-1-1392x2048.jpg 1392w, https:\/\/avispa.org\/wp-content\/uploads\/2024\/02\/Bacalar-DibujoNina-1-1068x1571.jpg 1068w, https:\/\/avispa.org\/wp-content\/uploads\/2024\/02\/Bacalar-DibujoNina-1-1920x2825.jpg 1920w, https:\/\/avispa.org\/wp-content\/uploads\/2024\/02\/Bacalar-DibujoNina-1-285x420.jpg 285w, https:\/\/avispa.org\/wp-content\/uploads\/2024\/02\/Bacalar-DibujoNina-1-scaled.jpg 1740w\" alt=\"\" width=\"696\" height=\"1024\" data-id=\"112330\" \/><\/a><\/figure><figcaption class=\"blocks-gallery-caption wp-element-caption\"><em><sup>Dibujos realizados por ni\u00f1a maya. Fotos: Haizel de la Cruz.<\/sup><\/em><\/figcaption><\/figure>\n<p><strong>HdlC<\/strong>: Por \u00faltimo, \u00bfc\u00f3mo se organizan en tu comunidad a partir de la Asamblea de Defensores del Territorio Maya M\u00fauch\u2019 X\u00edimbal?<\/p>\n<p><strong>CdB<\/strong>: Algunas de las cosas que hacemos van enfocados en llevar informaci\u00f3n a las comunidades, tejer poco a poco ese tejido comunitario, platicar con nuestra comunidad, estar en contacto, expresar esto por medio de textos, de peque\u00f1as asambleas dentro de las comunidades. Nosotros intentamos acercarnos e ir escuchando sus temores, sus dolores, ir buscando c\u00f3mo apoyarlos, hemos puesto amparos, hemos recurrido a esta parte legal tambi\u00e9n, porque es parte del caminar.<\/p>\n<p class=\"has-vivid-cyan-blue-color has-text-color\"><a href=\"https:\/\/avispa.org\/acosan-a-indigenas-por-oponer-resistencia-al-paso-del-tren-maya-en-bacalar\/\" target=\"_blank\" rel=\"noreferrer noopener\">Te puede interesar &#8211; Acosan a ind\u00edgenas por oponer resistencia al paso del Tren Maya en Bacalar<\/a><\/p>\n<p>Tambi\u00e9n tenemos la\u00a0<a href=\"https:\/\/asambleamaya.wixsite.com\/muuchxiinbal\/radiomuuchxiinbal\">No-Radio M\u00fauch\u2019 X\u00edimbal<\/a>\u00a0y usamos este espacio para dar la informaci\u00f3n de lo que estamos viviendo en nuestras comunidades y para reforzar nuestra identidad y nuestro pensamiento cr\u00edtico respecto a lo que estamos viviendo.<\/p>\n<p>Cada vez la gente afortunadamente est\u00e1 cuestion\u00e1ndose: \u00bfqu\u00e9 realmente es la Cuarta Transformaci\u00f3n? \u00bfEs una transformaci\u00f3n? \u00bfEso da una pauta para hacer algo m\u00e1s? Eso es para pensar qu\u00e9 vamos a hacer como comunidades. As\u00ed es un poco lo que andamos haciendo en la Asamblea.<\/p>\n<p><em><sup>*Haizel de la Cruz es fot\u00f3grafa maya e integrante de la Asamblea de Defensores del Territorio Maya M\u00fauch\u2019 X\u00edimbal<\/sup><\/em><\/p>\n<\/div>\n<p><\/p>","protected":false},"excerpt":{"rendered":"<p>Fuente: Avispa Midia Por Haizel de la Cruz* En portada: J\u00f3venes mayas disfrutan la Laguna de Huay-Pix, que se encuentra en el extremo sur de Quintana Roo, y forma un gran sistema lagunar junto a la Laguna de Bacalar y al r\u00edo Hondo. Enero, 2021. Foto: Haizel de la Cruz. Bacalar es un pueblo maya [&hellip;]<\/p>\n","protected":false},"author":21,"featured_media":47613,"comment_status":"open","ping_status":"closed","sticky":false,"template":"","format":"standard","meta":{"footnotes":""},"categories":[957,51,826,958,954,935],"tags":[79,58,53,567,147,545,87,148,27,483,1250],"class_list":["post-47612","post","type-post","status-publish","format-standard","has-post-thumbnail","hentry","category-autonomia","category-autor","category-medios-libres-2","category-megaproyectos","category-mexico","category-temas","tag-autonomia","tag-derechos-humanos","tag-justicia","tag-megaproyectos","tag-militarizacion","tag-pueblos-indigenas","tag-represion","tag-resistencia","tag-solidaridad","tag-tierra-y-territorio","tag-tren-maya"],"_links":{"self":[{"href":"https:\/\/radiozapatista.org\/index.php?rest_route=\/wp\/v2\/posts\/47612","targetHints":{"allow":["GET"]}}],"collection":[{"href":"https:\/\/radiozapatista.org\/index.php?rest_route=\/wp\/v2\/posts"}],"about":[{"href":"https:\/\/radiozapatista.org\/index.php?rest_route=\/wp\/v2\/types\/post"}],"author":[{"embeddable":true,"href":"https:\/\/radiozapatista.org\/index.php?rest_route=\/wp\/v2\/users\/21"}],"replies":[{"embeddable":true,"href":"https:\/\/radiozapatista.org\/index.php?rest_route=%2Fwp%2Fv2%2Fcomments&post=47612"}],"version-history":[{"count":1,"href":"https:\/\/radiozapatista.org\/index.php?rest_route=\/wp\/v2\/posts\/47612\/revisions"}],"predecessor-version":[{"id":47614,"href":"https:\/\/radiozapatista.org\/index.php?rest_route=\/wp\/v2\/posts\/47612\/revisions\/47614"}],"wp:featuredmedia":[{"embeddable":true,"href":"https:\/\/radiozapatista.org\/index.php?rest_route=\/wp\/v2\/media\/47613"}],"wp:attachment":[{"href":"https:\/\/radiozapatista.org\/index.php?rest_route=%2Fwp%2Fv2%2Fmedia&parent=47612"}],"wp:term":[{"taxonomy":"category","embeddable":true,"href":"https:\/\/radiozapatista.org\/index.php?rest_route=%2Fwp%2Fv2%2Fcategories&post=47612"},{"taxonomy":"post_tag","embeddable":true,"href":"https:\/\/radiozapatista.org\/index.php?rest_route=%2Fwp%2Fv2%2Ftags&post=47612"}],"curies":[{"name":"wp","href":"https:\/\/api.w.org\/{rel}","templated":true}]}}