{"id":47589,"date":"2024-02-22T12:16:25","date_gmt":"2024-02-22T18:16:25","guid":{"rendered":"https:\/\/radiozapatista.org\/?p=47589"},"modified":"2024-02-22T12:16:25","modified_gmt":"2024-02-22T18:16:25","slug":"en-cuatro-decadas-se-ha-acelerado-la-extraccion-de-aguas-subterraneas","status":"publish","type":"post","link":"https:\/\/radiozapatista.org\/?p=47589","title":{"rendered":"[:es]En cuatro d\u00e9cadas se ha acelerado la extracci\u00f3n de aguas subterr\u00e1neas[:]"},"content":{"rendered":"<p>[:es]Fuente: <a href=\"https:\/\/avispa.org\/en-cuatro-decadas-se-ha-acelerado-la-extraccion-de-aguas-subterraneas\/\">Avispa Midia<\/a><\/p>\n<div class=\"tdb-block-inner td-fix-index\">\n<p><em><sup>Por Rafael Paz*<\/sup><\/em><\/p>\n<p>Un equipo de investigadores de la Universidad de California, la Escuela Polit\u00e9cnica Federal de Z\u00farich, la Universidad de Rutgers, el Colegio Universitario de Londres y la Universidad Rey Abdulaziz analiz\u00f3 1,693 sistemas acu\u00edferos y los datos arrojados por 170 mil pozos de seguimiento ubicados en 40 pa\u00edses alrededor del mundo, encontrando que el 30 % de los sistemas sufre sobreexplotaci\u00f3n y est\u00e1 en niveles cr\u00edticos.<\/p>\n<p>El estudio, titulado \u201cRapid groundwater decline and some cases of recovery in aquifers globally\u201d, fue difundido por la revista\u00a0<em>Nature<\/em>\u00a0y subraya que la informaci\u00f3n muestra que \u201clas r\u00e1pidas disminuciones del nivel de las aguas subterr\u00e1neas (&gt;0.5 m al a\u00f1o) se han generalizado en el siglo XXI, especialmente en regiones secas con extensas tierras de cultivo. Fundamentalmente, tambi\u00e9n se observa que la disminuci\u00f3n del nivel de las aguas subterr\u00e1neas se ha acelerado en las \u00faltimas cuatro d\u00e9cadas en el 30 % de los acu\u00edferos regionales del mundo\u201d.<\/p>\n<p>Asimismo se a\u00f1ade: \u201cEn el 30 % de estos sistemas acu\u00edferos, el decremento del nivel de las aguas subterr\u00e1neas se aceler\u00f3, y las disminuciones del nivel de las aguas subterr\u00e1neas de principios del siglo XXI superaron a las de finales del XX. Estos casos de descenso acelerado del nivel de las aguas subterr\u00e1neas son m\u00e1s del doble de frecuentes de lo que uno esperar\u00eda de fluctuaciones aleatorias en ausencia de tendencias sistem\u00e1ticas en cualquiera de los periodos\u201d.<\/p>\n<p>Los especialistas consideraron que \u201cla mayor\u00eda (&gt;80%) de los sistemas acu\u00edferos que exhiben descensos acelerados del nivel de las aguas subterr\u00e1neas tambi\u00e9n experimentaron una disminuci\u00f3n en las precipitaciones a lo largo del tiempo (es decir, una precipitaci\u00f3n anual promedio m\u00e1s baja a principios del siglo XXI que a finales del XX). El descenso de las precipitaciones puede causar que los niveles de agua subterr\u00e1nea caigan, como resultado tanto de impactos indirectos (por ejemplo, aumento de las extracciones de agua subterr\u00e1nea durante las sequ\u00edas) como de impactos directos (es decir, tasas de recarga reducidas durante las sequ\u00edas)\u201d, sostienen.<\/p>\n<figure class=\"wp-block-image size-full\"><a class=\"td-modal-image\" href=\"https:\/\/avispa.org\/wp-content\/uploads\/2024\/02\/sequia-mundial-1.jpeg\"><img loading=\"lazy\" decoding=\"async\" class=\"wp-image-112271 td-animation-stack-type0-2\" src=\"https:\/\/avispa.org\/wp-content\/uploads\/2024\/02\/sequia-mundial-1.jpeg\" sizes=\"auto, (max-width: 990px) 100vw, 990px\" srcset=\"https:\/\/avispa.org\/wp-content\/uploads\/2024\/02\/sequia-mundial-1.jpeg 990w, https:\/\/avispa.org\/wp-content\/uploads\/2024\/02\/sequia-mundial-1-300x169.jpeg 300w, https:\/\/avispa.org\/wp-content\/uploads\/2024\/02\/sequia-mundial-1-768x432.jpeg 768w, https:\/\/avispa.org\/wp-content\/uploads\/2024\/02\/sequia-mundial-1-696x392.jpeg 696w, https:\/\/avispa.org\/wp-content\/uploads\/2024\/02\/sequia-mundial-1-746x420.jpeg 746w\" alt=\"\" width=\"990\" height=\"557\" \/><\/a><\/figure>\n<p>Tambi\u00e9n apuntan que los resultados muestran un v\u00ednculo potencial entre la variabilidad clim\u00e1tica a escala decenal y la aceleraci\u00f3n de los descensos del nivel de las aguas subterr\u00e1neas. Y que \u201ces probable que la aceleraci\u00f3n de la disminuci\u00f3n del nivel de las aguas subterr\u00e1neas, independientemente de sus posibles causas, igualmente acelere las consecuencias de esos decrementos, incluidos los hundimientos de la tierra y los pozos que se secan\u201d, advierten.<\/p>\n<h3 id=\"h-falta-de-lluvias\" class=\"wp-block-heading has-black-color has-text-color\"><strong>Falta de lluvias<\/strong><\/h3>\n<p>Uno de los puntos en que hace \u00e9nfasis el estudio est\u00e1 relacionado con el clima. Al analizar las tasas de precipitaci\u00f3n durante las \u00faltimas cuatro d\u00e9cadas en los sistemas h\u00eddricos subterr\u00e1neos seleccionados, se encontr\u00f3 que \u201cla mayor\u00eda (&gt;80%) de los sistemas acu\u00edferos que exhiben descensos acelerados del nivel de las aguas subterr\u00e1neas tambi\u00e9n experimentaron una disminuci\u00f3n en las precipitaciones a lo largo del tiempo (es decir, una precipitaci\u00f3n anual promedio m\u00e1s baja a principios del siglo XXI que a finales del XX)\u201d.<\/p>\n<p>La disminuci\u00f3n de precipitaciones, comentan, es la posible causa de que los niveles de agua subterr\u00e1nea caigan como resultado tanto de impactos indirectos (uno de ellos ser\u00eda el \u201caumento de las extracciones de agua subterr\u00e1nea durante las sequ\u00edas\u201d) como de impactos directos (por ejemplo, \u201ctasas de recarga reducidas durante las sequ\u00edas\u201d).<\/p>\n<p>\u201cNuestro hallazgo [que las tasas de precipitaci\u00f3n de principios del siglo XXI fueron m\u00e1s bajas que a finales del XX en la mayor\u00eda de los sistemas acu\u00edferos que exhiben descensos acelerados del nivel de las aguas subterr\u00e1neas] destaca un v\u00ednculo potencial entre la variabilidad clim\u00e1tica a escala decenal y la aceleraci\u00f3n de los descensos del nivel de las aguas subterr\u00e1neas. Es probable que la aceleraci\u00f3n de la disminuci\u00f3n del nivel de las aguas subterr\u00e1neas, independientemente de sus posibles causas, tambi\u00e9n acelere las consecuencias de esas disminuciones, incluidos los hundimientos de la tierra y los pozos que se secan\u201d, alertan.<\/p>\n<h3 id=\"h-casos-de-exito\" class=\"wp-block-heading has-black-color has-text-color\"><strong>Casos de \u00e9xito<\/strong><\/h3>\n<p>Sin embargo, asegura el estudio, no todo son malas noticias. De los sistemas acu\u00edferos subterr\u00e1neos que se analizaron, el 16 % mostr\u00f3 que \u201cel descenso del nivel de las aguas subterr\u00e1neas se invirti\u00f3, defini\u00e9ndose como los casos en los que el nivel de las aguas subterr\u00e1neas disminuy\u00f3 a finales del siglo XX, pero aument\u00f3 a principios del XXI\u201d; mientras que en el 13 %, \u201cel nivel de las aguas subterr\u00e1neas se increment\u00f3 tanto a finales del siglo XX como a principios del XXI\u201d.<\/p>\n<p>Para los investigadores, si se toman medidas oportunas respecto a \u201cla gesti\u00f3n de la recarga de acu\u00edferos y los desv\u00edos de aguas superficiales\u201d, existe el \u201cpotencial de recuperaci\u00f3n de los sistemas acu\u00edferos agotados\u201d.<\/p>\n<p>Es un punto en el que coincide Alejandro Jaramillo Moreno, investigador del Instituto de Ciencias de la Atm\u00f3sfera y Cambio Clim\u00e1tico (ICAyCC), quien insiste en la importancia de sistemas de aguas subterr\u00e1neas para los ecosistemas e, hist\u00f3ricamente, para nuestra vida diaria.<\/p>\n<p>\u201cEs el agua fresca que tenemos m\u00e1s disponible como sociedad, porque \u00e9sta en el planeta es alrededor de un dos y medio por ciento del agua total. Es muy poca y la gran mayor\u00eda se encuentra en glaciares y casquetes polares, es dif\u00edcil acceder a ella. Como los recursos de agua superficial de r\u00edos y lagos no son tantos como quisi\u00e9ramos, el agua subterr\u00e1nea se vuelve nuestra principal fuente\u201d, recalca Jaramillo Moreno y pone como ejemplo a Ciudad de M\u00e9xico, donde el 70 % del agua que se consume proviene del subsuelo.<\/p>\n<p>El universitario hizo un llamado para tomar medidas ante la explotaci\u00f3n que experimentan estos sistemas, ya que de no hacerlo, adem\u00e1s de perder la fuente de agua dulce m\u00e1s importante, se presentan otros problemas, como la compactaci\u00f3n del suelo que provoca hundimiento en ciudades como la capital del pa\u00eds y la contaminaci\u00f3n del recurso h\u00eddrico despu\u00e9s de su utilizaci\u00f3n.<\/p>\n<p>Sobre la posible recuperaci\u00f3n de estos sistemas subterr\u00e1neos, se\u00f1ala que \u201cel problema es que los tiempos en los que se recuperan los acu\u00edferos pueden ser desde periodos enormes de tiempo en escalas geol\u00f3gicas, hasta cortos, como sucede en los m\u00e1s superficiales. En otros, el agua no se va a volver a recuperar. Cada acu\u00edfero tiene una din\u00e1mica diferente\u201d.<\/p>\n<p>Hay estrategias para recuperarlos, como regresar o entregarle nuevamente al acu\u00edfero agua a una tasa m\u00e1s o menos parecida a la que se extrae. \u201cPero \u00e9sta se tiene que tratar adecuadamente, porque si se entrega con mala calidad va a contaminar, se da\u00f1a al acu\u00edfero en t\u00e9rminos de calidad, entonces ya no se puede seguir usando para consumir\u201d, considera.<\/p>\n<p>Y concluye: \u201cTambi\u00e9n estamos contaminando el agua todos los d\u00edas y cuando \u00e9sta va a regresar al suelo, contaminamos ese recurso subterr\u00e1neo. \u00c9se es un problema muy grande, porque si el acu\u00edfero se contamina, es muy dif\u00edcil descontaminarlo, ya que est\u00e1 justamente en el suelo. No es tan f\u00e1cil como decir: \u2018vamos a sacar el agua y la limpiamos\u2019\u201d.<\/p>\n<div class=\"wp-block-image\">\n<figure class=\"alignright size-full is-resized\"><a class=\"td-modal-image\" href=\"https:\/\/avispa.org\/wp-content\/uploads\/2024\/02\/mapa-sequia-mexico.jpeg\"><img loading=\"lazy\" decoding=\"async\" class=\"wp-image-112270 td-animation-stack-type0-2\" src=\"https:\/\/avispa.org\/wp-content\/uploads\/2024\/02\/mapa-sequia-mexico.jpeg\" sizes=\"auto, (max-width: 557px) 100vw, 557px\" srcset=\"https:\/\/avispa.org\/wp-content\/uploads\/2024\/02\/mapa-sequia-mexico.jpeg 557w, https:\/\/avispa.org\/wp-content\/uploads\/2024\/02\/mapa-sequia-mexico-163x300.jpeg 163w, https:\/\/avispa.org\/wp-content\/uploads\/2024\/02\/mapa-sequia-mexico-228x420.jpeg 228w\" alt=\"\" width=\"557\" height=\"1024\" \/><\/a><\/figure>\n<\/div>\n<p>El 76.21 % del territorio nacional sufre alg\u00fan tipo de sequ\u00eda, es decir que s\u00f3lo el 23.79 % se encuentra libre de sequ\u00eda. Esto de acuerdo con el informe semanal m\u00e1s reciente \u2013difundido el 13 de febrero\u2013 del Comit\u00e9 T\u00e9cnico de Operaci\u00f3n de Obras Hidr\u00e1ulicas de la Comisi\u00f3n Nacional del Agua (Conagua). \u201cLa sequ\u00eda extrema y excepcional persiste en el noroeste, noreste y centro de M\u00e9xico, ocupando 28.98 % del pa\u00eds. En tanto, 31.47 % del territorio nacional tiene sequ\u00eda moderada y severa, y 15.76 % est\u00e1 en condiciones anormalmente secas\u201d.<\/p>\n<p>En su reporte del 5 de febrero, la Conagua hab\u00eda apuntado que \u201cespec\u00edficamente en el centro del pa\u00eds, la sequ\u00eda moderada y severa se increment\u00f3 en Ciudad de M\u00e9xico, Estado de M\u00e9xico, Hidalgo y Puebla, mientras que la excepcional aument\u00f3 en Quer\u00e9taro e Hidalgo. En contraste, la sequ\u00eda moderada y severa disminuy\u00f3 en Tlaxcala y el oriente de Puebla\u201d, y apunt\u00f3 que del 1 de enero al 4 de febrero de 2024 se present\u00f3 41.4 % menos lluvia que lo registrado habitualmente en ese lapso.<\/p>\n<p>En cuanto al nivel de llenado de las 210 principales presas del pa\u00eds, que en conjunto tienen la capacidad de almacenar 92 % del agua de los embalses del pa\u00eds, la Subdirecci\u00f3n General T\u00e9cnica de Conagua resalt\u00f3 que, al 12 de febrero de 2024, se ubica en 50 %, lo que representa un punto porcentual menos que lo informado el d\u00eda 5.<\/p>\n<p>Conagua resalt\u00f3 que hay una diferencia respecto al promedio hist\u00f3rico \u201387,296 Mm\u00b3\u2013 de la capacidad almacenamiento de agua en el pa\u00eds de 22,766 Mm\u00b3, ya que actualmente ubica en 63,759 Mm\u00b3, lo que equivale a un un d\u00e9ficit de 26 %.<\/p>\n<p>La situaci\u00f3n del nivel de llenado conjunto de las tres presas de almacenamiento del Sistema Cutzamala (El Bosque, Valle de Bravo y Villa Victoria),encargadas de suministrar el 25 % del abasto de la Zona Metropolitana del Valle de M\u00e9xico, no ha modificado su tendencia desde el informe del 31 de enero.<\/p>\n<p>Hasta el 12 de febrero, la presa de El Bosque se encontraba al 58.7 % de su capacidad; Villa Victoria, 30.2 %; y Valle de Bravo, 32.5 %.<\/p>\n<p><em><sup>*Una versi\u00f3n de este texto se public\u00f3 en\u00a0<a href=\"https:\/\/www.gaceta.unam.mx\/en-cuatro-decadas-se-ha-acelerado-la-extraccion-de-aguas-subterraneas\/\">Gaceta UNAM<\/a><\/sup><\/em><\/p>\n<\/div>\n<p>[:]<\/p>\n","protected":false},"excerpt":{"rendered":"<p>[:es]Fuente: Avispa Midia Por Rafael Paz* Un equipo de investigadores de la Universidad de California, la Escuela Polit\u00e9cnica Federal de Z\u00farich, la Universidad de Rutgers, el Colegio Universitario de Londres y la Universidad Rey Abdulaziz analiz\u00f3 1,693 sistemas acu\u00edferos y los datos arrojados por 170 mil pozos de seguimiento ubicados en 40 pa\u00edses alrededor del [&hellip;]<\/p>\n","protected":false},"author":21,"featured_media":47590,"comment_status":"open","ping_status":"closed","sticky":false,"template":"","format":"standard","meta":{"footnotes":""},"categories":[957,51,826,958,954,935],"tags":[579,58,53,567,147,545,148,483],"class_list":["post-47589","post","type-post","status-publish","format-standard","has-post-thumbnail","hentry","category-autonomia","category-autor","category-medios-libres-2","category-megaproyectos","category-mexico","category-temas","tag-agua","tag-derechos-humanos","tag-justicia","tag-megaproyectos","tag-militarizacion","tag-pueblos-indigenas","tag-resistencia","tag-tierra-y-territorio"],"_links":{"self":[{"href":"https:\/\/radiozapatista.org\/index.php?rest_route=\/wp\/v2\/posts\/47589","targetHints":{"allow":["GET"]}}],"collection":[{"href":"https:\/\/radiozapatista.org\/index.php?rest_route=\/wp\/v2\/posts"}],"about":[{"href":"https:\/\/radiozapatista.org\/index.php?rest_route=\/wp\/v2\/types\/post"}],"author":[{"embeddable":true,"href":"https:\/\/radiozapatista.org\/index.php?rest_route=\/wp\/v2\/users\/21"}],"replies":[{"embeddable":true,"href":"https:\/\/radiozapatista.org\/index.php?rest_route=%2Fwp%2Fv2%2Fcomments&post=47589"}],"version-history":[{"count":1,"href":"https:\/\/radiozapatista.org\/index.php?rest_route=\/wp\/v2\/posts\/47589\/revisions"}],"predecessor-version":[{"id":47591,"href":"https:\/\/radiozapatista.org\/index.php?rest_route=\/wp\/v2\/posts\/47589\/revisions\/47591"}],"wp:featuredmedia":[{"embeddable":true,"href":"https:\/\/radiozapatista.org\/index.php?rest_route=\/wp\/v2\/media\/47590"}],"wp:attachment":[{"href":"https:\/\/radiozapatista.org\/index.php?rest_route=%2Fwp%2Fv2%2Fmedia&parent=47589"}],"wp:term":[{"taxonomy":"category","embeddable":true,"href":"https:\/\/radiozapatista.org\/index.php?rest_route=%2Fwp%2Fv2%2Fcategories&post=47589"},{"taxonomy":"post_tag","embeddable":true,"href":"https:\/\/radiozapatista.org\/index.php?rest_route=%2Fwp%2Fv2%2Ftags&post=47589"}],"curies":[{"name":"wp","href":"https:\/\/api.w.org\/{rel}","templated":true}]}}