{"id":47586,"date":"2024-02-21T19:48:07","date_gmt":"2024-02-22T01:48:07","guid":{"rendered":"https:\/\/radiozapatista.org\/?p=47586"},"modified":"2024-02-21T19:48:07","modified_gmt":"2024-02-22T01:48:07","slug":"mexico-justicia-de-oaxaca-instrumento-de-tortura-contra-los-presos-politicos-de-eloxochitlan","status":"publish","type":"post","link":"https:\/\/radiozapatista.org\/?p=47586","title":{"rendered":"[:es]M\u00e9xico: Justicia de Oaxaca, instrumento de tortura contra los presos pol\u00edticos de Eloxochitl\u00e1n[:]"},"content":{"rendered":"<p>[:es]Fuente: <a href=\"https:\/\/avispa.org\/mexico-justicia-de-oaxaca-instrumento-de-tortura-contra-los-presos-politicos-de-eloxochitlan\/\">Avispa Midia<\/a><\/p>\n<p>Por Renata Bessi<\/p>\n<div class=\"tdb-block-inner td-fix-index\">\n<p><em><sup>En portada: Plant\u00f3n de las mujeres mazatecas en frente al palacio de gobierno de Oaxaca. Fuente: Redes sociales de Presos Pol\u00edticos Eloxochitl\u00e1n de Flores Mag\u00f3n y Observatorio Memoria y Libertad\u00a0<\/sup><\/em><\/p>\n<p>Mujeres del pueblo Mazateco, del estado de Oaxaca, sostuvieron por tres d\u00edas una huelga frente al palacio de gobierno de esta entidad, ubicada al sur de M\u00e9xico, exigiendo la libertad de los presos pol\u00edticos de Eloxochitl\u00e1n. El plant\u00f3n ocurri\u00f3 entre los d\u00edas 18 y 20 de febrero.<\/p>\n<p>Cuarenta hombres y mujeres de la comunidad de Eloxochitl\u00e1n de Flores Mag\u00f3n, de la Sierra Mazateca, en Oaxaca, han sido\u00a0<a href=\"https:\/\/avispa.org\/mujeres-mazatecas-inician-el-2024-con-jornada-de-lucha-por-la-libertad\/\">criminalizados<\/a>\u00a0en los \u00faltimos nueve a\u00f1os, por un grupo \u201cneocaciquil\u201d, como nombran las mujeres mazatecas.<\/p>\n<p>De acuerdo con el grupo de mujeres, a los presos les han tratado de \u201cfabricar delitos\u00a0para contener la lucha de esta comunidad originaria y para evitar que defiendan su territorio\u201d, sostiene Argelia Betanzos, hija de uno de los ex presos pol\u00edticos, Jaime Betanzos.<\/p>\n<p>Cuatro de ellos contin\u00faan, desde hace a\u00f1os, encarcelados\u00a0a pesar de no tener sentencia condenatoria. Ellos son Alfredo Bola\u00f1os, Francisco Dur\u00e1n, Fernando Gavito y Marcelino Miram\u00f3n, a quienes se les imputa la tentativa de homicidio contra Elisa Zepeda Lagunas, actual titular de la Secretar\u00eda de la Mujer del gobierno de Oaxaca, y de su padre, Manuel Zepeda Cort\u00e9s.<\/p>\n<figure class=\"wp-block-image size-large\"><a class=\"td-modal-image\" href=\"https:\/\/avispa.org\/wp-content\/uploads\/2024\/02\/MujeresMazatecas2.jpg\"><img loading=\"lazy\" decoding=\"async\" class=\"wp-image-112240\" src=\"https:\/\/avispa.org\/wp-content\/uploads\/2024\/02\/MujeresMazatecas2-1024x768.jpg\" sizes=\"auto, (max-width: 1024px) 100vw, 1024px\" srcset=\"https:\/\/avispa.org\/wp-content\/uploads\/2024\/02\/MujeresMazatecas2-1024x768.jpg 1024w, https:\/\/avispa.org\/wp-content\/uploads\/2024\/02\/MujeresMazatecas2-300x225.jpg 300w, https:\/\/avispa.org\/wp-content\/uploads\/2024\/02\/MujeresMazatecas2-768x576.jpg 768w, https:\/\/avispa.org\/wp-content\/uploads\/2024\/02\/MujeresMazatecas2-696x522.jpg 696w, https:\/\/avispa.org\/wp-content\/uploads\/2024\/02\/MujeresMazatecas2-1068x801.jpg 1068w, https:\/\/avispa.org\/wp-content\/uploads\/2024\/02\/MujeresMazatecas2-560x420.jpg 560w, https:\/\/avispa.org\/wp-content\/uploads\/2024\/02\/MujeresMazatecas2-80x60.jpg 80w, https:\/\/avispa.org\/wp-content\/uploads\/2024\/02\/MujeresMazatecas2-265x198.jpg 265w, https:\/\/avispa.org\/wp-content\/uploads\/2024\/02\/MujeresMazatecas2.jpg 1280w\" alt=\"\" width=\"1024\" height=\"768\" \/><\/a><\/figure>\n<p>Seg\u00fan las activistas, en los\u00a0<a href=\"https:\/\/avispa.org\/resistir-ante-el-estado-los-caciques-viejos-y-nuevos-en-la-mazateca\/\">hechos<\/a>\u00a0acontecidos en dicha comunidad mazateca en diciembre de 2014, hombres armados, vinculados al grupo \u201cneocaciquil\u201d, con intereses partidistas, atacaron a la asamblea de la comunidad, nombrada por usos y costumbres.<\/p>\n<p>Estas cuatro personas son las \u00fanicas que permanecen en prisi\u00f3n de un total de 21 que han sido detenidas y encarceladas. Durante estos nueve a\u00f1os, los presos pol\u00edticos han obtenido su libertad, ya sea por el cambio de medida cautelar o porque fueron absueltos, por la falta de pruebas de la acusaci\u00f3n y por violaciones al debido proceso. \u201cEstas decisiones no nos fueron regaladas, las conseguimos con mucha lucha y con pruebas\u201d, mencion\u00f3 Betanzos, quien tambi\u00e9n es abogada ind\u00edgena.<\/p>\n<p>Una de las demandas de las mujeres mazatecas, no atendida durante el plant\u00f3n, es una audiencia con el gobernador del Estado, Salom\u00f3n Jara. \u201cSalom\u00f3n Jara, persona zapoteca, se niega a mirar los rostros de sus hermanas mazatecas\u00a0(\u2026). \u00c9l\u00a0est\u00e1 dando la espalda a nuestro caso y est\u00e1 evitando mirarnos a los rostros, rostros de mujeres ind\u00edgenas que representamos familias de v\u00edctimas de fabricaci\u00f3n de delitos\u201d, dijo Betanzos.<\/p>\n<p>Lo que exigen las mazatecas \u201cno\u00a0es estar en mesas de trabajo infructuosas, donde nos escuchan y no hacen nada; eso no se llama atenci\u00f3n; atenci\u00f3n es tener el valor de reconocer que es un caso de injusticia, y que todos los presos de Eloxochitl\u00e1n deben ser libres ya; eso s\u00ed ser\u00eda atenci\u00f3n, todo lo dem\u00e1s es hipocres\u00eda\u201d, se\u00f1ala la abogada.<\/p>\n<p>\u201cNosotros no estamos pidiendo ning\u00fan favor, nos sobran sentencias de libertad, amparos ganados, nos sobra demonstraci\u00f3n jur\u00eddica para exigir, ya no para pedir, la libertad que nos corresponde\u201d, agrega.<\/p>\n<p>Tambi\u00e9n exigen que el\u00a0gobierno de Salom\u00f3n Jara\u00a0comience el proceso para la\u00a0reparaci\u00f3n integral de da\u00f1os en favor de las 40 familias criminalizadas,\u00a0como consecuencia de las violaciones a derechos humanos derivadas de nueve a\u00f1os de prisi\u00f3n y persecuci\u00f3n pol\u00edtica ilegal.<\/p>\n<p>Otra de las exigencias, tampoco atendida durante el plant\u00f3n, es la toma de nota del caso de los presos pol\u00edticos de Eloxochitl\u00e1n por parte de la nueva presidenta del Tribunal Superior de Justicia del Estado de Oaxaca,\u00a0Berenice Ram\u00edrez Jim\u00e9nez, electa en enero pasado por un periodo de cuatro a\u00f1os.<\/p>\n<p>Con la toma de nota, las mujeres mazatecas buscan enterar a la nueva presidenta de la lucha que sostienen los presos y ex presos pol\u00edticos, y las in\u00fameras violaciones en los procesos cometidas por la justicia de Oaxaca. \u201cSe le expondr\u00e1 c\u00f3mo el Tribunal Superior de Justicia lleva cuatro a\u00f1os cooptado por Elisa Zepeda Lagunas y se le ha convertido en un instrumento de tortura de los presos ind\u00edgenas de Eloxochitl\u00e1n\u201d, aclara Betanzos para\u00a0<em>Avispa M\u00eddia<\/em>.<\/p>\n<p>Concretamente quieren exponer pr\u00e1cticas tales como: \u201cRevocaci\u00f3n de libertades que se ganaron despu\u00e9s de largos procedimientos, ejemplo Miguel Peralta y Paul Reyes, y despu\u00e9s de instar ante varias instancias, incluidas federales. La negaci\u00f3n de las libertades a partir del a\u00f1o 2020, cuando en tan solo un a\u00f1o neg\u00f3 cinco libertades, lo cual va en contra de los antecedentes de libertad ganados entre los a\u00f1os 2015 y 2019\u201d.<\/p>\n<p>A la fecha, nuevamente, Elisa Zepeda apel\u00f3 al Tribunal Superior de Justicia de Oaxaca en lo que respecta a siete casos para revocar las libertades ya ganadas por los mazatecos. Se trata de las libertades de Jaime Vidauria, Artemio Vidauria y Ranulfo Vidauria, Jaime Betanzos, Herminio Monfil y Omar Hugo Morales.<\/p>\n<p>\u201cLa toma de nota puede evitar que el Tribunal Superior de Justicia del Estado de Oaxaca siga siendo usado como instrumento de tortura al prolongar el encarcelamiento de los mazatecos de Eloxochitl\u00e1n\u201d, resume Betanzos.<\/p>\n<p>Sin embargo,\u00a0la falta de respuesta a la solicitud de reuni\u00f3n con la magistrada Berenice Ram\u00edrez, \u201ces una prueba de la interrelaci\u00f3n entre los poderes de Estado\u201d, resaltan las mujeres mazatecas en un comunicado anunciando el fin del plant\u00f3n.<\/p>\n<h3 id=\"h-proteccion-federal\" class=\"wp-block-heading has-black-color has-text-color\"><strong>Protecci\u00f3n federal<\/strong><\/h3>\n<p>Los cuatro presos pol\u00edticos acaban de ganar amparos federales. Tres de ellos &#8211; Alfredo Bola\u00f1os y Fernando Gavito, que llevan nueve a\u00f1os encarcelados, y Francisco Dur\u00e1n, que lleva cinco a\u00f1os recluido &#8211; ganaron los amparos ya que se reconoci\u00f3 que\u00a0fue ilegal que un juez de Huautla se haya negado a retirarles prisi\u00f3n preventiva pese a que llevan varios a\u00f1os sin sentencia.<\/p>\n<p>Marcelino Miram\u00f3n gan\u00f3 el amparo al reconocerse que el delito de incendio por el que se le aprision\u00f3 no existe y el delito de da\u00f1os est\u00e1 prescrito.<\/p>\n<p>\u201cTodos los amparos ganados est\u00e1n sujetos por la propia ley de amparo a la posibilidad de que la contraparte interponga el recurso de revisi\u00f3n y busque, con ello, revertir el resultado\u201d, explica la abogada Betanzos.<\/p>\n<p>En el caso de Marcelino la revisi\u00f3n ya fue interpuesta por Manuel Zepeda. \u201cSe espera que pronto se conozca el resultado el cual creemos confirmar\u00e1 el amparo ganado. Si eso ocurre, el tr\u00e1mite siguiente ser\u00e1 que el Juez de Huautla deber\u00e1 someterse al contenido del amparo y emitir el auto de libertad en favor de Marcelino\u201d, sostiene.<\/p>\n<figure class=\"wp-block-gallery has-nested-images columns-2 is-cropped wp-block-gallery-1 is-layout-flex wp-block-gallery-is-layout-flex\">\n<figure class=\"wp-block-image size-large\"><a class=\"td-modal-image\" href=\"https:\/\/avispa.org\/wp-content\/uploads\/2024\/02\/MujeresMazatecas3.jpg\"><img loading=\"lazy\" decoding=\"async\" class=\"wp-image-112241\" src=\"https:\/\/avispa.org\/wp-content\/uploads\/2024\/02\/MujeresMazatecas3-1024x768.jpg\" sizes=\"auto, (max-width: 1024px) 100vw, 1024px\" srcset=\"https:\/\/avispa.org\/wp-content\/uploads\/2024\/02\/MujeresMazatecas3-1024x768.jpg 1024w, https:\/\/avispa.org\/wp-content\/uploads\/2024\/02\/MujeresMazatecas3-300x225.jpg 300w, https:\/\/avispa.org\/wp-content\/uploads\/2024\/02\/MujeresMazatecas3-768x576.jpg 768w, https:\/\/avispa.org\/wp-content\/uploads\/2024\/02\/MujeresMazatecas3-696x522.jpg 696w, https:\/\/avispa.org\/wp-content\/uploads\/2024\/02\/MujeresMazatecas3-1068x801.jpg 1068w, https:\/\/avispa.org\/wp-content\/uploads\/2024\/02\/MujeresMazatecas3-560x420.jpg 560w, https:\/\/avispa.org\/wp-content\/uploads\/2024\/02\/MujeresMazatecas3-80x60.jpg 80w, https:\/\/avispa.org\/wp-content\/uploads\/2024\/02\/MujeresMazatecas3-265x198.jpg 265w, https:\/\/avispa.org\/wp-content\/uploads\/2024\/02\/MujeresMazatecas3.jpg 1440w\" alt=\"\" width=\"1024\" height=\"768\" data-id=\"112241\" \/><\/a><\/figure>\n<figure class=\"wp-block-image size-large\"><a class=\"td-modal-image\" href=\"https:\/\/avispa.org\/wp-content\/uploads\/2024\/02\/MujeresMazatecas1.jpg\"><img loading=\"lazy\" decoding=\"async\" class=\"wp-image-112239\" src=\"https:\/\/avispa.org\/wp-content\/uploads\/2024\/02\/MujeresMazatecas1-1024x768.jpg\" sizes=\"auto, (max-width: 1024px) 100vw, 1024px\" srcset=\"https:\/\/avispa.org\/wp-content\/uploads\/2024\/02\/MujeresMazatecas1-1024x768.jpg 1024w, https:\/\/avispa.org\/wp-content\/uploads\/2024\/02\/MujeresMazatecas1-300x225.jpg 300w, https:\/\/avispa.org\/wp-content\/uploads\/2024\/02\/MujeresMazatecas1-768x576.jpg 768w, https:\/\/avispa.org\/wp-content\/uploads\/2024\/02\/MujeresMazatecas1-696x522.jpg 696w, https:\/\/avispa.org\/wp-content\/uploads\/2024\/02\/MujeresMazatecas1-1068x801.jpg 1068w, https:\/\/avispa.org\/wp-content\/uploads\/2024\/02\/MujeresMazatecas1-560x420.jpg 560w, https:\/\/avispa.org\/wp-content\/uploads\/2024\/02\/MujeresMazatecas1-80x60.jpg 80w, https:\/\/avispa.org\/wp-content\/uploads\/2024\/02\/MujeresMazatecas1-265x198.jpg 265w, https:\/\/avispa.org\/wp-content\/uploads\/2024\/02\/MujeresMazatecas1.jpg 1440w\" alt=\"\" width=\"1024\" height=\"768\" data-id=\"112239\" \/><\/a><\/figure>\n<figure class=\"wp-block-image size-large\"><a class=\"td-modal-image\" href=\"https:\/\/avispa.org\/wp-content\/uploads\/2024\/02\/mujeresmazatecas5.jpg\"><img loading=\"lazy\" decoding=\"async\" class=\"wp-image-112242\" src=\"https:\/\/avispa.org\/wp-content\/uploads\/2024\/02\/mujeresmazatecas5-768x1024.jpg\" sizes=\"auto, (max-width: 768px) 100vw, 768px\" srcset=\"https:\/\/avispa.org\/wp-content\/uploads\/2024\/02\/mujeresmazatecas5-768x1024.jpg 768w, https:\/\/avispa.org\/wp-content\/uploads\/2024\/02\/mujeresmazatecas5-225x300.jpg 225w, https:\/\/avispa.org\/wp-content\/uploads\/2024\/02\/mujeresmazatecas5-696x928.jpg 696w, https:\/\/avispa.org\/wp-content\/uploads\/2024\/02\/mujeresmazatecas5-315x420.jpg 315w, https:\/\/avispa.org\/wp-content\/uploads\/2024\/02\/mujeresmazatecas5.jpg 960w\" alt=\"\" width=\"768\" height=\"1024\" data-id=\"112242\" \/><\/a><\/figure>\n<\/figure>\n<p>Con relaci\u00f3n al amparo ganado por Alfredo, Fernando y Francisco se esperan los 10 d\u00edas h\u00e1biles que tiene la contraparte para interponer el recurso de revisi\u00f3n. \u201cSi no se presenta este recurso, el amparo quedar\u00eda firme y tocar\u00eda al Juez de Huautla obedecerlo y, en consecuencia, conceder el cambio de medida cautelar a los tres presos; en lugar de la prisi\u00f3n preventiva podr\u00e1n firmar quincenalmente, por ejemplo, hasta que se acabe el juicio\u201d.<\/p>\n<p>Adem\u00e1s, en 2022, el Tribunal de Oaxaca tambi\u00e9n hab\u00eda revocado la libertad de Miguel Peralta quien ha tenido que llevar su caso a la Suprema Corte de Justicia de la Naci\u00f3n para tener acceso a la justicia.<\/p>\n<p>Te puede interesar \u2013\u00a0<a href=\"https:\/\/avispa.org\/sed-de-venganza-de-una-diputada-contra-un-ex-preso-politico\/\">Sed de venganza de una diputada contra un ex preso pol\u00edticos<\/a><\/p>\n<h3 id=\"h-la-larga-persecucion\" class=\"wp-block-heading has-black-color has-text-color\"><strong>La larga persecuci\u00f3n<\/strong><\/h3>\n<p>Las 40 personas fueron criminalizadas a partir de 2014, acusadas, entre otros cargos, de homicidios y tentativa de homicidio. \u201cLa finalidad de esta fabricaci\u00f3n de delitos fue la desarticulaci\u00f3n de nuestra organizaci\u00f3n comunitaria. Las personas acusadas tienen representaci\u00f3n comunitaria, son activistas y defensoras del territorio\u201d, cuenta Betanzos.<\/p>\n<p>Como sostiene la abogada, entre 2010 y 2014 \u201csurgi\u00f3 un grupo neocaciquil, as\u00ed lo llamamos, con intereses partidistas, articulado desde el gobierno del Estado, para que azotara todos los intentos de autodeterminaci\u00f3n, todos los intentos de ejercicios asamblearios de nuestra comunidad\u201d.<\/p>\n<p>La comunidad entonces empez\u00f3 a pelear por sus derechos pol\u00edticos electorales basados en los usos y costumbres. \u201cLo gan\u00f3 a nivel de tribunal electoral federal. Y este grupo caciquil azot\u00f3 a la comunidad, con represi\u00f3n hasta llegar a la tortura\u201d.<\/p>\n<figure class=\"wp-block-image size-large\"><a class=\"td-modal-image\" href=\"https:\/\/avispa.org\/wp-content\/uploads\/2024\/02\/MujeresPlanton.jpg\"><img loading=\"lazy\" decoding=\"async\" class=\"wp-image-112243\" src=\"https:\/\/avispa.org\/wp-content\/uploads\/2024\/02\/MujeresPlanton-768x1024.jpg\" sizes=\"auto, (max-width: 768px) 100vw, 768px\" srcset=\"https:\/\/avispa.org\/wp-content\/uploads\/2024\/02\/MujeresPlanton-768x1024.jpg 768w, https:\/\/avispa.org\/wp-content\/uploads\/2024\/02\/MujeresPlanton-225x300.jpg 225w, https:\/\/avispa.org\/wp-content\/uploads\/2024\/02\/MujeresPlanton-1152x1536.jpg 1152w, https:\/\/avispa.org\/wp-content\/uploads\/2024\/02\/MujeresPlanton-696x928.jpg 696w, https:\/\/avispa.org\/wp-content\/uploads\/2024\/02\/MujeresPlanton-1068x1424.jpg 1068w, https:\/\/avispa.org\/wp-content\/uploads\/2024\/02\/MujeresPlanton-315x420.jpg 315w, https:\/\/avispa.org\/wp-content\/uploads\/2024\/02\/MujeresPlanton.jpg 1536w\" alt=\"\" width=\"768\" height=\"1024\" \/><\/a><\/figure>\n<p>Hay dos casos documentados antes de 2014 por la fiscal\u00eda y por organizaciones de Derechos Humanos. \u201cPero cuando lleg\u00f3 al poder judicial, el juez dijo que no hab\u00eda torturas, que no hab\u00eda culpables. As\u00ed que este grupo caciquil empez\u00f3 con el pie derecho gozando de total impunidad\u201d.<\/p>\n<p>En el 14 de diciembre de 2014, la tortura transcendi\u00f3 a una balacera contra la asamblea de la comunidad. \u201cSeis compa\u00f1eros resultaron heridos de bala. Sin embargo, la fiscal\u00eda archiv\u00f3 este asunto en 201, volviendo a dejar en total impunidad al grupo neocaciquil\u201d.<\/p>\n<p>En cambio, las acciones de la comunidad en el intento de defenderse contra el ataque armado del 14 de diciembre como, por ejemplo, \u201ccuando decidieron armar una barricada y utilizaron humo para impedir que la balacera continuara, el Estado utiliz\u00f3 estas im\u00e1genes para decir que las 40 personas mataron personas, hicieron destrozos\u201d.<\/p>\n<p>A partir de entonces, las 40 personas empezaron a ser criminalizadas. Los ataques han sido \u201ccon la finalidad de deshacer cualquier intento de oposici\u00f3n a sus pol\u00edticas invasoras y de despojo\u201d.<\/p>\n<h3 id=\"h-agua-que-fluye\" class=\"wp-block-heading has-black-color has-text-color\"><strong>Agua que fluye<\/strong><\/h3>\n<p>La comunidad de Eloxochitl\u00e1n de Flores Mag\u00f3n\u00a0es una tierra donde fluye el agua, donde hay bosque, donde hay arena y grava.<\/p>\n<p>\u201cEs un hecho que lo que hay por detr\u00e1s de eso [la persecuci\u00f3n] es un intento de despojo. Manuel Zepeda Cort\u00e9s [padre de Elisa], desde 2011, fue denunciado por extractivismo. Hasta ahora, sigue con esta pr\u00e1ctica. Habiendo desarticulado nuestra comunidad, manteni\u00e9ndonos en prisi\u00f3n y persecuci\u00f3n, ha tenido toda la libertad, para seguir consumiendo nuestro r\u00edo de manera ilegal, sacando camiones de grava y arena todos los a\u00f1os\u201d, sostiene Betanzos.<\/p>\n<p>\u201cEstas personas que dicen que fueron v\u00edctimas en 2014, que dicen que los intentamos matar, o que los matamos, no son v\u00edctimas. Luego arrebataron el poder municipal, luego se hizo diputada y sigue en el poder\u201d, comparte la abogada refiri\u00e9ndose a Elisa Zepeda.<\/p>\n<h3 id=\"h-prision-preventiva\" class=\"wp-block-heading has-black-color has-text-color\"><strong>Prisi\u00f3n preventiva<\/strong><\/h3>\n<p>Una de las principales herramientas jur\u00eddicas que se ha utilizado en contra de los presos pol\u00edticos de Eloxochitl\u00e1n es la prisi\u00f3n preventiva, es decir una prisi\u00f3n anticipada sin una sentencia condenatoria.<\/p>\n<p>\u201cLos jueces no los pueden condenar. Nunca los van a poder condenar porque no alcanza la fabricaci\u00f3n de delitos para una condena. Por eso les ponen la prisi\u00f3n preventiva. Eso es lo que el estado de Oaxaca est\u00e1 imponiendo\u201d, reclama Betanzos.<\/p>\n<p>El abogado argentino especialista en Derechos Humanos y responsable por la defensa del ex presidente de Per\u00fa, Pedro Castillo, que sufri\u00f3 un golpe de Estado en 2022 y que se encuentra en prisi\u00f3n preventiva, alert\u00f3 en la ma\u00f1ana del domingo (18), durante una conferencia en el plant\u00f3n de las mujeres mazatecas, que la prisi\u00f3n preventiva ha sido utilizada cada vez m\u00e1s en todo la Am\u00e9rica Latina para criminalizar pobres, ind\u00edgenas y luchadores sociales.<\/p>\n<p>La prisi\u00f3n preventiva, explica el abogado, se supone que deber\u00eda ser utilizada en situaciones excepcionales como, por ejemplo, en casos de riesgo de que la persona investigada se escape o de que cambie la prueba. \u201cPero en general hoy se volvi\u00f3 un mecanismo represivo contra la pobreza y l\u00edderes pol\u00edticos\u201d.<\/p>\n<p>La prisi\u00f3n preventiva tendr\u00eda que ser el caso de 2% de las personas que est\u00e1n en la c\u00e1rcel, se\u00f1ala el abogado, pero representa la mitad de los presos. \u201cEso no es una realidad de M\u00e9xico o Argentina, es un problema de toda Am\u00e9rica Latina\u201d.<\/p>\n<p>Adem\u00e1s de violar el principio de inocencia, que est\u00e1 presente en la legislaci\u00f3n de todos los pa\u00edses de Am\u00e9rica Latina, esta herramienta jur\u00eddica ha sido utilizada para generar la inversi\u00f3n de la carga de prueba. \u201cComo ya se presupone que la persona es culpable, la misma persona tiene que demostrar su inocencia estando presa. Y no es lo mismo defenderse estando presa que estando en libertad. (\u2026) Viola el derecho de defensa en juicio\u201d, explica.<\/p>\n<hr class=\"wp-block-separator has-alpha-channel-opacity\" \/>\n<p>Las mujeres mazatecas entregaron ayer a las autoridades oaxaque\u00f1as una\u00a0<a href=\"https:\/\/www.change.org\/p\/fiscalia-goboax-elxomagon-tsjoaxaca-salomonj-ddhpo-ddhpo-fisc-segob-mx-exigimos-la-libertad-inmediata-de-jaime-vidauria-artemio-vidauria-y-ranulfo-vidauria-y-medidas-cautelares-para-la-comunidad-de-eloxochitl%C3%A1n?utm_medium=custom_url&amp;utm_source=share_petition&amp;recruited_by_id=70a9a710-e2e8-11ed-8c47-518d2c1853e4\">petici\u00f3n<\/a>\u00a0con m\u00e1s de 10 mil firmas para que, entre otras demandas, la\u00a0Fiscal\u00eda General del Estado de Oaxaca otorgue Medidas Cautelares Urgentes\u00a0para las familias de los presos y perseguidos pol\u00edticos, as\u00ed como para las familias que luchan por la Libertad y en general para la comunidad de Eloxochitl\u00e1n de Flores Mag\u00f3n, \u201cpues es inminente la consumaci\u00f3n de cualquier da\u00f1o f\u00edsico o psicol\u00f3gico contra ellas en estos momentos\u201d, sostienen en el documento.<\/p>\n<p>Y avisan: \u201cNo vamos a detener las movilizaciones. No vamos a cansar de decir que el gobernador tiene que decidir entre si es sordo, ciego o hip\u00f3crita\u201d, se\u00f1ala Argelia Betanzos.<\/p>\n<\/div>\n<p>[:]<\/p>\n","protected":false},"excerpt":{"rendered":"<p>[:es]Fuente: Avispa Midia Por Renata Bessi En portada: Plant\u00f3n de las mujeres mazatecas en frente al palacio de gobierno de Oaxaca. Fuente: Redes sociales de Presos Pol\u00edticos Eloxochitl\u00e1n de Flores Mag\u00f3n y Observatorio Memoria y Libertad\u00a0 Mujeres del pueblo Mazateco, del estado de Oaxaca, sostuvieron por tres d\u00edas una huelga frente al palacio de gobierno [&hellip;]<\/p>\n","protected":false},"author":21,"featured_media":47587,"comment_status":"open","ping_status":"closed","sticky":false,"template":"","format":"standard","meta":{"footnotes":""},"categories":[957,51,826,958,954,962,935],"tags":[79,58,53,567,147,918,37,545,87,148,27,483],"class_list":["post-47586","post","type-post","status-publish","format-standard","has-post-thumbnail","hentry","category-autonomia","category-autor","category-medios-libres-2","category-megaproyectos","category-mexico","category-presos","category-temas","tag-autonomia","tag-derechos-humanos","tag-justicia","tag-megaproyectos","tag-militarizacion","tag-oaxaca","tag-presos-politicos","tag-pueblos-indigenas","tag-represion","tag-resistencia","tag-solidaridad","tag-tierra-y-territorio"],"_links":{"self":[{"href":"https:\/\/radiozapatista.org\/index.php?rest_route=\/wp\/v2\/posts\/47586","targetHints":{"allow":["GET"]}}],"collection":[{"href":"https:\/\/radiozapatista.org\/index.php?rest_route=\/wp\/v2\/posts"}],"about":[{"href":"https:\/\/radiozapatista.org\/index.php?rest_route=\/wp\/v2\/types\/post"}],"author":[{"embeddable":true,"href":"https:\/\/radiozapatista.org\/index.php?rest_route=\/wp\/v2\/users\/21"}],"replies":[{"embeddable":true,"href":"https:\/\/radiozapatista.org\/index.php?rest_route=%2Fwp%2Fv2%2Fcomments&post=47586"}],"version-history":[{"count":1,"href":"https:\/\/radiozapatista.org\/index.php?rest_route=\/wp\/v2\/posts\/47586\/revisions"}],"predecessor-version":[{"id":47588,"href":"https:\/\/radiozapatista.org\/index.php?rest_route=\/wp\/v2\/posts\/47586\/revisions\/47588"}],"wp:featuredmedia":[{"embeddable":true,"href":"https:\/\/radiozapatista.org\/index.php?rest_route=\/wp\/v2\/media\/47587"}],"wp:attachment":[{"href":"https:\/\/radiozapatista.org\/index.php?rest_route=%2Fwp%2Fv2%2Fmedia&parent=47586"}],"wp:term":[{"taxonomy":"category","embeddable":true,"href":"https:\/\/radiozapatista.org\/index.php?rest_route=%2Fwp%2Fv2%2Fcategories&post=47586"},{"taxonomy":"post_tag","embeddable":true,"href":"https:\/\/radiozapatista.org\/index.php?rest_route=%2Fwp%2Fv2%2Ftags&post=47586"}],"curies":[{"name":"wp","href":"https:\/\/api.w.org\/{rel}","templated":true}]}}