{"id":47577,"date":"2024-02-21T19:31:39","date_gmt":"2024-02-22T01:31:39","guid":{"rendered":"https:\/\/radiozapatista.org\/?p=47577"},"modified":"2024-02-21T19:35:34","modified_gmt":"2024-02-22T01:35:34","slug":"gobierno-niega-conflicto-armado-en-chiapas-mientras-violencia-exacerba-crisis-humanitaria","status":"publish","type":"post","link":"https:\/\/radiozapatista.org\/?p=47577","title":{"rendered":"[:es]Gobierno niega conflicto armado en Chiapas, mientras violencia exacerba crisis humanitaria[:]"},"content":{"rendered":"<p>[:es]Fuente: <a href=\"https:\/\/avispa.org\/gobierno-niega-conflicto-armado-en-chiapas-mientras-violencia-exacerba-crisis-humanitaria\/\">Avispa Midia<\/a><\/p>\n<p>Por Aldo Santiago<\/p>\n<p><em><sup>En portada: El 30 de mayo del 2023 se realiz\u00f3 el Despliegue de Fuerza de Tareas dirigido por la Sedena acompa\u00f1ado por la Guardia Nacional, Polic\u00eda Estatal y Municipal rumbo a la regi\u00f3n frontera entre Chiapas y Guatemala que ha sido azotada por la violencia entre grupos armados.\u00a0Foto: Isabel Mateos\/Cuartoscuro<\/sup><\/em><\/p>\n<p>Violencia y crimen es la realidad en poblaciones de 12 municipios de la regi\u00f3n frontera y sierra de Chiapas, quienes viven atrapadas entre la disputa de distintos grupos armados por el control de territorios y rutas para la circulaci\u00f3n de mercanc\u00edas, servicios, personas y productos, legales e ilegales.<\/p>\n<p>As\u00ed lo compartieron este martes (13) redes de organizaciones de derechos humanos, durante conferencia de prensa para la presentaci\u00f3n del informe \u201cAsedio a la vida cotidiana, terror para el control del territorio y graves violaciones a los Derechos Humanos\u201d, el cual\u00a0da cuenta del conflicto armado que se ha acentuado en los \u00faltimos dos a\u00f1os y medio en el sur de M\u00e9xico, regi\u00f3n lim\u00edtrofe con Guatemala.<\/p>\n<p>S\u00f3lo entre junio del 2021 y noviembre del 2023, se registr\u00f3 el desplazamiento de 7 mil 500 personas, provocado por enfrentamientos de grupos criminales, quienes con armamento de guerra, uso de explosivos y drones artillados, siembran el miedo y terror entre la poblaci\u00f3n.<\/p>\n<figure class=\"wp-block-gallery has-nested-images columns-default is-cropped wp-block-gallery-1 is-layout-flex wp-block-gallery-is-layout-flex\">\n<figure class=\"wp-block-image size-large\"><a class=\"td-modal-image\" href=\"https:\/\/avispa.org\/wp-content\/uploads\/2024\/02\/Desplazados-de-Frontera-Comalapa.jpeg\"><img loading=\"lazy\" decoding=\"async\" class=\"wp-image-111974 td-animation-stack-type0-2\" src=\"https:\/\/avispa.org\/wp-content\/uploads\/2024\/02\/Desplazados-de-Frontera-Comalapa.jpeg\" sizes=\"auto, (max-width: 618px) 100vw, 618px\" srcset=\"https:\/\/avispa.org\/wp-content\/uploads\/2024\/02\/Desplazados-de-Frontera-Comalapa.jpeg 618w, https:\/\/avispa.org\/wp-content\/uploads\/2024\/02\/Desplazados-de-Frontera-Comalapa-300x169.jpeg 300w\" alt=\"\" width=\"618\" height=\"348\" data-id=\"111974\" \/><\/a><\/figure>\n<figure class=\"wp-block-image size-large\"><a class=\"td-modal-image\" href=\"https:\/\/avispa.org\/wp-content\/uploads\/2024\/02\/desplazados-de-frontera-comalapa-jhonatan.jpg\"><img loading=\"lazy\" decoding=\"async\" class=\"wp-image-111975 td-animation-stack-type0-2\" src=\"https:\/\/avispa.org\/wp-content\/uploads\/2024\/02\/desplazados-de-frontera-comalapa-jhonatan.jpg\" sizes=\"auto, (max-width: 618px) 100vw, 618px\" srcset=\"https:\/\/avispa.org\/wp-content\/uploads\/2024\/02\/desplazados-de-frontera-comalapa-jhonatan.jpg 618w, https:\/\/avispa.org\/wp-content\/uploads\/2024\/02\/desplazados-de-frontera-comalapa-jhonatan-300x169.jpg 300w\" alt=\"\" width=\"618\" height=\"348\" data-id=\"111975\" \/><\/a><\/figure><figcaption class=\"blocks-gallery-caption wp-element-caption\"><em><sup>Desplazados de la regi\u00f3n frontera y sierra de Chiapas<\/sup><\/em><\/figcaption><\/figure>\n<p>A este \u00e9xodo, se suma el desplazamiento forzado de otras 3 mil personas, ocurrido en las primeras semanas del 2024, con lo cual la cifra supera los 10,000 habitantes que abandonaron sus hogares para resguardar su vida.<\/p>\n<p class=\"has-vivid-cyan-blue-color has-text-color\"><a href=\"https:\/\/avispa.org\/crisis-de-desplazamiento-en-chiapas-2300-personas-huyen-de-violencia-del-crimen-organizado\/\" target=\"_blank\" rel=\"noreferrer noopener\">Te puede interesar &#8211; Crisis de desplazamiento en Chiapas: 2,300 personas huyen de violencia del crimen organizado<\/a><\/p>\n<p>En contraste, acusan organizaciones de derechos humanos, autoridades de los tres niveles de gobierno han sido omisas en atender a la poblaci\u00f3n desplazada y se niegan a reconocer la crisis provocada por las estructuras criminales que operan en la regi\u00f3n con alcance trasnacional.<\/p>\n<figure class=\"wp-block-image size-full\"><a class=\"td-modal-image\" href=\"https:\/\/avispa.org\/wp-content\/uploads\/2024\/02\/El-Ejercito-de-Guatemala-ha-reforzado-su-presencia-en-la-frontera-con-Mexico.-Foto-Especial.jpeg\"><img loading=\"lazy\" decoding=\"async\" class=\"wp-image-111979 td-animation-stack-type0-2\" src=\"https:\/\/avispa.org\/wp-content\/uploads\/2024\/02\/El-Ejercito-de-Guatemala-ha-reforzado-su-presencia-en-la-frontera-con-Mexico.-Foto-Especial.jpeg\" sizes=\"auto, (max-width: 800px) 100vw, 800px\" srcset=\"https:\/\/avispa.org\/wp-content\/uploads\/2024\/02\/El-Ejercito-de-Guatemala-ha-reforzado-su-presencia-en-la-frontera-con-Mexico.-Foto-Especial.jpeg 800w, https:\/\/avispa.org\/wp-content\/uploads\/2024\/02\/El-Ejercito-de-Guatemala-ha-reforzado-su-presencia-en-la-frontera-con-Mexico.-Foto-Especial-300x225.jpeg 300w, https:\/\/avispa.org\/wp-content\/uploads\/2024\/02\/El-Ejercito-de-Guatemala-ha-reforzado-su-presencia-en-la-frontera-con-Mexico.-Foto-Especial-768x576.jpeg 768w, https:\/\/avispa.org\/wp-content\/uploads\/2024\/02\/El-Ejercito-de-Guatemala-ha-reforzado-su-presencia-en-la-frontera-con-Mexico.-Foto-Especial-696x522.jpeg 696w, https:\/\/avispa.org\/wp-content\/uploads\/2024\/02\/El-Ejercito-de-Guatemala-ha-reforzado-su-presencia-en-la-frontera-con-Mexico.-Foto-Especial-560x420.jpeg 560w, https:\/\/avispa.org\/wp-content\/uploads\/2024\/02\/El-Ejercito-de-Guatemala-ha-reforzado-su-presencia-en-la-frontera-con-Mexico.-Foto-Especial-80x60.jpeg 80w, https:\/\/avispa.org\/wp-content\/uploads\/2024\/02\/El-Ejercito-de-Guatemala-ha-reforzado-su-presencia-en-la-frontera-con-Mexico.-Foto-Especial-265x198.jpeg 265w\" alt=\"\" width=\"800\" height=\"600\" \/><\/a><figcaption class=\"wp-element-caption\"><em><sup>El Ej\u00e9rcito de Guatemala ha reforzado su presencia en la frontera con M\u00e9xico.<\/sup><\/em><\/figcaption><\/figure>\n<p>Apenas el pasado 8 de febrero, el presidente Andr\u00e9s Manuel L\u00f3pez Obrador declar\u00f3 desconocer el n\u00famero exacto de personas desplazadas en el sur de Chiapas y lo calific\u00f3 como \u201cno significativo\u201d, minimizando la gravedad de la situaci\u00f3n.<\/p>\n<p>Pero m\u00e1s all\u00e1 de las estad\u00edsticas, est\u00e1n las afectaciones en la vida comunitaria en los municipios de\u00a0La Trinitaria, Frontera Comalapa, Chicomuselo, Siltepec, Honduras de la Sierra, Motozintla, Mazapa de Madero, El Porvenir, La Grandeza, Bejucal de Ocampo, Amatenango de la Frontera y Bella Vista, donde en conjunto<strong>\u00a0<\/strong>albergan una poblaci\u00f3n de m\u00e1s de 400 mil habitantes.<\/p>\n<h3 id=\"h-macrocriminalidad\" class=\"wp-block-heading has-black-color has-text-color\"><strong>Macrocriminalidad<\/strong><\/h3>\n<p>Desapariciones, secuestros, extorsiones, abuso y explotaci\u00f3n sexual; asesinatos y reclutamiento forzado; vigilancia, cooptaci\u00f3n y represi\u00f3n, son algunas de las\u00a0graves violaciones de los derechos humanos y del derecho internacional que afectan a la poblaci\u00f3n local y a defensores de derechos humanos y del territorio en la regi\u00f3n frontera de Chiapas.<\/p>\n<p>As\u00ed lo registra el informe, elaborado por el Colectivo de Monitoreo &#8211; Frontera Sur, la Mesa de Coordinaci\u00f3n Transfronteriza, Migraciones y G\u00e9nero, Guatemala \u2013 M\u00e9xico (MTMG) y la Red Nacional de Organismos Civiles de Derechos Humanos \u201cTodos los Derechos para Todos, Todas y Todes\u201d (Red TDT).<\/p>\n<p>Acorde a Carlos Ogaz, integrante del Centro de Derechos Humanos Fray Bartolom\u00e9 de las Casas y del Grupo de Trabajo Regi\u00f3n Frontera, el documento, construido con testimonios directos de la poblaci\u00f3n civil, an\u00e1lisis de medios y fuentes secundarias, da cuenta de lo que sucede en lo que constituye una \u201czona silenciada\u201d en medio de la \u201csumisi\u00f3n y aquiescencia de las autoridades de todos los niveles de gobierno\u201d frente a la actuaci\u00f3n de los grupos criminales.<\/p>\n<p>\u201cLas estructuras criminales se han apropiado del coraz\u00f3n de los pueblos y de su vida interna, de las asambleas ejidales y comunitarias, se toman barrios y se les obliga a alinearse\u201d, detalla el informe sobre el control de instituciones sociales por parte de lo que denomina \u201cmacrocriminalidad\u201d<em>,<\/em>\u00a0una forma de gobernanza criminal donde los derechos humanos de todas las personas que habitan la regi\u00f3n fronteriza-sierra son violentados de forma grave, sistem\u00e1tica y generalizada.<\/p>\n<p>Adem\u00e1s, se\u00f1ala que dicho control se consolida por la interacci\u00f3n de funcionarios del gobierno con la delincuencia organizada, \u201cconformando estructuras criminales que intervienen y agravan las tensiones y el conflicto por el control territorial. Tal es el grado de inserci\u00f3n en las estructuras de gobierno que en algunas cabeceras municipales se ha reportado que todo el ayuntamiento est\u00e1 dentro de estructuras delictivas y que est\u00e1n a su servicio\u201d, sostiene el documento.<\/p>\n<figure class=\"wp-block-gallery has-nested-images columns-default is-cropped wp-block-gallery-3 is-layout-flex wp-block-gallery-is-layout-flex\">\n<figure class=\"wp-block-image size-large\"><a class=\"td-modal-image\" href=\"https:\/\/avispa.org\/wp-content\/uploads\/2024\/02\/Frontera-Comalapa-Violencia-Isabel-Mateos.jpeg\"><img loading=\"lazy\" decoding=\"async\" class=\"wp-image-111980 td-animation-stack-type0-2\" src=\"https:\/\/avispa.org\/wp-content\/uploads\/2024\/02\/Frontera-Comalapa-Violencia-Isabel-Mateos.jpeg\" sizes=\"auto, (max-width: 768px) 100vw, 768px\" srcset=\"https:\/\/avispa.org\/wp-content\/uploads\/2024\/02\/Frontera-Comalapa-Violencia-Isabel-Mateos.jpeg 768w, https:\/\/avispa.org\/wp-content\/uploads\/2024\/02\/Frontera-Comalapa-Violencia-Isabel-Mateos-300x187.jpeg 300w, https:\/\/avispa.org\/wp-content\/uploads\/2024\/02\/Frontera-Comalapa-Violencia-Isabel-Mateos-696x434.jpeg 696w, https:\/\/avispa.org\/wp-content\/uploads\/2024\/02\/Frontera-Comalapa-Violencia-Isabel-Mateos-673x420.jpeg 673w\" alt=\"\" width=\"768\" height=\"479\" data-id=\"111980\" \/><\/a><\/figure>\n<figure class=\"wp-block-image size-large\"><a class=\"td-modal-image\" href=\"https:\/\/avispa.org\/wp-content\/uploads\/2024\/02\/Pobladores-fueron-custodiados-por-patrullas-de-la-Guardia-Nacional.-Jhonatan-Gonzalez-https-www.milenio.comestadosdesplazados-de-frontera-comalapa-retornan-a-sus-hogares.jpeg\"><img loading=\"lazy\" decoding=\"async\" class=\"wp-image-111981 td-animation-stack-type0-2\" src=\"https:\/\/avispa.org\/wp-content\/uploads\/2024\/02\/Pobladores-fueron-custodiados-por-patrullas-de-la-Guardia-Nacional.-Jhonatan-Gonzalez-https-www.milenio.comestadosdesplazados-de-frontera-comalapa-retornan-a-sus-hogares.jpeg\" sizes=\"auto, (max-width: 618px) 100vw, 618px\" srcset=\"https:\/\/avispa.org\/wp-content\/uploads\/2024\/02\/Pobladores-fueron-custodiados-por-patrullas-de-la-Guardia-Nacional.-Jhonatan-Gonzalez-https-www.milenio.comestadosdesplazados-de-frontera-comalapa-retornan-a-sus-hogares.jpeg 618w, https:\/\/avispa.org\/wp-content\/uploads\/2024\/02\/Pobladores-fueron-custodiados-por-patrullas-de-la-Guardia-Nacional.-Jhonatan-Gonzalez-https-www.milenio.comestadosdesplazados-de-frontera-comalapa-retornan-a-sus-hogares-300x169.jpeg 300w\" alt=\"\" width=\"618\" height=\"348\" data-id=\"111981\" \/><\/a><\/figure><figcaption class=\"blocks-gallery-caption wp-element-caption\"><em><sup>Rastros de los enfrentamientos entre grupos armados por la disputa territorial de la frontera de Chiapas y Guatemala.<\/sup><\/em><\/figcaption><\/figure>\n<p>Es en este contexto que los grupos criminales cooptan organizaciones de diferentes ramos, tales como transportistas, comerciantes y autoridades ejidales, mediante lo cual obtienen la desmovilizaci\u00f3n de organizaciones sociales, campesinas y de otra \u00edndole al acaparar l\u00edderes mediante amenazas y presiones. \u201cEn todos estos procesos de cooptaci\u00f3n se deciden cuestiones fundamentales como la introducci\u00f3n de la extracci\u00f3n minera contra la voluntad de las asambleas\u201d, ejemplifica el documento en referencia a la miner\u00eda ilegal de barita que,\u00a0<a href=\"https:\/\/avispa.org\/crimen-organizado-toma-control-de-territorio-minero-en-chiapas\/\">como document\u00f3 este medio<\/a>, acontece en Chicomuselo desde mayo del 2023.<\/p>\n<p>El documento asevera que, con estas estrategias, las estructuras criminales controlan todo el territorio donde las comunidades desarrollan su vida social: los caminos, espacios p\u00fablicos e incluso mediante la ocupaci\u00f3n f\u00edsica de las parcelas donde trabajan los campesinos de la regi\u00f3n, limitando la siembra y, por tanto, su acceso a alimentos. \u201cSe trata de un proceso de control territorial que vuelve a las personas ajenas a sus propias tierras\u201d, denuncia.<\/p>\n<h3 id=\"h-chiapas-geoestrategico-para-4t-y-crimen-trasnacional\" class=\"wp-block-heading has-black-color has-text-color\"><strong>Chiapas, geoestrat\u00e9gico para 4T y crimen trasnacional<\/strong><\/h3>\n<p>Por su ubicaci\u00f3n geogr\u00e1fica y recursos naturales estrat\u00e9gicos, Chiapas es un territorio clave para el control e impulso de econom\u00edas legales e ilegales, refiere el an\u00e1lisis. El estado en el sureste mexicano tambi\u00e9n es relevante para la operaci\u00f3n de tres de los megaproyectos de la autodenominada \u201ccuarta transformaci\u00f3n\u201d impulsada por el gobierno federal:\u00a0El tren maya, el corredor interoce\u00e1nico y la refiner\u00eda de Dos Bocas.<\/p>\n<div class=\"wp-block-image\">\n<figure class=\"alignright size-large is-resized\"><a class=\"td-modal-image\" href=\"https:\/\/avispa.org\/wp-content\/uploads\/2024\/02\/Mapa-megaproyectos-y-mineria-Chiapas.jpg\"><img loading=\"lazy\" decoding=\"async\" class=\"wp-image-111970 td-animation-stack-type0-2\" src=\"https:\/\/avispa.org\/wp-content\/uploads\/2024\/02\/Mapa-megaproyectos-y-mineria-Chiapas-619x1024.jpg\" sizes=\"auto, (max-width: 619px) 100vw, 619px\" srcset=\"https:\/\/avispa.org\/wp-content\/uploads\/2024\/02\/Mapa-megaproyectos-y-mineria-Chiapas-619x1024.jpg 619w, https:\/\/avispa.org\/wp-content\/uploads\/2024\/02\/Mapa-megaproyectos-y-mineria-Chiapas-181x300.jpg 181w, https:\/\/avispa.org\/wp-content\/uploads\/2024\/02\/Mapa-megaproyectos-y-mineria-Chiapas-696x1152.jpg 696w, https:\/\/avispa.org\/wp-content\/uploads\/2024\/02\/Mapa-megaproyectos-y-mineria-Chiapas-254x420.jpg 254w, https:\/\/avispa.org\/wp-content\/uploads\/2024\/02\/Mapa-megaproyectos-y-mineria-Chiapas.jpg 707w\" alt=\"\" width=\"619\" height=\"1024\" \/><\/a><figcaption class=\"wp-element-caption\"><em><sup>Mapa de megaproyectos, mineria y rutas de tr\u00e1fico en Chiapas.<\/sup><\/em><\/figcaption><\/figure>\n<\/div>\n<p>A su vez, todo el territorio chiapaneco forma parte de rutas que son utilizadas para la circulaci\u00f3n de todo tipo de mercanc\u00edas. Seg\u00fan el informe, desde 1998 la zona de la selva, en su frontera con Guatemala ha sido considerada por la administraci\u00f3n de los EEUU como corredor clave de estupefacientes. Tambi\u00e9n se\u00f1ala que el propio ej\u00e9rcito mexicano identifica seis rutas de tr\u00e1fico de drogas que conectan a Chiapas con el interior del pa\u00eds y con rumbo a los EEUU.<\/p>\n<p>En medio del conflicto armado, otra actividad econ\u00f3mica fortalecida por los grupos armados es la explotaci\u00f3n de los cuerpos, en particular de personas en movilidad internacional. \u201cMujeres y adolescentes originarias principalmente de Centroam\u00e9rica, pero tambi\u00e9n de otras zonas del pa\u00eds son v\u00edctimas de explotaci\u00f3n sexual en cantinas, prost\u00edbulos y en casas ocupadas por los grupos delincuenciales. A menudo se dan las desapariciones forzadas temporales de estas mujeres con estos fines de agresi\u00f3n y explotaci\u00f3n sexual\u201d, detalla el informe.<\/p>\n<p>Las desapariciones tambi\u00e9n se mantienen a la alza y constituyen delitos con alta dificultad de seguimiento. \u201cEl fen\u00f3meno de la desaparici\u00f3n, por ejemplo, es muy dif\u00edcil de documentar en la regi\u00f3n fronteriza, precisamente tambi\u00e9n debido a la escasez de denuncias (\u2026) tan s\u00f3lo entre diciembre de 2018 y septiembre de 2023, en Chiapas, el Registro Nacional de Personas Desaparecidas y No Localizadas tiene a 812 personas registradas\u201d, detall\u00f3 Sandra Suaste, integrante de la RedTDT durante la presentaci\u00f3n del informe en la Ciudad de M\u00e9xico.<\/p>\n<p class=\"has-vivid-cyan-blue-color has-text-color\"><a href=\"https:\/\/avispa.org\/entre-la-guerra-de-carteles-en-chiapas-rolando-comisariado-ejidal-desaparecio-por-defender-su-pueblo\/\" target=\"_blank\" rel=\"noreferrer noopener\">Te puede interesar \u2013 Entre la guerra de c\u00e1rteles en Chiapas, Rolando, comisariado ejidal, desapareci\u00f3 por defender su pueblo<\/a><\/p>\n<p>La escasez de denuncias, argumenta el informe, se debe a la falta de confianza en las autoridades y el miedo al que est\u00e1 sometida la poblaci\u00f3n.\u00a0Seg\u00fan los registros, del total en Chiapas, solo existen denuncias de 83 desapariciones en la regi\u00f3n frontera-sierra.<\/p>\n<p>\u201cSobresalen personas l\u00edderes de comunidades, comisariados ejidales y voceros de organizaciones, lo que revela que uno de los principales objetivos de la desaparici\u00f3n de personas es acallar las voces de procesos organizativos\u201d, denuncia el informe.<\/p>\n<h3 id=\"h-militarizacion-otro-frente-contra-la-poblacion\" class=\"wp-block-heading has-black-color has-text-color\"><strong>Militarizacion, otro frente contra la poblaci\u00f3n<\/strong><\/h3>\n<p>Para entender la crisis actual, el informe tambi\u00e9n retoma el contexto de militarizaci\u00f3n que ha vivido el estado sure\u00f1o a lo largo de tres d\u00e9cadas, a partir de las acciones de contrainsurgenia desplegadas por el ej\u00e9rcito y paramilitares mediante el Plan de Campa\u00f1a Chiapas 94 como respuesta al levantamiento armado del Ej\u00e9rcito Zapatista de Liberaci\u00f3n Nacional (EZLN).<\/p>\n<p>Seg\u00fan el an\u00e1lisis, las distintas agrupaciones paramilitares,\u00a0que perpetraron graves violaciones a derechos humanos en las regiones de Los Altos, Norte y Selva de Chiapas,\u00a0nunca fueron judicializadas, desarticuladas ni desarmadas, raz\u00f3n por la cual han mantenido poder e influencia regional, \u201cinsert\u00e1ndose y consolid\u00e1ndose en los diferentes niveles de la pol\u00edtica local y comunitaria. Como en los a\u00f1os noventa, estos actores configuran una diversidad de grupos armados que a menudo dif\u00edcilmente se diferencian de la delincuencia organizada o los separa una l\u00ednea muy delgada\u201d, asevera el documento.<\/p>\n<p>Ya en el a\u00f1o 2018, con el arribo de Obrador al poder, arranca un proceso de remilitarizaci\u00f3n el cual incluye a una nueva fuerza armada: la Guardia Nacional (GN), que junto a la\u00a0Secretar\u00eda de la Defensa Nacional (SEDENA) y a la Secretar\u00eda de Marina (SEMAR) suman m\u00e1s de 15,000 elementos castrenses operando en Chiapas.<\/p>\n<figure class=\"wp-block-image size-large\"><a class=\"td-modal-image\" href=\"https:\/\/avispa.org\/wp-content\/uploads\/2024\/02\/Militarizacion-Frontera-Chiapas.jpeg\"><img loading=\"lazy\" decoding=\"async\" class=\"wp-image-111972 td-animation-stack-type0-2\" src=\"https:\/\/avispa.org\/wp-content\/uploads\/2024\/02\/Militarizacion-Frontera-Chiapas-1024x639.jpeg\" sizes=\"auto, (max-width: 1024px) 100vw, 1024px\" srcset=\"https:\/\/avispa.org\/wp-content\/uploads\/2024\/02\/Militarizacion-Frontera-Chiapas-1024x639.jpeg 1024w, https:\/\/avispa.org\/wp-content\/uploads\/2024\/02\/Militarizacion-Frontera-Chiapas-300x187.jpeg 300w, https:\/\/avispa.org\/wp-content\/uploads\/2024\/02\/Militarizacion-Frontera-Chiapas-768x479.jpeg 768w, https:\/\/avispa.org\/wp-content\/uploads\/2024\/02\/Militarizacion-Frontera-Chiapas-1536x959.jpeg 1536w, https:\/\/avispa.org\/wp-content\/uploads\/2024\/02\/Militarizacion-Frontera-Chiapas-696x434.jpeg 696w, https:\/\/avispa.org\/wp-content\/uploads\/2024\/02\/Militarizacion-Frontera-Chiapas-1068x667.jpeg 1068w, https:\/\/avispa.org\/wp-content\/uploads\/2024\/02\/Militarizacion-Frontera-Chiapas-673x420.jpeg 673w, https:\/\/avispa.org\/wp-content\/uploads\/2024\/02\/Militarizacion-Frontera-Chiapas.jpeg 1881w\" alt=\"\" width=\"1024\" height=\"639\" \/><\/a><figcaption class=\"wp-element-caption\"><em><sup>Militares patrullan la regi\u00f3n frontera entre Chiapas y Guatemala, sin que ello se traduzca en la reducci\u00f3n de la criminalidad y los enfrentamientos armados.<\/sup><\/em><\/figcaption><\/figure>\n<p>El estado alberga 71 campamentos militares. Tambi\u00e9n contabiliza la construcci\u00f3n de 10 cuarteles de la GN en los municipios de Villaflores, Tonal\u00e1, Huehuet\u00e1n, Tapachula, Chil\u00f3n, Las Margaritas, Frontera Comalapa, Bochil, Palenque y San Crist\u00f3bal de Las Casas. Su presencia, justifica la administraci\u00f3n federal, es para controlar los flujos migratorios y el narcotr\u00e1fico. No obstante, \u201ceste despliegue no ha tenido un efecto consistente para frenar la escalada de la violencia\u201d, argumenta el informe.<\/p>\n<h3 id=\"h-mineria-ilegal-y-bajo-cobijo-de-autoridades\" class=\"wp-block-heading has-black-color has-text-color\"><strong>Miner\u00eda, ilegal y bajo cobijo de autoridades<\/strong><\/h3>\n<p>Durante el a\u00f1o 2023 se registraron dos picos de violencia en la regi\u00f3n frontera-sierra. Uno de ellos se conoci\u00f3 como \u201cla guerra de los cuatro d\u00edas\u201d, ocurrida en el mes de mayo con el enfrentamiento de grupos criminales en la comunidad de Nueva Independencia, impactando a comunidades vecinas del municipio de Frontera Comalapa. En ese momento se contabiliz\u00f3 el desplazamiento forzado de 3,500 personas.<\/p>\n<p>Para el mes de septiembre, se multiplicaron los eventos violentos en los municipios de Motozintla, Frontera Comalapa, La Grandeza y Siltepec. M\u00e1s de 300 organizaciones denunciaron las t\u00e1cticas de guerra de los grupos criminales. \u201cLa poblaci\u00f3n civil fue tomada como reh\u00e9n, utilizada como escudo, forzada a participar en movilizaciones, bloqueos y enfrentamientos en favor de alguno de los bandos en disputa\u201d, denunciaron defensores de derechos humanos sobre la situaci\u00f3n.<\/p>\n<p>Uno de los elementos econ\u00f3micos, clave en la disputa por el dominio territorial para el control de bienes naturales, se evidencia con lo que aconteci\u00f3 durante esos meses en el municipio de Chicomuselo durante los enfrentamientos del c\u00e1rtel de Sinaloa (CDS) contra el c\u00e1rtel Jalisco Nueva Generaci\u00f3n (CJNG) para controlar un territorio minero. Acorde al informe, en esta zona, \u201cse ejemplifica el funcionamiento del<strong>\u00a0<\/strong>estado de las cosas en la regi\u00f3n frontera de la mano de empresas privadas, delincuencia organizada y gobierno\u201d.<\/p>\n<p class=\"has-vivid-cyan-blue-color has-text-color\"><a href=\"https:\/\/avispa.org\/mientras-carteles-se-enfrentan-paramilitares-continuan-con-el-saqueo-de-bauxita-en-chicomuselo\/\" target=\"_blank\" rel=\"noreferrer noopener\">Te puede interesar &#8211; Mientras c\u00e1rteles se enfrentan, paramilitares contin\u00faan con el saqueo de barita en Chicomuselo<\/a><\/p>\n<p>Seg\u00fan la documentaci\u00f3n, en Chicomuselo existen 12 concesiones mineras vigentes y dos vencidas. Despu\u00e9s de una larga historia de resistencia contra la miner\u00eda, la cual obtuvo una pausa en la extracci\u00f3n de barita a partir de 2009, fue desde octubre del a\u00f1o 2022 cuando \u201cestructuras criminales, en colusi\u00f3n con las empresas y con la aquiescencia de los distintos niveles de gobierno\u201d, reiniciaron las actividades extractivas.<\/p>\n<p>Pese a m\u00faltiples denuncias de habitantes locales, quienes desde enero y febrero del 2023 se\u00f1alaron la entrada de mineros, acompa\u00f1ados del crimen organizado, \u201clas autoridades han argumentado que no existen condiciones de seguridad para poder abordar cualquier indicio de miner\u00eda ilegal\u201d, cita el informe.<\/p>\n<p>Testimonios an\u00f3nimos se\u00f1alan que, desde el a\u00f1o 2022, organizaciones y comisariados pidieron la intervenci\u00f3n de la Secretar\u00eda de Medio Ambiente y Recursos Naturales (Semarnat), as\u00ed como de la Procuradur\u00eda Federal de Protecci\u00f3n al Ambiente (Profepa). \u201cLes visitaron dos veces, y la segunda vez los estaba esperando el Ma\u00edz -en referencia a una facci\u00f3n criminal ligada al CJNG-. Se pusieron violentos y amenazaron a Semarnat\/Profepa y golpearon al chofer en presencia del Ej\u00e9rcito y de la Guardia Nacional y no intervinieron\u201d, relata uno de los testimonios recopilados en el informe.<\/p>\n<figure class=\"wp-block-image size-large\"><a class=\"td-modal-image\" href=\"https:\/\/avispa.org\/wp-content\/uploads\/2024\/02\/Imagen-ilustrativa-de-una-celula-del-Cartel-Jalisco-Nueva-Generacion-CJNG.-FOTO-ESPECIALCUARTOSCURO.COM_.jpeg\"><img loading=\"lazy\" decoding=\"async\" class=\"wp-image-111973 td-animation-stack-type0-2\" src=\"https:\/\/avispa.org\/wp-content\/uploads\/2024\/02\/Imagen-ilustrativa-de-una-celula-del-Cartel-Jalisco-Nueva-Generacion-CJNG.-FOTO-ESPECIALCUARTOSCURO.COM_-1024x683.jpeg\" sizes=\"auto, (max-width: 1024px) 100vw, 1024px\" srcset=\"https:\/\/avispa.org\/wp-content\/uploads\/2024\/02\/Imagen-ilustrativa-de-una-celula-del-Cartel-Jalisco-Nueva-Generacion-CJNG.-FOTO-ESPECIALCUARTOSCURO.COM_-1024x683.jpeg 1024w, https:\/\/avispa.org\/wp-content\/uploads\/2024\/02\/Imagen-ilustrativa-de-una-celula-del-Cartel-Jalisco-Nueva-Generacion-CJNG.-FOTO-ESPECIALCUARTOSCURO.COM_-300x200.jpeg 300w, https:\/\/avispa.org\/wp-content\/uploads\/2024\/02\/Imagen-ilustrativa-de-una-celula-del-Cartel-Jalisco-Nueva-Generacion-CJNG.-FOTO-ESPECIALCUARTOSCURO.COM_-768x512.jpeg 768w, https:\/\/avispa.org\/wp-content\/uploads\/2024\/02\/Imagen-ilustrativa-de-una-celula-del-Cartel-Jalisco-Nueva-Generacion-CJNG.-FOTO-ESPECIALCUARTOSCURO.COM_-696x464.jpeg 696w, https:\/\/avispa.org\/wp-content\/uploads\/2024\/02\/Imagen-ilustrativa-de-una-celula-del-Cartel-Jalisco-Nueva-Generacion-CJNG.-FOTO-ESPECIALCUARTOSCURO.COM_-1068x712.jpeg 1068w, https:\/\/avispa.org\/wp-content\/uploads\/2024\/02\/Imagen-ilustrativa-de-una-celula-del-Cartel-Jalisco-Nueva-Generacion-CJNG.-FOTO-ESPECIALCUARTOSCURO.COM_-630x420.jpeg 630w, https:\/\/avispa.org\/wp-content\/uploads\/2024\/02\/Imagen-ilustrativa-de-una-celula-del-Cartel-Jalisco-Nueva-Generacion-CJNG.-FOTO-ESPECIALCUARTOSCURO.COM_.jpeg 1200w\" alt=\"\" width=\"1024\" height=\"683\" \/><\/a><figcaption class=\"wp-element-caption\"><em><sup>Imagen ilustrativa de una c\u00e9lula del C\u00e1rtel Jalisco Nueva Generaci\u00f3n (CJNG).<\/sup><\/em><\/figcaption><\/figure>\n<p>Acorde a la poblaci\u00f3n de Chicomuselo, los incidentes violentos por parte de la delincuencia organizada han sido falseados y negados por parte de la Profepa. \u201cLa Profepa me escribi\u00f3 por correo electr\u00f3nico \u2018en tal fecha hubo una delegaci\u00f3n de la Profepa, lleg\u00f3 para verificar el predio minero, y resulta que en el camino encontraron a un grupo ejidatario que le manifestaron a la Profepa que estaban de acuerdo con la miner\u00eda\u2019. La Profepa y la Semarnat saben bien que no son ejidatarios, que son grupos del crimen organizado. Pero as\u00ed responden, nosotros somos tan ignorantes que no lo vamos a creer\u2019\u201d, detalla uno de los testimonios sobre el encubrimiento de la actividad criminal por parte de las autoridades ambientales.<\/p>\n<p>Debido a las acusaciones de la poblaci\u00f3n local sobre supuestas colusiones entre las fuerzas de seguridad del Estado y el crimen organizado,\u00a0algunas comunidades tomaron acuerdos para intentar impedir los patrullajes del ej\u00e9rcito y GN.<\/p>\n<p>Las sospechas se acrecentaron cuando, seg\u00fan testimonios, durante los enfrentamientos en mayo del 2023, sujetos armados transitaban con total impunidad frente a las instalaciones militares.\u00a0\u201cEn Chicomuselo est\u00e1 el cuartel del ej\u00e9rcito mexicano m\u00e1s grande en el estado y pues bueno, la contenci\u00f3n no ha sido para los grupos criminales, por el contrario como hemos visto en las \u00faltimas semanas, la contenci\u00f3n, el uso de gases lacrim\u00f3geno,\u00a0<a href=\"https:\/\/avispa.org\/ejercito-genera-tension-en-chiapas-retenes-del-crimen-organizado-permanecen-intactos\/\">la dispersi\u00f3n con armas de grueso calibre ha sido en contra de la poblaci\u00f3n civil<\/a>\u201d, se\u00f1al\u00f3 Ogaz durante la presentaci\u00f3n del informe.<\/p>\n<h3 id=\"h-alertas-ignoradas\" class=\"wp-block-heading has-black-color has-text-color\"><strong>Alertas, ignoradas<\/strong><\/h3>\n<p>Para Santiago Aguirre, director del Centro de Derechos Humanos Agust\u00edn Pro Ju\u00e1rez (Centro Prodh), la situaci\u00f3n actual no emerge del vac\u00edo. Muchas fueron las alertas que durante los \u00faltimos tres a\u00f1os indicaban el incremento de la violencia y la impunidad con que operan los distintos grupos criminales en todo el estado de Chiapas.<\/p>\n<p>Para Aguirre, el trabajo compilado en el informe se suma a los trabajos de la sociedad civil de Chiapas y las propias comunidades, as\u00ed como las distintas comunidades de fe, para denunciar una situaci\u00f3n cr\u00edtica que sigue sin ser atendida.<\/p>\n<figure class=\"wp-block-image size-large\"><a class=\"td-modal-image\" href=\"https:\/\/avispa.org\/wp-content\/uploads\/2024\/02\/conferencia-informe-Asedio-Chiapas.jpeg\"><img loading=\"lazy\" decoding=\"async\" class=\"wp-image-111983 td-animation-stack-type0-2\" src=\"https:\/\/avispa.org\/wp-content\/uploads\/2024\/02\/conferencia-informe-Asedio-Chiapas-1024x682.jpeg\" sizes=\"auto, (max-width: 1024px) 100vw, 1024px\" srcset=\"https:\/\/avispa.org\/wp-content\/uploads\/2024\/02\/conferencia-informe-Asedio-Chiapas-1024x682.jpeg 1024w, https:\/\/avispa.org\/wp-content\/uploads\/2024\/02\/conferencia-informe-Asedio-Chiapas-300x200.jpeg 300w, https:\/\/avispa.org\/wp-content\/uploads\/2024\/02\/conferencia-informe-Asedio-Chiapas-768x512.jpeg 768w, https:\/\/avispa.org\/wp-content\/uploads\/2024\/02\/conferencia-informe-Asedio-Chiapas-1536x1023.jpeg 1536w, https:\/\/avispa.org\/wp-content\/uploads\/2024\/02\/conferencia-informe-Asedio-Chiapas-696x464.jpeg 696w, https:\/\/avispa.org\/wp-content\/uploads\/2024\/02\/conferencia-informe-Asedio-Chiapas-1068x712.jpeg 1068w, https:\/\/avispa.org\/wp-content\/uploads\/2024\/02\/conferencia-informe-Asedio-Chiapas-630x420.jpeg 630w, https:\/\/avispa.org\/wp-content\/uploads\/2024\/02\/conferencia-informe-Asedio-Chiapas.jpeg 1600w\" alt=\"\" width=\"1024\" height=\"682\" \/><\/a><figcaption class=\"wp-element-caption\"><em><sup>Conferencia de prensa para la presentaci\u00f3n del informe \u201cAsedio a la vida cotidiana, terror para el control del territorio y graves violaciones a los Derechos Humanos\u201d, realizada en las instalaciones del Centro Prodh.<\/sup><\/em><\/figcaption><\/figure>\n<p>\u201cNo es normal, contrario a lo que se ha dicho desde la m\u00e1s alta tribuna presidencial. Desde 2021 empezamos a escuchar voces que alertaban sobre que Chiapas se encontraba al borde de la guerra civil. Esas denuncias se acrecentaron en 2022. En 2023, el Centro de Derechos Humanos Fray Bartolom\u00e9 de las Casas alert\u00f3 en su informe \u2018Chiapas un desastre\u2019, que la situaci\u00f3n continuaba deterior\u00e1ndose. En diciembre, tuvimos llamados en\u00e9rgicos de la di\u00f3cesis de San Crist\u00f3bal, y hoy tenemos este informe que nos muestra un panorama desolador y cr\u00edtico, espec\u00edficamente en los 12 municipios que comprenden la regi\u00f3n fronteriza de Chiapas\u201d, sostuvo durante la presentaci\u00f3n del informe.<\/p>\n<p class=\"has-vivid-cyan-blue-color has-text-color\"><a href=\"https:\/\/avispa.org\/los-intentos-de-invisibilizar-la-guerra-en-chiapas\/\" target=\"_blank\" rel=\"noreferrer noopener\">Te puede interesar \u2013 Los intentos de invisibilizar la guerra en Chiapas<\/a><\/p>\n<p>\u201cCon los pronunciamientos de\u00a0<em>\u2018todo normal en Chiapas\u2019 &#8211;<\/em>en referencia a la declaraci\u00f3n del presidente tras un desfile de hombres armados pertenecientes al CJNG en la regi\u00f3n frontera durante septiembre del 2023-,\u00a0Andr\u00e9s Manuel L\u00f3pez Obrador ofrece p\u00fablicamente un discurso de negaci\u00f3n del conflicto que condena a la poblaci\u00f3n a un estado de desprotecci\u00f3n\u201d, enfatiza el documento.<\/p>\n<p>Adem\u00e1s, alertan que durante el per\u00edodo de precampa\u00f1a para las elecciones a nivel local, estatal y federal del a\u00f1o 2024 se ha registrado un aumento de la violencia criminal electoral que ha colocado a Chiapas en el quinto lugar a nivel nacional, seg\u00fan un informe de Data C\u00edvica, lo que podr\u00eda reflejar \u201cuna intenci\u00f3n por parte de la delincuencia organizada en influir en los resultados sobre quienes tienen posibilidades de ser candidatas o candidatos y, eventualmente, ocupar la gubernatura en Chiapas\u201d para las elecciones de este 2024.<\/p>\n<p class=\"has-vivid-cyan-blue-color has-text-color\"><a href=\"https:\/\/grupotrabajofronterachiapas.org.mx\/\"><em>Puedes consultar y descargar el informe completo aqu\u00ed<\/em><\/a><\/p>\n<p>[:]<\/p>\n","protected":false},"excerpt":{"rendered":"<p>[:es]Fuente: Avispa Midia Por Aldo Santiago En portada: El 30 de mayo del 2023 se realiz\u00f3 el Despliegue de Fuerza de Tareas dirigido por la Sedena acompa\u00f1ado por la Guardia Nacional, Polic\u00eda Estatal y Municipal rumbo a la regi\u00f3n frontera entre Chiapas y Guatemala que ha sido azotada por la violencia entre grupos armados.\u00a0Foto: Isabel [&hellip;]<\/p>\n","protected":false},"author":21,"featured_media":47578,"comment_status":"open","ping_status":"closed","sticky":false,"template":"","format":"standard","meta":{"footnotes":""},"categories":[957,51,6,826,958,954,935],"tags":[79,917,58,782,567,147,23,545,87,148,27,483],"class_list":["post-47577","post","type-post","status-publish","format-standard","has-post-thumbnail","hentry","category-autonomia","category-autor","category-chiapas","category-medios-libres-2","category-megaproyectos","category-mexico","category-temas","tag-autonomia","tag-chiapas","tag-derechos-humanos","tag-desplazamiento-forzado","tag-megaproyectos","tag-militarizacion","tag-paramilitares","tag-pueblos-indigenas","tag-represion","tag-resistencia","tag-solidaridad","tag-tierra-y-territorio"],"_links":{"self":[{"href":"https:\/\/radiozapatista.org\/index.php?rest_route=\/wp\/v2\/posts\/47577","targetHints":{"allow":["GET"]}}],"collection":[{"href":"https:\/\/radiozapatista.org\/index.php?rest_route=\/wp\/v2\/posts"}],"about":[{"href":"https:\/\/radiozapatista.org\/index.php?rest_route=\/wp\/v2\/types\/post"}],"author":[{"embeddable":true,"href":"https:\/\/radiozapatista.org\/index.php?rest_route=\/wp\/v2\/users\/21"}],"replies":[{"embeddable":true,"href":"https:\/\/radiozapatista.org\/index.php?rest_route=%2Fwp%2Fv2%2Fcomments&post=47577"}],"version-history":[{"count":1,"href":"https:\/\/radiozapatista.org\/index.php?rest_route=\/wp\/v2\/posts\/47577\/revisions"}],"predecessor-version":[{"id":47579,"href":"https:\/\/radiozapatista.org\/index.php?rest_route=\/wp\/v2\/posts\/47577\/revisions\/47579"}],"wp:featuredmedia":[{"embeddable":true,"href":"https:\/\/radiozapatista.org\/index.php?rest_route=\/wp\/v2\/media\/47578"}],"wp:attachment":[{"href":"https:\/\/radiozapatista.org\/index.php?rest_route=%2Fwp%2Fv2%2Fmedia&parent=47577"}],"wp:term":[{"taxonomy":"category","embeddable":true,"href":"https:\/\/radiozapatista.org\/index.php?rest_route=%2Fwp%2Fv2%2Fcategories&post=47577"},{"taxonomy":"post_tag","embeddable":true,"href":"https:\/\/radiozapatista.org\/index.php?rest_route=%2Fwp%2Fv2%2Ftags&post=47577"}],"curies":[{"name":"wp","href":"https:\/\/api.w.org\/{rel}","templated":true}]}}