{"id":47556,"date":"2024-02-16T15:18:22","date_gmt":"2024-02-16T21:18:22","guid":{"rendered":"https:\/\/radiozapatista.org\/?p=47556"},"modified":"2024-02-16T15:18:22","modified_gmt":"2024-02-16T21:18:22","slug":"mujeres-mazatecas-inician-el-2024-con-jornada-de-lucha-por-la-libertad","status":"publish","type":"post","link":"https:\/\/radiozapatista.org\/?p=47556","title":{"rendered":"[:es] Mujeres mazatecas inician el 2024 con jornada de lucha por la libertad[:]"},"content":{"rendered":"<p>[:es]Fuente: <a href=\"https:\/\/avispa.org\/mujeres-mazatecas-inician-el-2024-con-jornada-de-lucha-por-la-libertad\/\">Avispa Midia<\/a><\/p>\n<div class=\"tdb-block-inner td-fix-index\">\n<p><em><sup>Texto y fotos por Karen Castillo<\/sup><\/em><\/p>\n<p><em><sup>En portada: Actividades realizadas en la faena internacionalista que se celebr\u00f3 en noviembre del 2023, en la Mazateca.<\/sup><\/em><\/p>\n<p>Las Mujeres Mazatecas por la Libertad de los Presos Pol\u00edticos de Eloxochitl\u00e1n llevar\u00e1n a cabo una jornada, en los d\u00edas 18 y 19 de febrero, que consta de dos conferencias magistrales impartidas por los abogados Rafael Zaffaroni y Guido Croxatto, ambos argentinos con amplia experiencia en el \u00e1rea de los derechos humanos y el derecho internacional, y responsables de la defensa del ex presidente de Per\u00fa, Pedro Castillo.<\/p>\n<p>La primera conferencia se llevar\u00e1 a cabo el domingo, 18 de febrero, a las 12 horas, en el Z\u00f3calo del centro de Oaxaca. La segunda conferencia ser\u00e1 el lunes, 19 de febrero, en el Auditorio de la Universidad Aut\u00f3noma Benito Ju\u00e1rez de Oaxaca. Ambas conferencias tienen como objetivo visibilizar c\u00f3mo el Estado utiliza el derecho penal para criminalizar la organizaci\u00f3n comunitaria y la lucha social.<\/p>\n<p>En conferencia de prensa en enero de este a\u00f1o, Argelia Betanzos, hija de Jaime Betanzos, preso pol\u00edtico liberado el 28 de septiembre del 2023, por cambio de medida cautelar, denunci\u00f3:\u00a0\u201cOaxaca es un Estado fallido en el caso de los presos pol\u00edticos de Eloxochitl\u00e1n, y frente a las mujeres ind\u00edgenas que buscamos justicia por la persecuci\u00f3n pol\u00edtica y prisi\u00f3n pol\u00edtica injusta.\u201d<\/p>\n<p>De acuerdo con las mujeres mazatecas, el caso de los presos de Eloxochitl\u00e1n se remonta al 2011 cuando la Asamblea Comunitaria, organizada por usos y costumbres, comenz\u00f3 a ser atacada por otro grupo de la comunidad con intereses partidistas, conformado por Elisa Zepeda Lagunas quien es la parte acusadora en el caso y la actual Secretaria de las Mujeres del Estado de Oaxaca.<\/p>\n<p>El punto m\u00e1s \u00e1lgido de las agresiones en contra de la Asamblea Comunitaria se suscit\u00f3 el 14 de diciembre del 2014 cuando un grupo de personas armadas, que seg\u00fan pobladores y la defensa de los ind\u00edgenas actu\u00f3 bajo el mando de la familia Zepeda, atac\u00f3 a la Asamblea Comunitaria. De ah\u00ed comenz\u00f3 la persecuci\u00f3n pol\u00edtica en contra de las familias que integraban la Asamblea. Para el 2016 hab\u00eda 40 familias con familiares con \u00f3rdenes de aprehensi\u00f3n o encarcelados.<\/p>\n<p>En estos nueve a\u00f1os, varios ind\u00edgenas mazatecos han logrado ganar su libertad al demostrar la fabricaci\u00f3n de delitos. En el caso de los perseguidos pol\u00edticos, han logrado obtener amparos contra las ordenes de aprehensi\u00f3n en su contra.<\/p>\n<p>Sin embargo, a\u00fan hay cuatro ind\u00edgenas mazatecos presos: Marcelino Miram\u00f3n, Alfredo Bola\u00f1os, Francisco Dur\u00e1n y Fernando Gavito. Adem\u00e1s, hay alrededor de 12 hombres y sus familias desplazadas por la amenaza de las ordenes de aprehensi\u00f3n. En el mismo caso se encuentra Miguel Peralta, expreso pol\u00edtico a qui\u00e9n se le\u00a0<a href=\"https:\/\/avispa.org\/sed-de-venganza-de-una-diputada-contra-un-ex-preso-politico\/\">revoc\u00f3<\/a>\u00a0su sentencia de libertad en 2023.<\/p>\n<p>De acuerdo con Argelia Betanzos, el Tribunal Superior de Oaxaca, el Gobierno de Oaxaca, el Juzgado de Huatula y el Ministerio P\u00fablico de Huautla siguen favoreciendo al grupo de Elisa Zepeda Lagunas lo cual ha\u00a0<a href=\"https:\/\/avispa.org\/orden-judicial-amenaza-libertad-de-ex-preso-politico-mazateco\/\">alargado<\/a>\u00a0este proceso por ya casi una d\u00e9cada.<\/p>\n<figure class=\"wp-block-image size-large\"><a class=\"td-modal-image\" href=\"https:\/\/avispa.org\/wp-content\/uploads\/2024\/02\/Faena-internacionalista-Mujeres-Mazatecas-1.jpg\"><img loading=\"lazy\" decoding=\"async\" class=\"wp-image-112005 td-animation-stack-type0-2\" src=\"https:\/\/avispa.org\/wp-content\/uploads\/2024\/02\/Faena-internacionalista-Mujeres-Mazatecas-1-1024x583.jpg\" sizes=\"auto, (max-width: 1024px) 100vw, 1024px\" srcset=\"https:\/\/avispa.org\/wp-content\/uploads\/2024\/02\/Faena-internacionalista-Mujeres-Mazatecas-1-1024x583.jpg 1024w, https:\/\/avispa.org\/wp-content\/uploads\/2024\/02\/Faena-internacionalista-Mujeres-Mazatecas-1-300x171.jpg 300w, https:\/\/avispa.org\/wp-content\/uploads\/2024\/02\/Faena-internacionalista-Mujeres-Mazatecas-1-768x437.jpg 768w, https:\/\/avispa.org\/wp-content\/uploads\/2024\/02\/Faena-internacionalista-Mujeres-Mazatecas-1-696x396.jpg 696w, https:\/\/avispa.org\/wp-content\/uploads\/2024\/02\/Faena-internacionalista-Mujeres-Mazatecas-1-1068x608.jpg 1068w, https:\/\/avispa.org\/wp-content\/uploads\/2024\/02\/Faena-internacionalista-Mujeres-Mazatecas-1-737x420.jpg 737w, https:\/\/avispa.org\/wp-content\/uploads\/2024\/02\/Faena-internacionalista-Mujeres-Mazatecas-1.jpg 1280w\" alt=\"\" width=\"1024\" height=\"583\" \/><\/a><figcaption class=\"wp-element-caption\"><em><sup>Actividades realizadas en la faena internacionalista que se celebr\u00f3 en noviembre del 2023, en la Mazateca. Foto: Karen Castillo.<\/sup><\/em><\/figcaption><\/figure>\n<p>En la conferencia de prensa, las Mujeres Mazatecas tambi\u00e9n anunciaron que, este a\u00f1o, elevar\u00e1n sus demandas hasta la Suprema Corte de Justicia de la Naci\u00f3n con el fin de que la instituci\u00f3n vigile que el sistema judicial de Oaxaca acate los amparos federales que demuestran la inocencia de todos los presos y perseguidos.<\/p>\n<h3 id=\"h-nueve-anos-de-prision-politica-nbsp\" class=\"wp-block-heading has-black-color has-text-color\"><strong>Nueve a\u00f1os de prisi\u00f3n pol\u00edtica\u00a0<\/strong><\/h3>\n<p>En diciembre del 2023, Alfredo Bola\u00f1os y Fernando Gavito cumplieron nueve a\u00f1os en prisi\u00f3n sin sentencia. Ambos fueron detenidos de forma arbitraria el 14 de diciembre del 2014 y acusados por tentativa de homicidio y homicidio. Alfredo Bola\u00f1os hab\u00eda sido elegido por usos y costumbres como Presidente Municipal de Eloxochitl\u00e1n. Franciso Dur\u00e1n ha permanecido 5 a\u00f1os en prisi\u00f3n sin sentencia, fue detenido en 2018, acusado de tentativa de homicidio y por homicidio.<\/p>\n<p>En septiembre del 2023, el Juez de Huautla neg\u00f3 a los 3 hombres la solicitud de cambio de la medida cautelar para poder continuar con el proceso en libertad,\u00a0un acto violatorio a la Constituci\u00f3n Pol\u00edtica Mexicana, la cual establece que la prisi\u00f3n preventiva no puede ser extendida por m\u00e1s de dos a\u00f1os.<\/p>\n<p>Como los testimonios de Elvira Bola\u00f1os, hermana del preso pol\u00edtico Alfredo Bola\u00f1os y el mismo Alfredo, quien particip\u00f3 en la conferencia de prensa por medio de una llamada telef\u00f3nica, exponen: el cambio de medida cautelar a Alfredo y los dem\u00e1s compa\u00f1eros no puede ser denegada ya que no hay argumento legal que justifique el encarcelamiento y los presos han comprobado una y otra vez su inocencia.<\/p>\n<p>\u201cLas instituciones de Oaxaca han pisoteado nuestros derechos, han participado en este encarcelamiento, quiero decirle a la Suprema Corte de Justicia de la Naci\u00f3n que revise los casos, porque no es posible que el Estado mexicano nos trate de la forma en que nos trata\u201d, dijo Alfredo Bola\u00f1os.<\/p>\n<h3 id=\"h-el-caso-de-marcelino-miramon\" class=\"wp-block-heading has-black-color has-text-color\"><strong>El caso de Marcelino Miram\u00f3n<\/strong><\/h3>\n<p>Presente en la conferencia de prensa estuvo Alejandra Garc\u00eda, esposa del preso pol\u00edtico Marcelino Miram\u00f3n, quien fue detenido el 22 de mayo de forma arbitraria acusado por da\u00f1os.<\/p>\n<p>El Juzgado de Huautla y la Fiscal\u00eda de Oaxaca detuvieron a Marcelino Miram\u00f3n pese a que, en el caso de Fernando Gaspar, otro de los integrantes de la Asamblea Comunitaria encarcelado, se hab\u00eda comprobado que el delito de da\u00f1os no fue denunciado por la Fiscal\u00eda en el tiempo correspondiente, por lo cual el delito ya prescribi\u00f3. Gaspar se encuentra en libertad.<\/p>\n<p>Despu\u00e9s de meses de movilizaci\u00f3n por familiares y la comunidad de Eloxochitl\u00e1n, Marcelino Miram\u00f3n gan\u00f3 un amparo a nivel federal que determina como ilegal su detenci\u00f3n. Ahora, Marcelino espera dentro de prisi\u00f3n a que el recurso de revisi\u00f3n interpuesto por la familia de Elisa Zepeda sea resuelto y por ende se compruebe, una vez m\u00e1s, que no hay delito que perseguir, obteniendo despu\u00e9s de m\u00e1s de 7 meses su libertad.<\/p>\n<p>Como Alejandra Garc\u00eda dio a conocer, sumamente afligida, sus hijos han tenido que abandonar la escuela para poder mantener a la familia de 10 hijos e hijas y luchar por la libertad de su padre.<\/p>\n<p>\u201cSoy una madre de familia con 10 hijos y apenas puedo mantenerlo, mi hijo de 16 a\u00f1os es el que ha tenido que ayudarme para todo, como por ejemplo juntar el dinero para poder venir a esta conferencia, tengo 25 a\u00f1os viviendo con mi esposo, y nunca hab\u00eda tenido necesidad de salir a la ciudad, y desde que lo detuvieron ahora tengo que ir hasta el reclusorio a verlo\u201d, sostuvo Alejandra Garc\u00eda.<\/p>\n<h3 id=\"h-familias-desplazas-de-eloxochitlan\" class=\"wp-block-heading has-black-color has-text-color\"><strong>Familias desplazas de Eloxochitl\u00e1n<\/strong><\/h3>\n<p>En la conferencia de prensa estuvieron tambi\u00e9n mujeres familiares de algunos de los hombres perseguidos pol\u00edticos desde el 2014 y que actualmente se encuentran en desplazamiento.<\/p>\n<p>Presente estuvo, Marisol Fern\u00e1ndez, esposa de Jacob Betanzos, ella relat\u00f3 que, en 2014, tuvieron que huir sin pertenencias y, desde entonces, su familia no ha podido regresar a sus tierras originarias. Marisol relat\u00f3 lo dif\u00edcil que ha sido el desplazamiento de su familia y permanecer alejados de su comunidad<\/p>\n<p>\u201cMis hijos tuvieron que dejar su escuela, la m\u00e1s peque\u00f1a ten\u00eda 6 a\u00f1os, otros 8 a\u00f1os, y el m\u00e1s grande 11 a\u00f1os; no es f\u00e1cil vivir estos 9 a\u00f1os con el temor de que a mi esposo lo vean y lo encarcelen tambi\u00e9n\u201d, se\u00f1al\u00f3 Marisol Fern\u00e1ndez.<\/p>\n<p>Las mujeres mazatecas denunciaron que en Eloxochitl\u00e1n hay un proceso de etnocidio por el cual se ha obliga a la comunidad a abandonar su forma de vida tradicional y originaria a trav\u00e9s de la prisi\u00f3n y persecuci\u00f3n pol\u00edtica.<\/p>\n<p>Las afectaciones del desplazamiento forzado han sido ampliamente documentadas por organismos como la ONU, el obligar a pueblos originarios a abandonar su territorio es obligarlos a abandonar su forma de vida, organizaci\u00f3n, cosmovisi\u00f3n y por ende atentar contra el derecho a su existencia.<\/p>\n<p>El ciclo de conferencias magistrales, adem\u00e1s de presentarse en Oaxaca, recorrer\u00e1 el Estado de M\u00e9xico y Ciudad de M\u00e9xico. Esta jornada es tambi\u00e9n organizada por la Coordinadora Internacional de Solidaridad y por la Libertad de los Presos Pol\u00edticos Revolucionarios del Mundo-Base M\u00e9xico.<\/p>\n<\/div>\n<p>[:]<\/p>\n","protected":false},"excerpt":{"rendered":"<p>[:es]Fuente: Avispa Midia Texto y fotos por Karen Castillo En portada: Actividades realizadas en la faena internacionalista que se celebr\u00f3 en noviembre del 2023, en la Mazateca. Las Mujeres Mazatecas por la Libertad de los Presos Pol\u00edticos de Eloxochitl\u00e1n llevar\u00e1n a cabo una jornada, en los d\u00edas 18 y 19 de febrero, que consta de [&hellip;]<\/p>\n","protected":false},"author":21,"featured_media":47557,"comment_status":"open","ping_status":"closed","sticky":false,"template":"","format":"standard","meta":{"footnotes":""},"categories":[957,51,826,958,954,961,962,935],"tags":[79,58,53,567,147,918,23,37,545,87,148,27,483],"class_list":["post-47556","post","type-post","status-publish","format-standard","has-post-thumbnail","hentry","category-autonomia","category-autor","category-medios-libres-2","category-megaproyectos","category-mexico","category-mujeres","category-presos","category-temas","tag-autonomia","tag-derechos-humanos","tag-justicia","tag-megaproyectos","tag-militarizacion","tag-oaxaca","tag-paramilitares","tag-presos-politicos","tag-pueblos-indigenas","tag-represion","tag-resistencia","tag-solidaridad","tag-tierra-y-territorio"],"_links":{"self":[{"href":"https:\/\/radiozapatista.org\/index.php?rest_route=\/wp\/v2\/posts\/47556","targetHints":{"allow":["GET"]}}],"collection":[{"href":"https:\/\/radiozapatista.org\/index.php?rest_route=\/wp\/v2\/posts"}],"about":[{"href":"https:\/\/radiozapatista.org\/index.php?rest_route=\/wp\/v2\/types\/post"}],"author":[{"embeddable":true,"href":"https:\/\/radiozapatista.org\/index.php?rest_route=\/wp\/v2\/users\/21"}],"replies":[{"embeddable":true,"href":"https:\/\/radiozapatista.org\/index.php?rest_route=%2Fwp%2Fv2%2Fcomments&post=47556"}],"version-history":[{"count":1,"href":"https:\/\/radiozapatista.org\/index.php?rest_route=\/wp\/v2\/posts\/47556\/revisions"}],"predecessor-version":[{"id":47558,"href":"https:\/\/radiozapatista.org\/index.php?rest_route=\/wp\/v2\/posts\/47556\/revisions\/47558"}],"wp:featuredmedia":[{"embeddable":true,"href":"https:\/\/radiozapatista.org\/index.php?rest_route=\/wp\/v2\/media\/47557"}],"wp:attachment":[{"href":"https:\/\/radiozapatista.org\/index.php?rest_route=%2Fwp%2Fv2%2Fmedia&parent=47556"}],"wp:term":[{"taxonomy":"category","embeddable":true,"href":"https:\/\/radiozapatista.org\/index.php?rest_route=%2Fwp%2Fv2%2Fcategories&post=47556"},{"taxonomy":"post_tag","embeddable":true,"href":"https:\/\/radiozapatista.org\/index.php?rest_route=%2Fwp%2Fv2%2Ftags&post=47556"}],"curies":[{"name":"wp","href":"https:\/\/api.w.org\/{rel}","templated":true}]}}