{"id":47553,"date":"2024-02-15T12:13:24","date_gmt":"2024-02-15T18:13:24","guid":{"rendered":"https:\/\/radiozapatista.org\/?p=47553"},"modified":"2024-02-15T12:13:24","modified_gmt":"2024-02-15T18:13:24","slug":"interviene-marina-para-detener-a-jubilados-que-protestan-en-el-tren-interoceanico","status":"publish","type":"post","link":"https:\/\/radiozapatista.org\/?p=47553","title":{"rendered":"[:es]Interviene Marina para detener a jubilados que protestan en el Tren Interoce\u00e1nico[:]"},"content":{"rendered":"<p>[:es]Fuente: <a href=\"https:\/\/avispa.org\/interviene-marina-para-detener-a-jubilados-que-protestan-en-el-tren-interoceanico\/\">Avispa Midia<\/a><\/p>\n<p>Por Sare Frabes<\/p>\n<div class=\"td_block_wrap tdb_single_content tdi_92 td-pb-border-top td_block_template_1 td-post-content tagdiv-type\" data-td-block-uid=\"tdi_92\">\n<div class=\"tdb-block-inner td-fix-index\">\n<p class=\"has-text-align-right\"><sup>Foto: P\u00e1gina 3<\/sup><\/p>\n<p>Este mi\u00e9rcoles 14 de febrero, miembros del Frente Ferrocarrilero de Reconstrucci\u00f3n Sindical (FERRO) iniciaron manifestaciones en varias partes del territorio mexicano. Bloquearon las v\u00edas del tren del Corredor Interoce\u00e1nico del Istmo de Tehuantepec, en Mat\u00edas Romero, Oaxaca, donde intervino la Marina. Reportan que dos de sus dirigentes fueron detenidos.<\/p>\n<p>Las diversas acciones han sido en torno a las exigencias de una mesa de di\u00e1logo con la Secretar\u00eda de Gobernaci\u00f3n, Luisa Mar\u00eda Alcalde, para tratar el aumento de sus pensiones, ya que argumentan que lo que reciben actualmente es insuficiente para cubrir sus necesidades b\u00e1sicas.<\/p>\n<figure class=\"wp-block-image size-full\"><a class=\"td-modal-image\" href=\"https:\/\/avispa.org\/wp-content\/uploads\/2024\/02\/GGURxknbwAAGn-9.jpeg\"><img loading=\"lazy\" decoding=\"async\" class=\"wp-image-111963\" src=\"https:\/\/avispa.org\/wp-content\/uploads\/2024\/02\/GGURxknbwAAGn-9.jpeg\" sizes=\"auto, (max-width: 717px) 100vw, 717px\" srcset=\"https:\/\/avispa.org\/wp-content\/uploads\/2024\/02\/GGURxknbwAAGn-9.jpeg 717w, https:\/\/avispa.org\/wp-content\/uploads\/2024\/02\/GGURxknbwAAGn-9-211x300.jpeg 211w, https:\/\/avispa.org\/wp-content\/uploads\/2024\/02\/GGURxknbwAAGn-9-696x989.jpeg 696w, https:\/\/avispa.org\/wp-content\/uploads\/2024\/02\/GGURxknbwAAGn-9-296x420.jpeg 296w\" alt=\"\" width=\"717\" height=\"1019\" \/><\/a><\/figure>\n<p>Los jubilados, personas de la tercera edad en su mayor\u00eda, se\u00f1alan que han sostenido 18 mesas de negociaci\u00f3n sin resultados satisfactorios. Las protestas se suscitaron simult\u00e1neamente en la Ciudad de M\u00e9xico, donde bloqueando calles cercanas a Palacio Nacional, en Ciudad Ju\u00e1rez, Chihuahua y tambi\u00e9n en \u00e1reas del Tren Maya en Campeche, as\u00ed como las v\u00edas del tren Interoce\u00e1nico en Mat\u00edas Romero.<\/p>\n<p>La intervenci\u00f3n de elementos de la Marina, la polic\u00eda estatal y municipal permiti\u00f3 que el flujo en las v\u00edas del Tren Interoce\u00e1nico volviera a la normalidad. Mientras tanto, se desconoce la situaci\u00f3n legal de los dos l\u00edderes ferrocarrileros detenidos durante el desalojo en Mat\u00edas Romero, Oaxaca.<\/p>\n<p>Jos\u00e9 Luis God\u00ednez, fue aprendido mientras reclamaba su libre derecho a manifestarse y por solicitar un di\u00e1logo directo con la nueva secretaria de gobernaci\u00f3n.<\/p>\n<p>Las fuerzas armadas y los cuerpos de seguridad estatal ya suman un listado de acciones de represi\u00f3n contra diversas protestas en torno al tren y al Corredor Interoce\u00e1nico en su conjunto.<\/p>\n<p>Ver tambi\u00e9n: <a href=\"https:\/\/avispa.org\/comunidad-zapoteca-exige-revocacion-de-sentencia-por-46-anos-contra-opositor-al-corredor-interoceanico\/\">Comunidad zapoteca exige revocaci\u00f3n de sentencia por 46 a\u00f1os contra opositor al Corredor Interoc\u00e9anico<\/a><\/p>\n<p>Recientemente, el ind\u00edgena zapoteca David Hern\u00e1ndez, quien resiste al lado de su comunidad a la imposici\u00f3n de un parque industrial en Puente Madera, fue condenado a 46 a\u00f1os de prisi\u00f3n. El activista es acusado, entre otros delitos, de \u201cobstrucci\u00f3n a las v\u00edas federales de comunicaci\u00f3n\u201d.<\/p>\n<p>Tambi\u00e9n est\u00e1n en prisi\u00f3n nueve activistas de Mixtequilla, Oaxaca, quienes se oponen a la imposici\u00f3n de otro parque industrial en su comunidad que forma parte del Corredor Interoce\u00e1nico.<\/p>\n<figure class=\"wp-block-image size-large\"><a class=\"td-modal-image\" href=\"https:\/\/avispa.org\/wp-content\/uploads\/2024\/02\/GGURxi7a4AAvu2G.jpeg\"><img loading=\"lazy\" decoding=\"async\" class=\"wp-image-111962\" src=\"https:\/\/avispa.org\/wp-content\/uploads\/2024\/02\/GGURxi7a4AAvu2G-1024x682.jpeg\" sizes=\"auto, (max-width: 1024px) 100vw, 1024px\" srcset=\"https:\/\/avispa.org\/wp-content\/uploads\/2024\/02\/GGURxi7a4AAvu2G-1024x682.jpeg 1024w, https:\/\/avispa.org\/wp-content\/uploads\/2024\/02\/GGURxi7a4AAvu2G-300x200.jpeg 300w, https:\/\/avispa.org\/wp-content\/uploads\/2024\/02\/GGURxi7a4AAvu2G-768x512.jpeg 768w, https:\/\/avispa.org\/wp-content\/uploads\/2024\/02\/GGURxi7a4AAvu2G-696x464.jpeg 696w, https:\/\/avispa.org\/wp-content\/uploads\/2024\/02\/GGURxi7a4AAvu2G-1068x712.jpeg 1068w, https:\/\/avispa.org\/wp-content\/uploads\/2024\/02\/GGURxi7a4AAvu2G-630x420.jpeg 630w, https:\/\/avispa.org\/wp-content\/uploads\/2024\/02\/GGURxi7a4AAvu2G.jpeg 1280w\" alt=\"\" width=\"1024\" height=\"682\" \/><\/a><\/figure>\n<\/div>\n<\/div>\n<div class=\"td_block_wrap tdb_single_tags tdi_95 td-pb-border-top td_block_template_1\" data-td-block-uid=\"tdi_95\">\n<div class=\"tdb-block-inner td-fix-index\"><\/div>\n<\/div>\n<p>[:]<\/p>\n","protected":false},"excerpt":{"rendered":"<p>[:es]Fuente: Avispa Midia Por Sare Frabes Foto: P\u00e1gina 3 Este mi\u00e9rcoles 14 de febrero, miembros del Frente Ferrocarrilero de Reconstrucci\u00f3n Sindical (FERRO) iniciaron manifestaciones en varias partes del territorio mexicano. Bloquearon las v\u00edas del tren del Corredor Interoce\u00e1nico del Istmo de Tehuantepec, en Mat\u00edas Romero, Oaxaca, donde intervino la Marina. Reportan que dos de sus [&hellip;]<\/p>\n","protected":false},"author":21,"featured_media":47554,"comment_status":"open","ping_status":"closed","sticky":false,"template":"","format":"standard","meta":{"footnotes":""},"categories":[957,51,826,958,954,935],"tags":[79,58,53,567,147,918,545,87,148,27,483],"class_list":["post-47553","post","type-post","status-publish","format-standard","has-post-thumbnail","hentry","category-autonomia","category-autor","category-medios-libres-2","category-megaproyectos","category-mexico","category-temas","tag-autonomia","tag-derechos-humanos","tag-justicia","tag-megaproyectos","tag-militarizacion","tag-oaxaca","tag-pueblos-indigenas","tag-represion","tag-resistencia","tag-solidaridad","tag-tierra-y-territorio"],"_links":{"self":[{"href":"https:\/\/radiozapatista.org\/index.php?rest_route=\/wp\/v2\/posts\/47553","targetHints":{"allow":["GET"]}}],"collection":[{"href":"https:\/\/radiozapatista.org\/index.php?rest_route=\/wp\/v2\/posts"}],"about":[{"href":"https:\/\/radiozapatista.org\/index.php?rest_route=\/wp\/v2\/types\/post"}],"author":[{"embeddable":true,"href":"https:\/\/radiozapatista.org\/index.php?rest_route=\/wp\/v2\/users\/21"}],"replies":[{"embeddable":true,"href":"https:\/\/radiozapatista.org\/index.php?rest_route=%2Fwp%2Fv2%2Fcomments&post=47553"}],"version-history":[{"count":1,"href":"https:\/\/radiozapatista.org\/index.php?rest_route=\/wp\/v2\/posts\/47553\/revisions"}],"predecessor-version":[{"id":47555,"href":"https:\/\/radiozapatista.org\/index.php?rest_route=\/wp\/v2\/posts\/47553\/revisions\/47555"}],"wp:featuredmedia":[{"embeddable":true,"href":"https:\/\/radiozapatista.org\/index.php?rest_route=\/wp\/v2\/media\/47554"}],"wp:attachment":[{"href":"https:\/\/radiozapatista.org\/index.php?rest_route=%2Fwp%2Fv2%2Fmedia&parent=47553"}],"wp:term":[{"taxonomy":"category","embeddable":true,"href":"https:\/\/radiozapatista.org\/index.php?rest_route=%2Fwp%2Fv2%2Fcategories&post=47553"},{"taxonomy":"post_tag","embeddable":true,"href":"https:\/\/radiozapatista.org\/index.php?rest_route=%2Fwp%2Fv2%2Ftags&post=47553"}],"curies":[{"name":"wp","href":"https:\/\/api.w.org\/{rel}","templated":true}]}}