{"id":47544,"date":"2024-02-13T14:56:19","date_gmt":"2024-02-13T20:56:19","guid":{"rendered":"https:\/\/radiozapatista.org\/?p=47544"},"modified":"2024-02-13T14:56:45","modified_gmt":"2024-02-13T20:56:45","slug":"informe-de-organizaciones-de-la-sociedad-civil-en-chiapas-sobre-la-violencia-en-la-region-frontera","status":"publish","type":"post","link":"https:\/\/radiozapatista.org\/?p=47544","title":{"rendered":"[:es]Informe de organizaciones de la sociedad civil en Chiapas sobre la violencia en la regi\u00f3n frontera[:]"},"content":{"rendered":"<p>[:es]<\/p>\n<div class=\"node__content clearfix\">\n<div class=\"field field--name-body field--type-text-with-summary field--label-hidden field__item\">\n<div id=\"blockbulider-a8dnp\" class=\"block-builder-main\">\n<div class=\"gavias-blockbuilder-content\">\n<div class=\"gbb-row-wrapper\">\n<div class=\" gbb-row bg-size-cover\">\n<div class=\"bb-inner remove_padding_top\">\n<div class=\"bb-container container-fw\">\n<div class=\"row\">\n<div class=\"row-wrapper clearfix\">\n<div class=\"gsc-column col-lg-12 col-md-12 col-sm-12 col-xs-12\">\n<div class=\"column-inner bg-size-cover\">\n<div class=\"column-content-inner\">\n<div class=\"widget gsc-image text-center \">\n<div class=\"widget-content\"><\/div>\n<\/div>\n<\/div>\n<\/div>\n<\/div>\n<\/div>\n<\/div>\n<\/div>\n<\/div>\n<\/div>\n<\/div>\n<div class=\"gbb-row-wrapper\">\n<div class=\" gbb-row bg-size-cover\">\n<div class=\"bb-inner remove_padding_top\">\n<div class=\"bb-container container\">\n<div class=\"row\">\n<div class=\"row-wrapper clearfix\">\n<div class=\"gsc-column col-lg-12 col-md-12 col-sm-12 col-xs-12\">\n<div class=\"column-inner bg-size-cover\">\n<div class=\"column-content-inner\">\n<div class=\"widget gsc-call-to-action button-bottom-center text-dark\">\n<div class=\"content-inner clearfix\">\n<div class=\"content\">\n<p><span class=\"subtitle\"><b>Informe de organizaciones de la sociedad civil en Chiapas sobre la violencia en la regi\u00f3n frontera.<\/b><\/span><\/p>\n<h3 class=\"title\">\u00a0<a class=\"btn-theme btn btn-md\" href=\"https:\/\/grupotrabajofronterachiapas.org.mx\/sites\/default\/files\/adjuntos\/INFORME%20FRONTERA%20CHIAPAS_WEB_Alta.pdf\">Descarga el informe aqu\u00ed <\/a><\/h3>\n<\/div>\n<\/div>\n<\/div>\n<div class=\"widget clearfix gsc-divider default-shadow\"><\/div>\n<div class=\"column-content \">\n<p class=\"text-align-justify\">La frontera de Chiapas con Guatemala se encuentra desde aproximadamente 2021 atravesada por un conflicto armado no reconocido basado en la disputa territorial de estructuras de la delincuencia organizada por el control de mercanc\u00edas, servicios, personas, productos legales e ilegales, as\u00ed como de la propia vida de la poblaci\u00f3n local. Esta zona, conocida como regi\u00f3n frontera, comprende los municipios de La Trinitaria, Frontera Comalapa, Chicomuselo, Siltepec, Escuintla, Motozintla, Mazapa de Madero, El Porvenir, La Grandeza, Bejucal de Ocampo, Amatenango de la Frontera y Bella Vista.<\/p>\n<p>Por su ubicaci\u00f3n geogr\u00e1fica y recursos naturales estrat\u00e9gicos, Chiapas es un territorio clave para el control e impulso de econom\u00edas legales e ilegales. Cabe resaltar que la regi\u00f3n, cuya poblaci\u00f3n es ampliamente ind\u00edgena, es hist\u00f3ricamente abandonada por el Estado. La zona fronteriza, epicentro de la crisis de violencia actual, alberga a poblaci\u00f3n ind\u00edgena del pueblo Mam, poblaci\u00f3n mestiza, as\u00ed como comunidades Jacaltecas, Q\u2019anjoba\u2019les, Akatecas y Quich\u00e9s, algunas de ellas descendientes del exilio guatemalteco de los a\u00f1os 80.<\/p>\n<\/div>\n<div class=\"widget gsc-image text-center \">\n<div class=\"widget-content\"><img decoding=\"async\" src=\"https:\/\/grupotrabajofronterachiapas.org.mx\/sites\/default\/files\/gbb-uploads\/IMG_0595-tjon61.JPG\" alt=\"\" \/><\/div>\n<\/div>\n<div class=\"column-content text-align-justify\">El punto de inflexi\u00f3n que destapa la disputa entre grupos criminales en el estado son los hechos ocurridos el 7 de julio de 2021. Ese d\u00eda fue asesinado Gilberto Rivera, \u201cEl Junior\u201d, hijo del operador de uno de los grupos de la delincuencia organizada que manten\u00eda el control en el estado, y cuyo homicidio fue reivindicado por el grupo criminal antag\u00f3nico.El a\u00f1o 2023 ha tenido varios picos importantes de violencia. Destaca la violencia ocurrida en el mes de mayo, cuando se enfrentaron grupos de la delincuencia organizada en la comunidad de Nueva Independencia, conocida tambi\u00e9n como Lajer\u00edo, impactando a comunidades vecinas, todas del municipio de Frontera Comalapa. Esto provoc\u00f3 que alrededor de 3,500 personas se desplazaran de manera forzada de sus comunidades, poniendo en riesgo su vida, seguridad e integridad personal.<\/p>\n<\/div>\n<\/div>\n<\/div>\n<\/div>\n<\/div>\n<\/div>\n<\/div>\n<\/div>\n<\/div>\n<\/div>\n<div class=\"gbb-row-wrapper\">\n<div class=\" gbb-row bg-size-cover gsc-equal-height\">\n<div class=\"bb-inner remove_padding\">\n<div class=\"bb-container container-fw\">\n<div class=\"row\">\n<div class=\"row-wrapper clearfix\">\n<div class=\"gsc-column col-lg-5 col-md-5 col-sm-12 col-xs-12 hidden-sm hidden-xs\">\n<div class=\"column-inner bg-size-cover\">\n<div class=\"column-content-inner\">\n<div class=\"widget gsc-image \">\n<div class=\"widget-content\"><img decoding=\"async\" src=\"https:\/\/grupotrabajofronterachiapas.org.mx\/sites\/default\/files\/gbb-uploads\/IMG_0593-j6a8sn.png\" alt=\"\" \/><\/div>\n<\/div>\n<\/div>\n<\/div>\n<\/div>\n<div class=\"gsc-column col-lg-7 col-md-7 col-sm-12 col-xs-12 hidden-sm hidden-xs\">\n<div class=\"column-inner bg-size-cover\">\n<div class=\"column-content-inner\">\n<div class=\"column-content \">\n<div class=\"ajusteleft\">A lo largo del a\u00f1o y hasta la fecha, la poblaci\u00f3n civil ha sido tomada como reh\u00e9n, utilizada como escudo, forzada a participar en movilizaciones, bloqueos y enfrentamientos en favor de alguno de los bandos en disputa. Se cortaron suministros b\u00e1sicos, como alimentos, gasolina, gas, luz el\u00e9ctrica o servicio de compa\u00f1\u00edas telef\u00f3nicas, manteniendo a la poblaci\u00f3n en vilo y zozobra, incomunicada, bajo escasez de alimentos e incluso con la imposibilidad de desplazarse. Adem\u00e1s, resulta de gran preocupaci\u00f3n el fen\u00f3meno de la desaparici\u00f3n. Es dif\u00edcil documentar en la regi\u00f3n fronteriza debido a la escasez de denuncias que deriva tanto de la falta de confianza en las autoridades como del miedo al que est\u00e1 sometida la poblaci\u00f3n. Sin embargo, incluso las cifras oficiales revelan un alza.De acuerdo a la documentaci\u00f3n que sirve de fundamento al presente informe, los grupos criminales desarrollan varias estrategias para conseguir el control del territorio. Se documentaron enfrentamientos generalizados y recurrentes, vigilancia permanente, ocupaci\u00f3n f\u00edsica de parcelas privadas que incluso vuelve a las personas ajenas a sus propias tierras; entre otras. De igual manera, los grupos se abocan al control de la poblaci\u00f3n : a trav\u00e9s de acciones que buscan fomentar la aceptaci\u00f3n social, con estrategias de persuasi\u00f3n, pero tambi\u00e9n con violencia por ejemplo el reclutamiento forzado.<\/p>\n<\/div>\n<\/div>\n<\/div>\n<\/div>\n<\/div>\n<div class=\"gsc-column col-lg-12 col-md-12 col-sm-12 col-xs-12\">\n<div class=\"column-inner bg-size-cover\">\n<div class=\"column-content-inner\">\n<div class=\"widget clearfix gsc-divider default-shadow\"><\/div>\n<\/div>\n<\/div>\n<\/div>\n<\/div>\n<\/div>\n<\/div>\n<\/div>\n<\/div>\n<\/div>\n<div class=\"gbb-row-wrapper\">\n<div class=\" gbb-row bg-size-cover gsc-equal-height\">\n<div class=\"bb-inner remove_padding\">\n<div class=\"bb-container container\">\n<div class=\"row\">\n<div class=\"row-wrapper clearfix\"><\/div>\n<\/div>\n<\/div>\n<\/div>\n<\/div>\n<\/div>\n<div class=\"gbb-row-wrapper\">\n<div class=\" gbb-row bg-size-cover\">\n<div class=\"bb-inner default\">\n<div class=\"bb-container container\">\n<div class=\"row\">\n<div class=\"row-wrapper clearfix\">\n<div class=\"gsc-column col-lg-12 col-md-12 col-sm-12 col-xs-12\">\n<div class=\"column-inner bg-size-cover\">\n<div class=\"column-content-inner\">\n<div class=\"column-content \">\n<p>La \u201ceconom\u00eda del conflicto\u201d que se ha instalado en la zona incluye el despojo de la poblaci\u00f3n, el aumento de las extorsiones, el cierre de negocios, la explotaci\u00f3n sexual de ni\u00f1as y mujeres; con impactos econ\u00f3micos, sociales y psicol\u00f3gicos importantes. De manera general, las personas que viven en la zona ven su vida cotidiana afectadas en casi todos sus aspectos, sin que siempre sea f\u00e1cil identificar los motivos de los grupos presentes.<\/p>\n<p>A nivel institucional, aparece que la delincuencia organizada se ha insertado en los servicios de salud, recolecci\u00f3n de basura, unidades administrativas de gobierno, abastecimiento de alimentos, educaci\u00f3n en los distintos niveles, entre otras. El control de estas instituciones es no obstante ambivalente, y seg\u00fan el grupo y el estado del conflicto en la zona puede pasar de cooptaci\u00f3n y financiaci\u00f3n a casos donde las instituciones deban permanecer cerradas o abiertas a pesar de que haya enfrentamientos.<\/p>\n<\/div>\n<\/div>\n<\/div>\n<\/div>\n<\/div>\n<\/div>\n<\/div>\n<\/div>\n<div class=\"gva-parallax-inner skrollable bg-size-cover skrollable-after\" data-bottom-top=\"top: -50%;\" data-top-bottom=\"top: 0%;\"><\/div>\n<\/div>\n<\/div>\n<div class=\"gbb-row-wrapper\">\n<div class=\" gbb-row gva-parallax-background bg-size-cover\">\n<div class=\"bb-inner default\">\n<div class=\"bb-container container\">\n<div class=\"row\">\n<div class=\"row-wrapper clearfix\">\n<div class=\"gsc-column col-lg-12 col-md-12 col-sm-12 col-xs-12\">\n<div class=\"column-inner bg-size-cover\">\n<div class=\"column-content-inner\">\n<div class=\"widget gsc-call-to-action button-right text-light\">\n<div class=\"content-inner clearfix\">\n<div class=\"content\">\n<p><span class=\"subtitle\">Informe de organizaciones de la sociedad civil sobre la violencia en la regi\u00f3n frontera de Chiapas<\/span><\/p>\n<h3 class=\"title\">Asedio a la vida cotidiana, terror para el control del territorio y graves violaciones a los derechos humanos.<\/h3>\n<\/div>\n<div class=\"button-action\"><a class=\"btn-theme btn btn-md\" href=\"https:\/\/grupotrabajofronterachiapas.org.mx\/sites\/default\/files\/adjuntos\/INFORME%20FRONTERA%20CHIAPAS_WEB_Alta.pdf\" target=\"_blank\" rel=\"noopener\"> Descarga aqu\u00ed <\/a><\/div>\n<\/div>\n<\/div>\n<\/div>\n<\/div>\n<\/div>\n<\/div>\n<\/div>\n<\/div>\n<\/div>\n<div class=\"gva-parallax-inner skrollable bg-size-cover skrollable-after\" data-bottom-top=\"top: -50%;\" data-top-bottom=\"top: 0%;\"><\/div>\n<\/div>\n<\/div>\n<div class=\"gbb-row-wrapper\">\n<div class=\" gbb-row bg-size-cover gsc-equal-height\">\n<div class=\"bb-inner remove_padding\">\n<div class=\"bb-container container-fw\">\n<div class=\"row\">\n<div class=\"row-wrapper clearfix\">\n<div class=\"gsc-column col-lg-12 col-md-12 col-sm-12 col-xs-12\">\n<div class=\"column-inner bg-size-cover\">\n<div class=\"column-content-inner\">\n<div class=\"widget clearfix gsc-divider default-shadow\"><\/div>\n<\/div>\n<\/div>\n<\/div>\n<\/div>\n<\/div>\n<\/div>\n<\/div>\n<\/div>\n<\/div>\n<div class=\"gbb-row-wrapper\">\n<div class=\" gbb-row bg-size-cover gsc-equal-height\">\n<div class=\"bb-inner remove_padding\">\n<div class=\"bb-container container-fw\">\n<div class=\"row\">\n<div class=\"row-wrapper clearfix\">\n<div class=\"gsc-column col-lg-4 col-md-4 col-sm-12 col-xs-12 hidden-sm hidden-xs\">\n<div class=\"column-inner bg-size-cover\">\n<div class=\"column-content-inner\">\n<div class=\"widget gsc-image \">\n<div class=\"widget-content\"><img decoding=\"async\" src=\"https:\/\/grupotrabajofronterachiapas.org.mx\/sites\/default\/files\/gbb-uploads\/D917C465-0A8E-4D79-AE82-0AC81D96E387-m8ftw4.png\" alt=\"\" \/><\/div>\n<\/div>\n<\/div>\n<\/div>\n<\/div>\n<div class=\"gsc-column col-lg-8 col-md-8 col-sm-12 col-xs-12 hidden-sm hidden-xs\">\n<div class=\"column-inner bg-size-cover\">\n<div class=\"column-content-inner\">\n<div class=\"column-content \">\n<p>Las consecuencias del terror, del control de los cuerpos, mentes y territorios son terribles para la poblaci\u00f3n. Miles de personas se han visto obligados a desplazarse, sin que sea posible documentar con precisi\u00f3n cuantas y con que destino. Sin embargo, podemos afirmar que la combinaci\u00f3n de las violencias f\u00edsicas, econ\u00f3micas, psicol\u00f3gicas y sexuales han arrojado al desplazamiento forzado interno a al menos 7,500 personas en la regi\u00f3n entre el mes de junio del a\u00f1o 2021 y noviembre del 2023. En algunas comunidades se habla del 15% de su poblaci\u00f3n total desplazada de manera forzada. Estas formas de control y de infiltraci\u00f3n tambi\u00e9n debilitan y fragmentan a las organizaciones sociales y campesinas, destruyendo y manipulando las din\u00e1micas de toma de decisiones y de sanciones internas y, en \u00faltima instancia, erosionando el sentido profundo de la vida comunitaria.<\/p>\n<p>Las pr\u00e1cticas de los grupos de la delincuencia organizada en la regi\u00f3n frontera de Chiapas producen una situaci\u00f3n generalizada de violaciones graves de derechos humanos cuyas implicaciones atentan contra el sentido m\u00e1s b\u00e1sico de protecci\u00f3n humanitaria. La evaluaci\u00f3n de estos impactos puede ser problem\u00e1tica a primera vista en la medida en que no son agentes estatales quienes est\u00e1n violentando directamente los derechos humanos. A su vez, de momento no hay un reconocimiento oficial de la existencia de un conflicto armado interno (o Conflicto Armado no Internacional) en la zona. Sin embargo, s\u00ed existen grupos armados con la capacidad para generar graves impactos a la vida, la dignidad y la integridad personal de todos sus habitantes, quienes no forman parte del conflicto y cuya protecci\u00f3n s\u00ed es responsabilidad del Estado.<\/p>\n<p>Ante este panorama, las formas de intervenci\u00f3n estatal han sido ante todo de omisi\u00f3n, aquiescencia y en algunos casos de colaboraci\u00f3n. Ante la indefensi\u00f3n generalizada derivada de la disputa territorial entre los grupos de la delincuencia organizada, la poblaci\u00f3n en repetidas ocasiones ha reclamado la urgente intervenci\u00f3n del Ej\u00e9rcito Mexicano y de la Guardia Nacional. En contraste, ha sido a su vez la inacci\u00f3n y connivencia por parte de los elementos de las fuerzas de seguridad del estado lo que ha llevado a que haya demandas por parte de la poblaci\u00f3n civil exigiendo su retirada de ciertos lugares.<\/p>\n<\/div>\n<p>De hecho, en toda la regi\u00f3n fronteriza asolada por el conflicto armado, la delincuencia organizada interact\u00faa con funcionarios del gobierno conformando estructuras criminales que intervienen y agravan las tensiones y el conflicto por el control territorial. Tal es el grado de inserci\u00f3n en las estructuras de gobierno que en algunas cabeceras municipales se ha reportado que \u201ctodo el ayuntamiento est\u00e1 dentro de estructuras delictivas y que est\u00e1n a su servicio\u201d.<\/p>\n<\/div>\n<\/div>\n<\/div>\n<\/div>\n<\/div>\n<\/div>\n<\/div>\n<\/div>\n<\/div>\n<\/div>\n<\/div>\n<div class=\"gbb-row-wrapper\">\n<div class=\" gbb-row bg-size-cover gsc-equal-height\">\n<div class=\"bb-inner remove_padding\">\n<div class=\"bb-container container\">\n<div class=\"row\">\n<div class=\"row-wrapper clearfix\"><\/div>\n<\/div>\n<\/div>\n<\/div>\n<\/div>\n<\/div>\n<\/div>\n<div class=\"gbb-row-wrapper\">\n<div class=\" gbb-row bg-size-cover\">\n<div class=\"bb-inner default\">\n<div class=\"bb-container container\">\n<div class=\"row\">\n<div class=\"row-wrapper clearfix\">\n<div class=\"gsc-column col-lg-4 col-md-4 col-sm-12 col-xs-12\">\n<div class=\"column-inner bg-size-cover\">\n<div class=\"column-content-inner\"><\/div>\n<\/div>\n<\/div>\n<div class=\"gsc-column col-lg-4 col-md-4 col-sm-12 col-xs-12\">\n<div class=\"column-inner bg-size-cover\">\n<div class=\"column-content-inner\">\n<div class=\"widget gsc-image text-center \">\n<div class=\"widget-content\"><img decoding=\"async\" src=\"https:\/\/grupotrabajofronterachiapas.org.mx\/sites\/default\/files\/gbb-uploads\/mapas_01-0sqspg.gif\" alt=\"\" \/><\/div>\n<\/div>\n<\/div>\n<\/div>\n<\/div>\n<div class=\"gsc-column col-lg-4 col-md-4 col-sm-12 col-xs-12\">\n<div class=\"column-inner bg-size-cover\">\n<div class=\"column-content-inner\"><\/div>\n<\/div>\n<\/div>\n<\/div>\n<\/div>\n<\/div>\n<\/div>\n<\/div>\n<\/div>\n<\/div>\n<p>[:]<\/p>\n","protected":false},"excerpt":{"rendered":"<p>[:es] Informe de organizaciones de la sociedad civil en Chiapas sobre la violencia en la regi\u00f3n frontera. \u00a0Descarga el informe aqu\u00ed La frontera de Chiapas con Guatemala se encuentra desde aproximadamente 2021 atravesada por un conflicto armado no reconocido basado en la disputa territorial de estructuras de la delincuencia organizada por el control de mercanc\u00edas, [&hellip;]<\/p>\n","protected":false},"author":21,"featured_media":47546,"comment_status":"open","ping_status":"closed","sticky":false,"template":"","format":"standard","meta":{"footnotes":""},"categories":[51,6,826,958,954,959,961,935],"tags":[917,58,782,53,1305,567,30,147,41,23,545,87,148,27,483],"class_list":["post-47544","post","type-post","status-publish","format-standard","has-post-thumbnail","hentry","category-autor","category-chiapas","category-medios-libres-2","category-megaproyectos","category-mexico","category-migracion","category-mujeres","category-temas","tag-chiapas","tag-derechos-humanos","tag-desplazamiento-forzado","tag-justicia","tag-latinoamerica","tag-megaproyectos","tag-migracion","tag-militarizacion","tag-mujeres","tag-paramilitares","tag-pueblos-indigenas","tag-represion","tag-resistencia","tag-solidaridad","tag-tierra-y-territorio"],"_links":{"self":[{"href":"https:\/\/radiozapatista.org\/index.php?rest_route=\/wp\/v2\/posts\/47544","targetHints":{"allow":["GET"]}}],"collection":[{"href":"https:\/\/radiozapatista.org\/index.php?rest_route=\/wp\/v2\/posts"}],"about":[{"href":"https:\/\/radiozapatista.org\/index.php?rest_route=\/wp\/v2\/types\/post"}],"author":[{"embeddable":true,"href":"https:\/\/radiozapatista.org\/index.php?rest_route=\/wp\/v2\/users\/21"}],"replies":[{"embeddable":true,"href":"https:\/\/radiozapatista.org\/index.php?rest_route=%2Fwp%2Fv2%2Fcomments&post=47544"}],"version-history":[{"count":3,"href":"https:\/\/radiozapatista.org\/index.php?rest_route=\/wp\/v2\/posts\/47544\/revisions"}],"predecessor-version":[{"id":47548,"href":"https:\/\/radiozapatista.org\/index.php?rest_route=\/wp\/v2\/posts\/47544\/revisions\/47548"}],"wp:featuredmedia":[{"embeddable":true,"href":"https:\/\/radiozapatista.org\/index.php?rest_route=\/wp\/v2\/media\/47546"}],"wp:attachment":[{"href":"https:\/\/radiozapatista.org\/index.php?rest_route=%2Fwp%2Fv2%2Fmedia&parent=47544"}],"wp:term":[{"taxonomy":"category","embeddable":true,"href":"https:\/\/radiozapatista.org\/index.php?rest_route=%2Fwp%2Fv2%2Fcategories&post=47544"},{"taxonomy":"post_tag","embeddable":true,"href":"https:\/\/radiozapatista.org\/index.php?rest_route=%2Fwp%2Fv2%2Ftags&post=47544"}],"curies":[{"name":"wp","href":"https:\/\/api.w.org\/{rel}","templated":true}]}}