{"id":47531,"date":"2024-02-09T14:33:59","date_gmt":"2024-02-09T20:33:59","guid":{"rendered":"https:\/\/radiozapatista.org\/?p=47531"},"modified":"2024-02-09T14:33:59","modified_gmt":"2024-02-09T20:33:59","slug":"exigimos-revocacion-de-la-sentencia-contra-david-hernandez-salazar","status":"publish","type":"post","link":"https:\/\/radiozapatista.org\/?p=47531","title":{"rendered":"[:es]Exigimos revocaci\u00f3n de la sentencia contra David Hern\u00e1ndez Salazar[:]"},"content":{"rendered":"<p>[:es]<\/p>\n<div class=\"post-content-container\">\n<div class=\"post-content entry-content cf\">\n<p>Repudiamos en\u00e9rgicamente la sentencia dictada en contra de David Hern\u00e1ndez Salazar, en la que pretenden privarlo de su libertad con 46 a\u00f1os y 6 meses de prisi\u00f3n, una multa de $182,818 (ciento ochenta y dos mil ochocientos dieciocho pesos) y un pago por reparaci\u00f3n de da\u00f1os por la cantidad de $1,100,015 (un mill\u00f3n cien mil quince pesos), estas sanciones, son un claro ejemplo de criminalizaci\u00f3n y persecuci\u00f3n por su labor como Defensor del Territorio, los Derechos Humanos y de los Pueblos Ind\u00edgenas.<\/p>\n<p>El d\u00eda de ayer, 7 de febrero, despu\u00e9s que el Ministerio P\u00fablico de Tehuantepec presentar\u00e1 su dictamen de delitos y sanciones, el Juez de Distrito encargado de dictar sentencia, ignoraron por completo la informaci\u00f3n arrojada durante los d\u00edas de debate que demuestra la inocencia de David, como son los peritajes presentados como parte de la defensa y las contradicciones de los testigos de la parte demandante. En este sentido, decidieron incriminarlo de delitos fundamentados en falsas acusaciones y declaraciones inconsistentes. Esto es un claro ejemplo de la corrupci\u00f3n y colusi\u00f3n de las Autoridades del Poder Judicial con grupos pol\u00edticos y empresariales de la regi\u00f3n vinculados al crimen organizado, a quienes les estorban las personas defensoras del territorio y pretenden callarlas con prisi\u00f3n, desapareciendo o asesin\u00e1ndolas.<\/p>\n<p>Recordar que David Hern\u00e1ndez Salazar ha sido criminalizado desde el a\u00f1o 2017 en su lucha por la defensa de las Tierras de Uso Com\u00fan del Pitayal. En ese momento, contra la imposici\u00f3n de la subestaci\u00f3n el\u00e9ctrica del Ej\u00e9rcito Mexicano, detenido ilegalmente y golpeado por polic\u00eda municipal, continuando por una serie de campa\u00f1as de difamaci\u00f3n a su persona y amenazas a su integridad f\u00edsica y psicol\u00f3gica.<\/p>\n<p>Nuevamente, en el a\u00f1o 2021, por su representaci\u00f3n como Agente Comunitario de Puente Madera e integrante de la Coordinaci\u00f3n General de la APIIDTT, ha sido judicializado y perseguido por: el Municipio de San Blas Atempa, el Gobierno del Estado de Oaxaca, el Corredor Interoce\u00e1nico, la Secretar\u00eda de Comunicaciones y Transporte, el Registro Agrario Nacional, la SEDENA, la Marina y la Guardia Nacional. Enfrentando una primera demanda federal en 2021 (Carpeta judicial 269\/2021) en la que no fue vinculado a proceso.<\/p>\n<p>En un segundo momento, a inicios de 2022, da comienzo la Causa Penal 446\/2022, haciendo efecto el 16 de enero de 2023 con su detenci\u00f3n ilegal y abriendo la carpeta de investigaci\u00f3n la cual es motivo del presente escrito; por \u00faltimo, en octubre de 2023 se le notifica de una nueva demanda federal, cuya audiencia inicial dar\u00e1 el pr\u00f3ximo 21 de febrero. En estos 3 procesos, el principal promotor ha sido en todo momento el Municipio de San Blas Atempa, obedeciendo al ex Administrador del Estado de Oaxaca y actual Candidato al Senado de la Rep\u00fablica, Antonino Morales Toledo.<\/p>\n<p>Esta condena no es absoluta y no se ejecuta de manera inmediata, tenemos amparos contra las \u00f3rdenes de aprehensi\u00f3n de David y las 17 personas de Puente Madera incriminadas (Causa Penal 446\/2022), continuaremos trabajando en la defensa legal, interponiendo los recursos necesarios y acudiendo a las instancias competentes que puedan darle la revisi\u00f3n a esta sentencia injusta y absurda.<\/p>\n<p>Con mucha rabia y coraje, ratificamos que nuestra lucha va a continuar por la defensa de las tierras de uso com\u00fan del PITAYAL que da vida a nuestra comunidad e historia como pueblo binniz\u00e1. Llevamos a\u00f1os defendiendo lo com\u00fan, lo nuestro, lo colectivo y lo seguiremos haciendo, defendiendo la vida con la vida misma de ser necesario.<\/p>\n<p>Antes esta situaci\u00f3n como ASAMBLEA COMUNITARIA DE PUENTE MADERA y Asamblea de los Pueblos Ind\u00edgenas del Istmo en Defensa de la Tierra y el Territorio, hacemos un llamado a:<\/p>\n<ul>\n<li aria-level=\"1\">Emitir pronunciamientos exigiendo la revocaci\u00f3n de esta sentencia en contra de David Hern\u00e1ndez Salazar y el desistimiento de la Causa Penal 446\/2022 donde existen las \u00f3rdenes de aprehensi\u00f3n en contra de 17 habitantes de la localidad de Puente Madera.<\/li>\n<\/ul>\n<ul>\n<li aria-level=\"1\">Acciones en solidaridad, a los modos y formas de cada individualidad, colectividad y organizaci\u00f3n, con la digna resistencia de Puente Madera en contra del Parque Industrial y el megaproyecto Corredor Interoce\u00e1nico del Istmo de Tehuantepec.<\/li>\n<\/ul>\n<ul>\n<li aria-level=\"1\">Apoyar solidariamente de forma econ\u00f3mica para solventar los gastos que est\u00e1 representando la defensa legal de estas demandas.<\/li>\n<\/ul>\n<p>Por \u00faltimo, queremos aprovechar este comunicado, para dar la primera llamada e invitaci\u00f3n a la celebraci\u00f3n por los tres a\u00f1os de resistencia en defensa del monte El Pitayal, a realizarse del 14 al 17 de marzo de 2024, en la comunidad en rebeld\u00eda de Puente Madera, San Blas Atempa, Oaxaca.<\/p>\n<p>Desde la Barricada en El Pitayal<\/p>\n<p>REITERAMOS QUE<\/p>\n<p>\u00a1DEFENDER EL PITAYAL ES DEFENDER EL COM\u00daN, ES DEFENDER LA VIDA!<\/p>\n<p>\u00a1SI TOCAN A UNX NOS TOCAN A TODXS!<\/p>\n<p>ASAMBLEA COMUNITARIA DE PUENTE MADERA<\/p>\n<p>Asamblea de los Pueblos Ind\u00edgenas del Istmo en Defensa de la Tierra y el Territorio \u2013 APIIDTT<\/p>\n<\/div>\n<\/div>\n<p>[:]<\/p>\n","protected":false},"excerpt":{"rendered":"<p>[:es] Repudiamos en\u00e9rgicamente la sentencia dictada en contra de David Hern\u00e1ndez Salazar, en la que pretenden privarlo de su libertad con 46 a\u00f1os y 6 meses de prisi\u00f3n, una multa de $182,818 (ciento ochenta y dos mil ochocientos dieciocho pesos) y un pago por reparaci\u00f3n de da\u00f1os por la cantidad de $1,100,015 (un mill\u00f3n cien [&hellip;]<\/p>\n","protected":false},"author":21,"featured_media":47532,"comment_status":"open","ping_status":"closed","sticky":false,"template":"","format":"standard","meta":{"footnotes":""},"categories":[957,51,826,958,954,962,935],"tags":[79,58,53,567,147,918,23,37,545,87,148,27,483],"class_list":["post-47531","post","type-post","status-publish","format-standard","has-post-thumbnail","hentry","category-autonomia","category-autor","category-medios-libres-2","category-megaproyectos","category-mexico","category-presos","category-temas","tag-autonomia","tag-derechos-humanos","tag-justicia","tag-megaproyectos","tag-militarizacion","tag-oaxaca","tag-paramilitares","tag-presos-politicos","tag-pueblos-indigenas","tag-represion","tag-resistencia","tag-solidaridad","tag-tierra-y-territorio"],"_links":{"self":[{"href":"https:\/\/radiozapatista.org\/index.php?rest_route=\/wp\/v2\/posts\/47531","targetHints":{"allow":["GET"]}}],"collection":[{"href":"https:\/\/radiozapatista.org\/index.php?rest_route=\/wp\/v2\/posts"}],"about":[{"href":"https:\/\/radiozapatista.org\/index.php?rest_route=\/wp\/v2\/types\/post"}],"author":[{"embeddable":true,"href":"https:\/\/radiozapatista.org\/index.php?rest_route=\/wp\/v2\/users\/21"}],"replies":[{"embeddable":true,"href":"https:\/\/radiozapatista.org\/index.php?rest_route=%2Fwp%2Fv2%2Fcomments&post=47531"}],"version-history":[{"count":1,"href":"https:\/\/radiozapatista.org\/index.php?rest_route=\/wp\/v2\/posts\/47531\/revisions"}],"predecessor-version":[{"id":47533,"href":"https:\/\/radiozapatista.org\/index.php?rest_route=\/wp\/v2\/posts\/47531\/revisions\/47533"}],"wp:featuredmedia":[{"embeddable":true,"href":"https:\/\/radiozapatista.org\/index.php?rest_route=\/wp\/v2\/media\/47532"}],"wp:attachment":[{"href":"https:\/\/radiozapatista.org\/index.php?rest_route=%2Fwp%2Fv2%2Fmedia&parent=47531"}],"wp:term":[{"taxonomy":"category","embeddable":true,"href":"https:\/\/radiozapatista.org\/index.php?rest_route=%2Fwp%2Fv2%2Fcategories&post=47531"},{"taxonomy":"post_tag","embeddable":true,"href":"https:\/\/radiozapatista.org\/index.php?rest_route=%2Fwp%2Fv2%2Ftags&post=47531"}],"curies":[{"name":"wp","href":"https:\/\/api.w.org\/{rel}","templated":true}]}}