{"id":47513,"date":"2024-02-07T19:54:06","date_gmt":"2024-02-08T01:54:06","guid":{"rendered":"https:\/\/radiozapatista.org\/?p=47513"},"modified":"2024-02-07T20:09:08","modified_gmt":"2024-02-08T02:09:08","slug":"accion-urgente-nuevo-ataque-armado-en-santa-maria-ostula-michoacan","status":"publish","type":"post","link":"https:\/\/radiozapatista.org\/?p=47513","title":{"rendered":"Acci\u00f3n Urgente | Nuevo ataque armado en Santa Mar\u00eda Ostula, Michoac\u00e1n"},"content":{"rendered":"<p><\/p>\n<p class=\"has-text-align-right\">Ciudad de M\u00e9xico, 07 de febrero de 2024<br \/>\nActualizaci\u00f3n de la Acci\u00f3n Urgente 003\/2024<\/p>\n<p><strong>Al firmar esta Acci\u00f3n Urgente se enviar\u00e1 autom\u00e1ticamente un correo a autoridades gubernamentales para exigir que frene la violencia en la comunidad nahua de Ostula. Consulta el listado de autoridades a las que les llegar\u00e1 tu petici\u00f3n al final de esta entrada. <\/strong><\/p>\n<div class=\"row justify-content-center\">\n<div class=\"col-lg-8 col-md-10 col-12 px-4\">\n<p>El lunes 5 de febrero, alrededor de las 7:30 pm un grupo armado atac\u00f3 nuevamente a la encargatura de la Cofrad\u00eda de Ostula poniendo en riesgo a la poblaci\u00f3n en general, en respuesta, la Guardia Comunal protegi\u00f3 a la comunidad evitando que resultaran personas lesionadas.<\/p>\n<p>Ante el riesgo inminente de nuevos ataques, el 7 de febrero, la comunidad anunci\u00f3 la suspensi\u00f3n de toda actividad p\u00fablica, incluyendo clases, reuniones y festejos, situaci\u00f3n por la que hacemos un llamado emergente a las autoridades para que atiendan las peticiones expresadas en esta Acci\u00f3n Urgente.<\/p>\n<p class=\"has-text-align-right\"><strong>Ciudad de M\u00e9xico, 03 de febrero de 2024<br \/>\nAcci\u00f3n Urgente 003\/2024<\/strong><\/p>\n<p>El 1 de febrero de 2024 un grupo delincuencial compuesto por al menos 50 personas efectu\u00f3 un ataque armado dirigido al pueblo nahua de Santa Mar\u00eda Ostula, Michoac\u00e1n, dejando algunos bienes materiales destruidos debido a un incendio provocado, as\u00ed como a un integrante de la Guardia Comunal herido que fue atendido de manera inmediata por la comunidad y se mantiene estable.<\/p>\n<p>La poblaci\u00f3n de Santa Mar\u00eda Ostula est\u00e1 en riesgo, pues a pesar de que existe una Guardia Comunal que vela por la seguridad de la poblaci\u00f3n, los recientes ataques y asesinatos registrados en 2023 nos mantienen en alerta ante otra agresi\u00f3n irreversible y da\u00f1os a la vida e integridad f\u00edsica, psicosocial, as\u00ed como la paz de las y los habitantes.<\/p>\n<p>Hemos registrado diversos ataques, cr\u00edmenes y graves violaciones a los derechos humanos. La violencia que se vive en Michoac\u00e1n es consecuencia de un contexto en donde existe la permisividad del Estado Mexicano ante la presencia e impunidad de algunos actores como los grupos del crimen organizado y de empresas que implementan\u00a0 megaproyectos o que accionan para imponerlos.<\/p>\n<p>Exigimos a las autoridades Federales y Estatales:<\/p>\n<ul>\n<li>Se emitan las medidas de protecci\u00f3n necesarias para garantizar la vida, la seguridad, e integridad de las personas integrantes de la Comunidad de Ostula.<\/li>\n<li>Se respete y garantice en todo momento la labor que realiza la guardia comunal de Ostula<\/li>\n<li>Se garantice el derecho a defender los derechos humanos de las personas defensoras de la tierra y la seguridad comunitaria<\/li>\n<li>La inmediata investigaci\u00f3n de los actores que perpetraron este y los anteriores ataques.<\/li>\n<li>Que se genere una ruta de trabajo basada en una investigaci\u00f3n diligente para garantizar el respeto a la organizaci\u00f3n comunal, la libre determinaci\u00f3n, la seguridad comunitaria y el derecho a una vida libre de violencia.<\/li>\n<\/ul>\n<p><strong>Lic. Andr\u00e9s Manuel L\u00f3pez Obrador. Presidente de la Rep\u00fablica. <\/strong><\/p>\n<p><a href=\"mailto:amlo@presidencia.gob.mx\"><strong>amlo@presidencia.gob.mx<\/strong><\/a><\/p>\n<p><strong><br \/>\n<\/strong><strong>Lic. Luisa Mar\u00eda Alcal\u00e1 Lujan. Secretaria de Gobernaci\u00f3n.\u00a0<\/strong><\/p>\n<p><a href=\"mailto:atencionciudadana@segob.gob.mx\"><strong>atencionciudadana@segob.gob.mx<\/strong><\/a><strong>\u00a0<\/strong><\/p>\n<p>Mecanismo de Protecci\u00f3n de Personas defensoras y periodistas<br \/>\n<a href=\"mailto:mecanismo@segob.gob.mx\">mecanismo@segob.gob.mx<\/a><\/p>\n<p><strong>Lic. Mar\u00eda Rosario Piedra Ibarra.<\/strong> Presidenta de la Comisi\u00f3n Nacional de los Derechos Humanos.<br \/>\n<a href=\"mailto:presidencia.cndh@cndh.org.mx\">presidencia.cndh@cndh.org.mx<\/a><\/p>\n<p><strong>Lic. Alfredo Ram\u00edrez Bedolla<\/strong><\/p>\n<p>Gobernador del Estado de Michoac\u00e1n.<\/p>\n<p><strong>Lic. Carlos Torres Pi\u00f1a<\/strong><\/p>\n<p>Secretario General de Gobierno de Michoac\u00e1n<\/p>\n<p><a href=\"mailto:segobcomsoc@michoacan.gob.mx\">segobcomsoc@michoacan.gob.mx<\/a><\/p>\n<p><strong>Lic. Adri\u00e1n L\u00f3pez Sol\u00eds<\/strong><\/p>\n<p>Fiscal General del Estado de Michoac\u00e1n<\/p>\n<p><a href=\"mailto:fiscalgeneral@fiscaliamichoacan.gob.mx\">fiscalgeneral@fiscaliamichoacan.gob.mx<\/a><\/p>\n<p><strong>Red Nacional de Organismos Civiles de Derechos Humanos \u201cTodos los Derechos para Todas, Todos y Todes\u201d (Red TDT)<\/strong><\/p>\n<\/div>\n<\/div>\n<div class=\"row justify-content-center py-5\">\n<div class=\"col-lg-8 col-md-10 col-12\">\n<div class=\"btn-toolbar\" role=\"toolbar\" aria-label=\"Toolbar with button groups\"><\/div>\n<\/div>\n<\/div>\n<p><\/p>","protected":false},"excerpt":{"rendered":"<p>Ciudad de M\u00e9xico, 07 de febrero de 2024 Actualizaci\u00f3n de la Acci\u00f3n Urgente 003\/2024 Al firmar esta Acci\u00f3n Urgente se enviar\u00e1 autom\u00e1ticamente un correo a autoridades gubernamentales para exigir que frene la violencia en la comunidad nahua de Ostula. Consulta el listado de autoridades a las que les llegar\u00e1 tu petici\u00f3n al final de esta [&hellip;]<\/p>\n","protected":false},"author":21,"featured_media":47514,"comment_status":"open","ping_status":"closed","sticky":false,"template":"","format":"standard","meta":{"footnotes":""},"categories":[957,51,826,958,954],"tags":[79,58,53,567,549,147,23,545,87,148,1429,27,483],"class_list":["post-47513","post","type-post","status-publish","format-standard","has-post-thumbnail","hentry","category-autonomia","category-autor","category-medios-libres-2","category-megaproyectos","category-mexico","tag-autonomia","tag-derechos-humanos","tag-justicia","tag-megaproyectos","tag-michoacan","tag-militarizacion","tag-paramilitares","tag-pueblos-indigenas","tag-represion","tag-resistencia","tag-santa-maria-ostula","tag-solidaridad","tag-tierra-y-territorio"],"_links":{"self":[{"href":"https:\/\/radiozapatista.org\/index.php?rest_route=\/wp\/v2\/posts\/47513","targetHints":{"allow":["GET"]}}],"collection":[{"href":"https:\/\/radiozapatista.org\/index.php?rest_route=\/wp\/v2\/posts"}],"about":[{"href":"https:\/\/radiozapatista.org\/index.php?rest_route=\/wp\/v2\/types\/post"}],"author":[{"embeddable":true,"href":"https:\/\/radiozapatista.org\/index.php?rest_route=\/wp\/v2\/users\/21"}],"replies":[{"embeddable":true,"href":"https:\/\/radiozapatista.org\/index.php?rest_route=%2Fwp%2Fv2%2Fcomments&post=47513"}],"version-history":[{"count":2,"href":"https:\/\/radiozapatista.org\/index.php?rest_route=\/wp\/v2\/posts\/47513\/revisions"}],"predecessor-version":[{"id":47516,"href":"https:\/\/radiozapatista.org\/index.php?rest_route=\/wp\/v2\/posts\/47513\/revisions\/47516"}],"wp:featuredmedia":[{"embeddable":true,"href":"https:\/\/radiozapatista.org\/index.php?rest_route=\/wp\/v2\/media\/47514"}],"wp:attachment":[{"href":"https:\/\/radiozapatista.org\/index.php?rest_route=%2Fwp%2Fv2%2Fmedia&parent=47513"}],"wp:term":[{"taxonomy":"category","embeddable":true,"href":"https:\/\/radiozapatista.org\/index.php?rest_route=%2Fwp%2Fv2%2Fcategories&post=47513"},{"taxonomy":"post_tag","embeddable":true,"href":"https:\/\/radiozapatista.org\/index.php?rest_route=%2Fwp%2Fv2%2Ftags&post=47513"}],"curies":[{"name":"wp","href":"https:\/\/api.w.org\/{rel}","templated":true}]}}