{"id":47502,"date":"2024-02-05T17:55:26","date_gmt":"2024-02-05T23:55:26","guid":{"rendered":"https:\/\/radiozapatista.org\/?p=47502"},"modified":"2024-02-05T17:55:26","modified_gmt":"2024-02-05T23:55:26","slug":"en-honduras-movilizaciones-para-exigir-cancelacion-de-mineria-y-proyectos-asociados","status":"publish","type":"post","link":"https:\/\/radiozapatista.org\/?p=47502","title":{"rendered":"[:es]En Honduras, movilizaciones para exigir cancelaci\u00f3n de miner\u00eda y proyectos asociados[:]"},"content":{"rendered":"<p>[:es]Fuente: <a href=\"https:\/\/avispa.org\/en-honduras-movilizaciones-para-exigir-cancelacion-de-mineria-y-proyectos-asociados\/\">Avispa Midia<\/a><\/p>\n<p>Por Sare Frabes<\/p>\n<div class=\"tdb-block-inner td-fix-index\">\n<p><em><sup>En portada:\u00a0El Comit\u00e9 Municipal de Tocoa bloquea la autopista que da acceso a la concesi\u00f3n minera ASP para exigir al gobierno hondure\u00f1o que no renueve la autorizaci\u00f3n para la extracci\u00f3n de hierro. Foto: Guapinol resiste<\/sup><\/em><\/p>\n<p>En Tocoa, norte de Honduras, habitantes de la regi\u00f3n integrantes del Comit\u00e9 Municipal de Defensa de Bienes Comunes y P\u00fablicos (CMDBCPT) de dicho municipio, se movilizan para rechazar un proyecto energ\u00e9tico asociado a una concesi\u00f3n minera que, desde el a\u00f1o 2013, extrae hierro del interior de un \u00e1rea protegida.<\/p>\n<p>Fue el pasado 9 de diciembre del 2023, cuando las autoridades municipales convocaron a un Cabildo Abierto para consultar a la poblaci\u00f3n sobre la instalaci\u00f3n de un proyecto para generaci\u00f3n de energ\u00eda, el cual est\u00e1 vinculado a la miner\u00eda en el Parque Nacional Monta\u00f1a de Botaderos \u201cCarlos Escaleras\u201d.<\/p>\n<figure class=\"wp-block-image size-large\"><a class=\"td-modal-image\" href=\"https:\/\/avispa.org\/wp-content\/uploads\/2018\/09\/BonitoOriental-12.jpg\"><img loading=\"lazy\" decoding=\"async\" class=\"wp-image-24433\" src=\"https:\/\/avispa.org\/wp-content\/uploads\/2018\/09\/BonitoOriental-12-1024x683.jpg\" sizes=\"auto, (max-width: 1024px) 100vw, 1024px\" srcset=\"https:\/\/avispa.org\/wp-content\/uploads\/2018\/09\/BonitoOriental-12-1024x683.jpg 1024w, https:\/\/avispa.org\/wp-content\/uploads\/2018\/09\/BonitoOriental-12-300x200.jpg 300w, https:\/\/avispa.org\/wp-content\/uploads\/2018\/09\/BonitoOriental-12-768x512.jpg 768w, https:\/\/avispa.org\/wp-content\/uploads\/2018\/09\/BonitoOriental-12.jpg 1072w\" alt=\"\" width=\"1024\" height=\"683\" \/><\/a><figcaption class=\"wp-element-caption\"><em><sup>Aspecto de la contaminaci\u00f3n por la operaci\u00f3n de la mina en el parque nacional Carlos Escaleras. Noviembre 2016. Foto:Aldo Santiago<\/sup><\/em><\/figcaption><\/figure>\n<p>Mediante Asamblea Popular, y con representaci\u00f3n de autoridades locales, miles de personas se pronunciaron por un rotundo \u201cNO\u201d al proyecto de energ\u00eda termoel\u00e9ctrica perteneciente a la empresa Ecoteck\/Emco. Con esta decisi\u00f3n, la poblaci\u00f3n de Tocoa ratific\u00f3 la declaraci\u00f3n, del 29 de noviembre del 2019, como municipio libre de miner\u00eda.<\/p>\n<figure class=\"wp-block-image size-full\"><a class=\"td-modal-image\" href=\"https:\/\/avispa.org\/wp-content\/uploads\/2024\/02\/Cabildo-Guapinol.png\"><img loading=\"lazy\" decoding=\"async\" class=\"wp-image-111623\" src=\"https:\/\/avispa.org\/wp-content\/uploads\/2024\/02\/Cabildo-Guapinol.png\" sizes=\"auto, (max-width: 768px) 100vw, 768px\" srcset=\"https:\/\/avispa.org\/wp-content\/uploads\/2024\/02\/Cabildo-Guapinol.png 768w, https:\/\/avispa.org\/wp-content\/uploads\/2024\/02\/Cabildo-Guapinol-300x180.png 300w, https:\/\/avispa.org\/wp-content\/uploads\/2024\/02\/Cabildo-Guapinol-696x418.png 696w, https:\/\/avispa.org\/wp-content\/uploads\/2024\/02\/Cabildo-Guapinol-700x420.png 700w\" alt=\"\" width=\"768\" height=\"461\" \/><\/a><figcaption class=\"wp-element-caption\"><em><sup>Miles de pobladores de Tocoa decidieron un &#8220;NO&#8221; a la miner\u00eda y proyectos asociados.<\/sup><\/em><\/figcaption><\/figure>\n<p>El referido proyecto energ\u00e9tico pretende operar una planta termoel\u00e9ctrica alimentada con coque de petr\u00f3leo, material que contiene alto contenido de azufre y metales pesados, lo que ha consternado a la poblaci\u00f3n ante el posible incremento de contaminaci\u00f3n que, sumado a la extracci\u00f3n minera, coloca en riesgo las cuencas de los r\u00edos Guapinol y San Pedro.<\/p>\n<p>La termoel\u00e9ctrica de Ecoteck es uno de los siete componentes asociados al megaproyecto minero para la extracci\u00f3n de \u00f3xido de hierro, promovidos por el consorcio Emco Holdings, propiedad de Ana Facuss\u00e9 y Lenir Perez. El objetivo de la central es suministrar energ\u00eda para la operaci\u00f3n de una planta de peletizaci\u00f3n de hierro del mismo consorcio.<\/p>\n<h3 id=\"h-autoridades-promocionan-mineria\" class=\"wp-block-heading has-black-color has-text-color\"><strong>Autoridades promocionan miner\u00eda<\/strong><\/h3>\n<p>Las comunidades de Guapinol y San Pedro, ubicadas en el departamento de Col\u00f3n, integran el CMDBCPT, desde donde han denunciado ilegalidades, violaciones a derechos humanos y contaminaci\u00f3n ambiental relacionada al megaproyecto minero de Ecoteck\/Emco.<\/p>\n<p class=\"has-vivid-cyan-blue-color has-text-color\"><a href=\"https:\/\/avispa.org\/honduras-asesinato-de-defensores-contra-minera-despierta-condena-mundial\/\" target=\"_blank\" rel=\"noreferrer noopener\">Te puede intersesar &#8211; Honduras: Asesinato de defensores contra minera despierta condena mundial<\/a><\/p>\n<p>Tras la Asamblea Popular realizada en diciembre pasado, el CMDBCPT present\u00f3,\u00a0ante la Secretar\u00eda de Recursos Naturales y Ambiente de Honduras,\u00a0el acta notarial que constata el rechazo al proyecto de coque para la extracci\u00f3n minera.<\/p>\n<p>No obstante,\u00a0el pasado 22 de enero, la alcald\u00eda de Tocoa, encabezada por Ad\u00e1n F\u00fanez emiti\u00f3 una nueva convocatoria para la \u201csocializaci\u00f3n y aprobaci\u00f3n\u201d del proyecto energ\u00e9tico.<\/p>\n<p>Una semana despu\u00e9s, el 29 de enero, ocho organizaciones jur\u00eddicas y de derechos humanos, tanto hondure\u00f1as como internacionales que han dado seguimiento al conflicto socioambiental, presentaron un\u00a0<em>Amicus Curiae<\/em>\u00a0ante el juzgado de letras seccional de Tocoa.<\/p>\n<p>Mediante el recurso, instaron a las autoridades judiciales a fallar a favor de la concesi\u00f3n de un amparo colectivo interpuesto por la comunidad de Tocoa para defender la decisi\u00f3n de las comunidades a un medio ambiente sano, al acceso a la informaci\u00f3n, y a la participaci\u00f3n pol\u00edtica.<\/p>\n<p>\u201cLos hechos revelan que las decisiones clave relacionadas con el proyecto Termoel\u00e9ctrico de ECOTEK se han tomado sin una consulta efectiva y representativa con las comunidades afectadas. A pesar de la clara oposici\u00f3n expresada por los habitantes de Tocoa, Col\u00f3n, en m\u00faltiples asambleas y cabildos abiertos, donde se manifest\u00f3 un rechazo un\u00e1nime a los proyectos de ECOTEK y las operaciones mineras asociadas, estas expresiones de voluntad popular han sido aparentemente ignoradas\u201d, puntualiza el A<em>micus Curiae<\/em>.<\/p>\n<p>Un d\u00eda despu\u00e9s, el juzgado otorg\u00f3 resoluci\u00f3n favorable al recurso legal, lo que oblig\u00f3 al alcalde de Tocoa a suspender el Cabildo Abierto programado para el \u00faltimo d\u00eda de enero.<\/p>\n<h3 id=\"h-inversiones\" class=\"wp-block-heading has-black-color has-text-color\"><strong>Inversiones<\/strong><\/h3>\n<p>En enero de 2014 se otorg\u00f3 la concesi\u00f3n minera ASP, que abarca un \u00e1rea de 100 hect\u00e1reas dentro del Parque Nacional \u201cCarlos Escaleras\u201d, a la empresa Emco Mining, actualmente denominada Inversiones Los Pinares.<\/p>\n<p>Casi una d\u00e9cada despu\u00e9s, en octubre del 2023, las comunidades de Col\u00f3n se informaron sobre la pretensi\u00f3n de la empresa minera para renovar el contrato de concesi\u00f3n, que expir\u00f3 el pasado 28 de enero del 2024, por hasta 30 a\u00f1os m\u00e1s.<\/p>\n<p>Ante ello, el CMDBCPT se ha movilizado para exigir al gobierno nacional, encabezado por Xiomara Castro, para que rechaze la solicitud de renovaci\u00f3n al contrato minero firmado entre Lenir P\u00e9rez de Inversiones Los Pinares y el Instituto Hondure\u00f1o de Geolog\u00eda y Minas (INHGEOMIN).<\/p>\n<p>Acorde a las Brigadas Internacionales por la Paz (PBI, por sus siglas en ingl\u00e9s), diferentes medios hondure\u00f1os e internacionales han demostrado que la empresa sider\u00fargica Nucor, con sede en los Estados Unidos, estaba asociada con Inversiones Los Pinares.<\/p>\n<p>Seg\u00fan lo publicado, la relaci\u00f3n comercial entre Nucor y P\u00e9rez comenz\u00f3 en marzo de 2015 y la empresa norteamericana abandon\u00f3 el proyecto en octubre del a\u00f1o 2019, debido a la movilizaci\u00f3n social en contra de la actividad extractiva.<\/p>\n<p>\u201cEsto sugerir\u00eda que Nucor estuvo involucrado en la concesi\u00f3n minera el 27 de octubre de 2018, cuando m\u00e1s de 1,500 oficiales de polic\u00eda y personal militar comenzaron la expulsi\u00f3n forzosa de un campo de protesta opuesto a la mina de Los Pinares\u201d, relata la organizaci\u00f3n de derechos humanos.<\/p>\n<figure class=\"wp-block-image size-full\"><a class=\"td-modal-image\" href=\"https:\/\/avispa.org\/wp-content\/uploads\/2024\/02\/campamento-Guapinol.jpeg\"><img loading=\"lazy\" decoding=\"async\" class=\"wp-image-111619\" src=\"https:\/\/avispa.org\/wp-content\/uploads\/2024\/02\/campamento-Guapinol.jpeg\" sizes=\"auto, (max-width: 697px) 100vw, 697px\" srcset=\"https:\/\/avispa.org\/wp-content\/uploads\/2024\/02\/campamento-Guapinol.jpeg 697w, https:\/\/avispa.org\/wp-content\/uploads\/2024\/02\/campamento-Guapinol-300x162.jpeg 300w\" alt=\"\" width=\"697\" height=\"377\" \/><\/a><figcaption class=\"wp-element-caption\"><em><sup>Camapmento de resistencia en la defensa del r\u00edo Guapinol.<\/sup><\/em><\/figcaption><\/figure>\n<p>Entre otras agresiones se encuentra el arresto y detenci\u00f3n de 13 defensores del territorio. Siete de ellos fueron acusados de cargos relacionados con sus acciones para defender los r\u00edos Guapinol y San Pedro.<\/p>\n<p class=\"has-vivid-cyan-blue-color has-text-color\"><a href=\"https:\/\/avispa.org\/otorgan-amparos-para-la-libertad-de-los-defensores-de-guapinol\/\">Te puede interesar &#8211; Otorgan amparos para la libertad de los defensores de Guapinol<\/a><\/p>\n<p>\u201cLos inversores recientes en Nucor incluyen la\u00a0<em>Caisse de depot et placement du Quebec<\/em>\u00a0(73 millones de d\u00f3lares), el\u00a0<em>Royal Bank of Canada<\/em>\u00a0(61 millones de d\u00f3lares), el\u00a0<em>Bank Of Montreal<\/em>\u00a0(40 millones de d\u00f3lares) y la\u00a0<em>Junta de Inversiones del Plan de Pensiones de Canad\u00e1<\/em>\u00a0(36 millones de d\u00f3lares)\u201d, contextualiza PBI.<\/p>\n<h3 id=\"h-afectaciones\" class=\"wp-block-heading has-black-color has-text-color\"><strong>Afectaciones<\/strong><\/h3>\n<p>Seg\u00fan testimonios de los pobladores, la extracci\u00f3n minera durante una d\u00e9cada ha tenido un efecto devastador para el Parque \u201cCarlos Escaleras\u201d y las comunidades circundantes. Adem\u00e1s, se\u00f1alan que han sido v\u00edcitimas de la corrupci\u00f3n estatal y la violencia ejercida por la minera.<\/p>\n<p>A trav\u00e9s del sitio web\u00a0<em>Guapinol resiste,\u00a0<\/em>el pasado 31 de enero exigieron que el Ministerio P\u00fablico proteja el medio ambiente y emita requerimientos fiscales contra los representantes de la empresa por delitos ambientales, as\u00ed como contra \u201cfuncionarios p\u00fablicos locales y nacionales\u00a0\u00a0que conforman la red de corrupci\u00f3n para beneficiar a Pinares\/Ecotek\u201d.<\/p>\n<p>As\u00ed mismo demandaron el respeto a la vida de los defensores del territorio y campesinos en la regi\u00f3n de valle del Bajo Agu\u00e1n. Un d\u00eda antes se report\u00f3 el secuestro del campesino Jos\u00e9 Abel L\u00f3pez, integrante de la cooperativa Remolino, organizaci\u00f3n que suma su labor a distintas agrupaciones de la Plataforma Agraria del Agu\u00e1n para reivindicar la recuperaci\u00f3n de tierras despojadas por empresarios de la palma aceitera.<\/p>\n<p class=\"has-vivid-cyan-blue-color has-text-color\"><a href=\"https:\/\/avispa.org\/industria-de-palma-aceitera-boicotea-convenio-para-devolucion-de-tierras-campesinas-en-el-bajo-aguan\/\" target=\"_blank\" rel=\"noreferrer noopener\">Te puede interesar &#8211; Industria de palma aceitera boicotea convenio para devoluci\u00f3n de tierras campesinas en el Bajo Agu\u00e1n<\/a><\/p>\n<p>Tambi\u00e9n denunciaron la intensificaci\u00f3n de campa\u00f1as de odio contra la defensora de\u00a0la Coordinadora de Organizaciones Populares del Agu\u00e1n (COPA), Esly Banegas, as\u00ed como contra integrantes del\u00a0CMDBCPT.<\/p>\n<figure class=\"wp-block-image size-large\"><a class=\"td-modal-image\" href=\"https:\/\/avispa.org\/wp-content\/uploads\/2023\/09\/Aguan-54.jpg\"><img loading=\"lazy\" decoding=\"async\" class=\"wp-image-102971\" src=\"https:\/\/avispa.org\/wp-content\/uploads\/2023\/09\/Aguan-54-1024x684.jpg\" sizes=\"auto, (max-width: 1024px) 100vw, 1024px\" srcset=\"https:\/\/avispa.org\/wp-content\/uploads\/2023\/09\/Aguan-54-1024x684.jpg 1024w, https:\/\/avispa.org\/wp-content\/uploads\/2023\/09\/Aguan-54-300x200.jpg 300w, https:\/\/avispa.org\/wp-content\/uploads\/2023\/09\/Aguan-54-768x513.jpg 768w, https:\/\/avispa.org\/wp-content\/uploads\/2023\/09\/Aguan-54-696x465.jpg 696w, https:\/\/avispa.org\/wp-content\/uploads\/2023\/09\/Aguan-54-1068x713.jpg 1068w, https:\/\/avispa.org\/wp-content\/uploads\/2023\/09\/Aguan-54-629x420.jpg 629w, https:\/\/avispa.org\/wp-content\/uploads\/2023\/09\/Aguan-54.jpg 1080w\" alt=\"\" width=\"1024\" height=\"684\" \/><\/a><figcaption class=\"wp-element-caption\"><em><sup>De izquierda a derecha: Esly Banegas (COPA), Yoni Rivas y Wendy Castro (Plataforma Agraria). Foto: Aldo Santiago<\/sup><\/em><\/figcaption><\/figure>\n<p>\u201cResponsabilizamos al gobierno de Xiomara Castro por cualquier da\u00f1o a la integridad f\u00edsica de las defensoras y defensores en lucha por la defensa de los bienes comunes en este valle del Agu\u00e1n\u201d, aseveran en comunicado.<\/p>\n<p>Semanas antes, m\u00e1s de 100 organizaciones de Honduras y de todo el mundo se sumaron a la exigencia al gobierno de Castro para que respete la decisi\u00f3n del pueblo de Tocoa que rechaza la actividad minera en sus territorios.<\/p>\n<p>Adem\u00e1s, demandaron una investigaci\u00f3n independiente para enjuiciar y sancionar a los responsables materiales e intelecutales de los asesinatos de\u00a0Jairo Bonilla, Aly Dom\u00ednguez y Oqueli Dom\u00ednguez, acontecidos durante el a\u00f1o pasado. \u201cLa reparaci\u00f3n de los da\u00f1os, tanto a las personas v\u00edctimas de la persecuci\u00f3n de la empresa Emco y el Estado de Honduras, como tambi\u00e9n a la zona n\u00facleo del Parque Nacional Carlos Escaleras\u201d, reclaman.<\/p>\n<\/div>\n<p>[:]<\/p>\n","protected":false},"excerpt":{"rendered":"<p>[:es]Fuente: Avispa Midia Por Sare Frabes En portada:\u00a0El Comit\u00e9 Municipal de Tocoa bloquea la autopista que da acceso a la concesi\u00f3n minera ASP para exigir al gobierno hondure\u00f1o que no renueve la autorizaci\u00f3n para la extracci\u00f3n de hierro. Foto: Guapinol resiste En Tocoa, norte de Honduras, habitantes de la regi\u00f3n integrantes del Comit\u00e9 Municipal de [&hellip;]<\/p>\n","protected":false},"author":21,"featured_media":47503,"comment_status":"open","ping_status":"closed","sticky":false,"template":"","format":"standard","meta":{"footnotes":""},"categories":[957,51,1284,826,958,935],"tags":[79,58,53,1305,567,147,23,545,87,148,27,483],"class_list":["post-47502","post","type-post","status-publish","format-standard","has-post-thumbnail","hentry","category-autonomia","category-autor","category-latinoamerica","category-medios-libres-2","category-megaproyectos","category-temas","tag-autonomia","tag-derechos-humanos","tag-justicia","tag-latinoamerica","tag-megaproyectos","tag-militarizacion","tag-paramilitares","tag-pueblos-indigenas","tag-represion","tag-resistencia","tag-solidaridad","tag-tierra-y-territorio"],"_links":{"self":[{"href":"https:\/\/radiozapatista.org\/index.php?rest_route=\/wp\/v2\/posts\/47502","targetHints":{"allow":["GET"]}}],"collection":[{"href":"https:\/\/radiozapatista.org\/index.php?rest_route=\/wp\/v2\/posts"}],"about":[{"href":"https:\/\/radiozapatista.org\/index.php?rest_route=\/wp\/v2\/types\/post"}],"author":[{"embeddable":true,"href":"https:\/\/radiozapatista.org\/index.php?rest_route=\/wp\/v2\/users\/21"}],"replies":[{"embeddable":true,"href":"https:\/\/radiozapatista.org\/index.php?rest_route=%2Fwp%2Fv2%2Fcomments&post=47502"}],"version-history":[{"count":1,"href":"https:\/\/radiozapatista.org\/index.php?rest_route=\/wp\/v2\/posts\/47502\/revisions"}],"predecessor-version":[{"id":47504,"href":"https:\/\/radiozapatista.org\/index.php?rest_route=\/wp\/v2\/posts\/47502\/revisions\/47504"}],"wp:featuredmedia":[{"embeddable":true,"href":"https:\/\/radiozapatista.org\/index.php?rest_route=\/wp\/v2\/media\/47503"}],"wp:attachment":[{"href":"https:\/\/radiozapatista.org\/index.php?rest_route=%2Fwp%2Fv2%2Fmedia&parent=47502"}],"wp:term":[{"taxonomy":"category","embeddable":true,"href":"https:\/\/radiozapatista.org\/index.php?rest_route=%2Fwp%2Fv2%2Fcategories&post=47502"},{"taxonomy":"post_tag","embeddable":true,"href":"https:\/\/radiozapatista.org\/index.php?rest_route=%2Fwp%2Fv2%2Ftags&post=47502"}],"curies":[{"name":"wp","href":"https:\/\/api.w.org\/{rel}","templated":true}]}}