{"id":47382,"date":"2024-01-22T14:46:44","date_gmt":"2024-01-22T20:46:44","guid":{"rendered":"https:\/\/radiozapatista.org\/?p=47382"},"modified":"2024-01-22T14:46:44","modified_gmt":"2024-01-22T20:46:44","slug":"ley-para-deforestar-la-amazonia-peruana-es-aprobada-por-la-fuerza","status":"publish","type":"post","link":"https:\/\/radiozapatista.org\/?p=47382","title":{"rendered":"Ley para deforestar la Amazon\u00eda peruana es aprobada por la fuerza"},"content":{"rendered":"<p>Fuente: <a href=\"https:\/\/avispa.org\/ley-para-deforestar-la-amazonia-peruana-es-aprobada-por-la-fuerza\/\">Avispa Midia<\/a><\/p>\n<p>Por Javier Bedia Prado<\/p>\n<div class=\"tdb-block-inner td-fix-index\">\n<p>La Ley Forestal y de Fauna Silvestre fue modificada por el Congreso, a finales de 2023, con el objetivo de formalizar la deforestaci\u00f3n en la Amazon\u00eda peruana, pero la decisi\u00f3n se reconsider\u00f3 y ten\u00eda que volver a discutirse en los pr\u00f3ximos meses.<\/p>\n<p>Sin embargo, el mi\u00e9rcoles 10 de enero, en un procedimiento irregular, el titular del Parlamento, Alejandro Soto, orden\u00f3 la promulgaci\u00f3n de la reforma que resta al Ministerio del Ambiente competencias en materia forestal y da carta libre para acelerar la tala masiva.<\/p>\n<p>El Per\u00fa ocupa el tercer lugar, entre ocho naciones, en destrucci\u00f3n de bosques primarios amaz\u00f3nicos, detr\u00e1s de Brasil y Bolivia. Seg\u00fan el\u00a0<a href=\"https:\/\/www.maaproject.org\/2023\/amazonia-2022\/\">Proyecto de Monitoreo de la Amazon\u00eda Andina<\/a>\u00a0(MAAP), en el pa\u00eds se deforestaron 144 mil 682 hect\u00e1reas en el a\u00f1o 2022.<\/p>\n<p>Los cambios en la norma, en un principio aprobados el 14 de diciembre, suspenden la zonificaci\u00f3n forestal, lo que favorece a las empresas extractivistas, principalmente de monocultivo de palma aceitera. El Ministerio de Desarrollo Agrario (Midagri) registra que entre 2015 y 2021 el \u00e1rea cosechada de esta especie en la Amazon\u00eda del Per\u00fa aument\u00f3 en 120%: de 43.140 hect\u00e1reas a 94.902.<\/p>\n<figure class=\"wp-block-image size-large\"><a class=\"td-modal-image\" href=\"https:\/\/avispa.org\/wp-content\/uploads\/2024\/01\/leyforestal4.jpg\"><img loading=\"lazy\" decoding=\"async\" class=\"wp-image-111025 td-animation-stack-type0-2\" src=\"https:\/\/avispa.org\/wp-content\/uploads\/2024\/01\/leyforestal4-1024x764.jpg\" sizes=\"auto, (max-width: 1024px) 100vw, 1024px\" srcset=\"https:\/\/avispa.org\/wp-content\/uploads\/2024\/01\/leyforestal4-1024x764.jpg 1024w, https:\/\/avispa.org\/wp-content\/uploads\/2024\/01\/leyforestal4-300x224.jpg 300w, https:\/\/avispa.org\/wp-content\/uploads\/2024\/01\/leyforestal4-768x573.jpg 768w, https:\/\/avispa.org\/wp-content\/uploads\/2024\/01\/leyforestal4-1536x1146.jpg 1536w, https:\/\/avispa.org\/wp-content\/uploads\/2024\/01\/leyforestal4-696x519.jpg 696w, https:\/\/avispa.org\/wp-content\/uploads\/2024\/01\/leyforestal4-1068x797.jpg 1068w, https:\/\/avispa.org\/wp-content\/uploads\/2024\/01\/leyforestal4-563x420.jpg 563w, https:\/\/avispa.org\/wp-content\/uploads\/2024\/01\/leyforestal4-80x60.jpg 80w, https:\/\/avispa.org\/wp-content\/uploads\/2024\/01\/leyforestal4-265x198.jpg 265w, https:\/\/avispa.org\/wp-content\/uploads\/2024\/01\/leyforestal4.jpg 1800w\" alt=\"\" width=\"1024\" height=\"764\" \/><\/a><\/figure>\n<p>El trasfondo es eximir a los privados de cumplir las disposiciones para la Clasificaci\u00f3n de Tierras por su Capacidad de Uso Mayor (CTCUM), as\u00ed podr\u00e1n hacerse formalmente de la propiedad de \u00e1reas comunitarias y p\u00fablicas que fueron deforestadas.<\/p>\n<p>Ahora el Midagri se encargar\u00e1 de aprobar los procesos de zonificaci\u00f3n forestal, propuestos por un organismo t\u00e9cnico en base a expedientes elaborados por gobiernos regionales, mientras que el Ministerio del Ambiente (Minam) solo emitir\u00e1 una opini\u00f3n previa. Bastar\u00e1 con t\u00edtulos de propiedad o constancias de posesi\u00f3n, que pueden ser emitidos por gobiernos regionales, para exonerarse de la clasificaci\u00f3n de tierras forestales.<\/p>\n<p>Asimismo, los bosques de producci\u00f3n permanente ser\u00e1n establecidos por el Midagri, ya no por el Minam.<\/p>\n<p>Otro procedimiento eliminado es la autorizaci\u00f3n de cambio de uso de suelo en \u00e1reas privadas. De esta forma, en los predios agr\u00edcolas y ganaderos aleda\u00f1os a \u00e1reas boscosas se normalizar\u00e1 la tala o quema de vegetaci\u00f3n para el cambio de uso.<\/p>\n<h3 id=\"h-expediente-borrado\" class=\"wp-block-heading has-black-color has-text-color\"><strong>Expediente borrado<\/strong><\/h3>\n<p>Las propuestas legislativas fueron presentadas por parlamentarios de ultraderecha y de izquierda (Per\u00fa Libre, que llev\u00f3 a la presidencia a Pedro Castillo),\u00a0<a href=\"https:\/\/peru21.pe\/economia\/organizaciones-presentan-carta-de-apoyo-a-ley-forestal-noticia\/#google_vignette\">respaldados por gremios empresariales<\/a>\u00a0que presionaron por la aprobaci\u00f3n sin tomar en cuenta las observaciones al proyecto de dos parlamentarias, lo que demandaba la necesidad de nuevas discusiones antes de su aprobaci\u00f3n.<\/p>\n<p>Contra el reglamento del Congreso, el presidente de esta instituci\u00f3n borr\u00f3 del expediente digital los pedidos de consideraci\u00f3n presentados por las parlamentarias. A pesar de la irregularidad, la reforma fue enviada al Ejecutivo que, formalmente, est\u00e1 obligado a\u00a0promulgarla.<\/p>\n<p>En contrapartida, fueron presentadas demandas de inconstitucionalidad y, en el Congreso, parlamentarios presentaron un proyecto para derogar la reforma.<\/p>\n<h3 id=\"h-mercado-global-y-crimen-organizado\" class=\"wp-block-heading has-black-color has-text-color\"><strong>Mercado global y crimen organizado<\/strong><\/h3>\n<p>Detr\u00e1s de la nueva legislaci\u00f3n, planteada desde 2022, est\u00e1 el inter\u00e9s de superar una regulaci\u00f3n de la Uni\u00f3n Europea (UE) que proh\u00edbe la exportaci\u00f3n de caf\u00e9 y cacao cultivados en tierras que hayan sido deforestadas despu\u00e9s del a\u00f1o 2020.<\/p>\n<p>En una carta enviada a la delegaci\u00f3n de la UE en el Per\u00fa, decenas de organizaciones ambientalistas\u00a0advierten que con la nueva normativa se multiplicar\u00e1n el tr\u00e1fico de terrenos y la miner\u00eda ilegal. Hasta la publicaci\u00f3n de esta nota, los representantes de la comunidad europea no respondieron.<\/p>\n<figure class=\"wp-block-gallery has-nested-images columns-default is-cropped wp-block-gallery-1 is-layout-flex wp-block-gallery-is-layout-flex\">\n<figure class=\"wp-block-image size-large\"><a class=\"td-modal-image\" href=\"https:\/\/avispa.org\/wp-content\/uploads\/2024\/01\/leyforestal3.jpg\"><img loading=\"lazy\" decoding=\"async\" class=\"wp-image-111024 td-animation-stack-type0-2\" src=\"https:\/\/avispa.org\/wp-content\/uploads\/2024\/01\/leyforestal3-1024x682.jpg\" sizes=\"auto, (max-width: 1024px) 100vw, 1024px\" srcset=\"https:\/\/avispa.org\/wp-content\/uploads\/2024\/01\/leyforestal3-1024x682.jpg 1024w, https:\/\/avispa.org\/wp-content\/uploads\/2024\/01\/leyforestal3-300x200.jpg 300w, https:\/\/avispa.org\/wp-content\/uploads\/2024\/01\/leyforestal3-768x512.jpg 768w, https:\/\/avispa.org\/wp-content\/uploads\/2024\/01\/leyforestal3-1536x1023.jpg 1536w, https:\/\/avispa.org\/wp-content\/uploads\/2024\/01\/leyforestal3-696x464.jpg 696w, https:\/\/avispa.org\/wp-content\/uploads\/2024\/01\/leyforestal3-1068x711.jpg 1068w, https:\/\/avispa.org\/wp-content\/uploads\/2024\/01\/leyforestal3-631x420.jpg 631w, https:\/\/avispa.org\/wp-content\/uploads\/2024\/01\/leyforestal3.jpg 1800w\" alt=\"\" width=\"1024\" height=\"682\" data-id=\"111024\" \/><\/a><\/figure>\n<figure class=\"wp-block-image size-large\"><a class=\"td-modal-image\" href=\"https:\/\/avispa.org\/wp-content\/uploads\/2024\/01\/leyforestal1.jpg\"><img loading=\"lazy\" decoding=\"async\" class=\"wp-image-111022 td-animation-stack-type0-2\" src=\"https:\/\/avispa.org\/wp-content\/uploads\/2024\/01\/leyforestal1-1024x768.jpg\" sizes=\"auto, (max-width: 1024px) 100vw, 1024px\" srcset=\"https:\/\/avispa.org\/wp-content\/uploads\/2024\/01\/leyforestal1-1024x768.jpg 1024w, https:\/\/avispa.org\/wp-content\/uploads\/2024\/01\/leyforestal1-300x225.jpg 300w, https:\/\/avispa.org\/wp-content\/uploads\/2024\/01\/leyforestal1-768x576.jpg 768w, https:\/\/avispa.org\/wp-content\/uploads\/2024\/01\/leyforestal1-1536x1152.jpg 1536w, https:\/\/avispa.org\/wp-content\/uploads\/2024\/01\/leyforestal1-696x522.jpg 696w, https:\/\/avispa.org\/wp-content\/uploads\/2024\/01\/leyforestal1-1068x801.jpg 1068w, https:\/\/avispa.org\/wp-content\/uploads\/2024\/01\/leyforestal1-560x420.jpg 560w, https:\/\/avispa.org\/wp-content\/uploads\/2024\/01\/leyforestal1-80x60.jpg 80w, https:\/\/avispa.org\/wp-content\/uploads\/2024\/01\/leyforestal1-265x198.jpg 265w, https:\/\/avispa.org\/wp-content\/uploads\/2024\/01\/leyforestal1.jpg 1800w\" alt=\"\" width=\"1024\" height=\"768\" data-id=\"111022\" \/><\/a><\/figure>\n<\/figure>\n<p>El mayor peligro es que la deforestaci\u00f3n favorece y encubre, sobre todo, al narcotr\u00e1fico, responsable de gran parte de los asesinatos de l\u00edderes ind\u00edgenas peruanos.<\/p>\n<p>En la \u00faltima d\u00e9cada, 32 guardianes de los bosques fueron victimados por proteger sus territorios ancestrales de invasores y el tr\u00e1fico de drogas.\u00a0\u00a0\u00a0\u00a0\u00a0\u00a0\u00a0\u00a0\u00a0\u00a0\u00a0\u00a0De acuerdo a Global Witness, el Per\u00fa se encuentra entre los 10 pa\u00edses m\u00e1s peligrosos para activistas por el medio ambiente y los derechos humanos.<\/p>\n<h3 id=\"h-bosques-en-emergencia\" class=\"wp-block-heading has-black-color has-text-color\"><strong>Bosques en emergencia<\/strong><\/h3>\n<p>En respuesta, organizaciones ind\u00edgenas\u00a0<a href=\"https:\/\/www.facebook.com\/photo\/?fbid=775510974620421&amp;set=pcb.775511081287077\">declararon en emergencia<\/a>\u00a0los bosques comunales.\u00a0\u201cSe promueve la deforestaci\u00f3n y facilita el otorgamiento de derechos sobre nuestros bosques a favor de terceros. M\u00e1s grave a\u00fan, esta modificatoria promover\u00e1 el despojo de nuestros territorios integrales ancestrales e incrementar\u00e1 las amenazas a la vida de los defensores ind\u00edgenas ambientales, as\u00ed como la vida e integridad biol\u00f3gica, cultural, ambiental y espiritual\u201d, se\u00f1ala en un\u00a0<a href=\"applewebdata:\/\/7E1CED5A-163F-4475-80EF-4E2D560191B9\/Carta-de-OOII-de-la-PPICC-AIDESEP-CCP-CNA-CONAP-UNCA-ONAMIAP-FENMUCARINAP.pdf\">comunicado<\/a>\u00a0la Plataforma de Pueblos Ind\u00edgenas para enfrentar el Cambio Clim\u00e1tico (PPICC).<\/p>\n<p>Por su parte, el Instituto Ken\u00e9 de Estudios Forestales y Ambientales present\u00f3 una\u00a0<a href=\"https:\/\/keneamazon.net\/Documents\/Demanda-Amparo-Autografa\/Demanda-de-Amparo.pdf\">demanda<\/a>\u00a0de amparo ante un juzgado constitucional, alegando que la norma contradice la Constituci\u00f3n, que establece que la protecci\u00f3n del medio ambiente incluye territorios que no pueden convertirse a uso agr\u00edcola. La superficie deforestada en el Per\u00fa por uso agr\u00edcola suma once millones de hect\u00e1reas, abarcando \u00e1reas naturales protegidas y reservas comunales ind\u00edgenas, seg\u00fan los registros del Midagri.<\/p>\n<h3 id=\"h-asedio-desde-distintos-frentes\" class=\"wp-block-heading has-black-color has-text-color\"><strong>Asedio desde distintos frentes<\/strong><\/h3>\n<p>En las regiones del Per\u00fa que comparten la Amazon\u00eda se fortalecen las alianzas entre autoridades y organizaciones privadas que promueven la explotaci\u00f3n de los bosques. Este sector\u00a0<a href=\"https:\/\/avispa.org\/sectores-de-derecha-en-peru-quieren-desconocer-a-indigenas-que-viven-aislados-en-la-amazonia\/\">niega la existencia de pueblos ind\u00edgenas en aislamiento y contacto inicial<\/a>\u00a0(PIACI), con la intenci\u00f3n de obtener licencias de operaciones en reservas y \u00e1reas de amortiguamiento donde se encuentran las etnias, es un discurso de este sector. En 2023, el partido fujimorista intent\u00f3 modificar la ley que protege a estas comunidades, y ante un primer rechazo, insistir\u00e1n en ese sentido.\u00a0Desde distintos frentes, las comunidades y tierras amaz\u00f3nicas son asediadas. \u201cLey antiforestal\u201d, le llaman las organizaciones ind\u00edgenas, nombrando su prop\u00f3sito de concretar los despojos legalmente.<\/p>\n<\/div>\n<p><\/p>","protected":false},"excerpt":{"rendered":"<p>Fuente: Avispa Midia Por Javier Bedia Prado La Ley Forestal y de Fauna Silvestre fue modificada por el Congreso, a finales de 2023, con el objetivo de formalizar la deforestaci\u00f3n en la Amazon\u00eda peruana, pero la decisi\u00f3n se reconsider\u00f3 y ten\u00eda que volver a discutirse en los pr\u00f3ximos meses. Sin embargo, el mi\u00e9rcoles 10 de [&hellip;]<\/p>\n","protected":false},"author":21,"featured_media":47383,"comment_status":"open","ping_status":"closed","sticky":false,"template":"","format":"standard","meta":{"footnotes":""},"categories":[957,51,1284,826,958,935],"tags":[58,53,1305,567,147,23,1215,545,87,148,27,483],"class_list":["post-47382","post","type-post","status-publish","format-standard","has-post-thumbnail","hentry","category-autonomia","category-autor","category-latinoamerica","category-medios-libres-2","category-megaproyectos","category-temas","tag-derechos-humanos","tag-justicia","tag-latinoamerica","tag-megaproyectos","tag-militarizacion","tag-paramilitares","tag-peru","tag-pueblos-indigenas","tag-represion","tag-resistencia","tag-solidaridad","tag-tierra-y-territorio"],"_links":{"self":[{"href":"https:\/\/radiozapatista.org\/index.php?rest_route=\/wp\/v2\/posts\/47382","targetHints":{"allow":["GET"]}}],"collection":[{"href":"https:\/\/radiozapatista.org\/index.php?rest_route=\/wp\/v2\/posts"}],"about":[{"href":"https:\/\/radiozapatista.org\/index.php?rest_route=\/wp\/v2\/types\/post"}],"author":[{"embeddable":true,"href":"https:\/\/radiozapatista.org\/index.php?rest_route=\/wp\/v2\/users\/21"}],"replies":[{"embeddable":true,"href":"https:\/\/radiozapatista.org\/index.php?rest_route=%2Fwp%2Fv2%2Fcomments&post=47382"}],"version-history":[{"count":1,"href":"https:\/\/radiozapatista.org\/index.php?rest_route=\/wp\/v2\/posts\/47382\/revisions"}],"predecessor-version":[{"id":47384,"href":"https:\/\/radiozapatista.org\/index.php?rest_route=\/wp\/v2\/posts\/47382\/revisions\/47384"}],"wp:featuredmedia":[{"embeddable":true,"href":"https:\/\/radiozapatista.org\/index.php?rest_route=\/wp\/v2\/media\/47383"}],"wp:attachment":[{"href":"https:\/\/radiozapatista.org\/index.php?rest_route=%2Fwp%2Fv2%2Fmedia&parent=47382"}],"wp:term":[{"taxonomy":"category","embeddable":true,"href":"https:\/\/radiozapatista.org\/index.php?rest_route=%2Fwp%2Fv2%2Fcategories&post=47382"},{"taxonomy":"post_tag","embeddable":true,"href":"https:\/\/radiozapatista.org\/index.php?rest_route=%2Fwp%2Fv2%2Ftags&post=47382"}],"curies":[{"name":"wp","href":"https:\/\/api.w.org\/{rel}","templated":true}]}}