{"id":47370,"date":"2024-01-21T08:50:52","date_gmt":"2024-01-21T14:50:52","guid":{"rendered":"https:\/\/radiozapatista.org\/?p=47370"},"modified":"2024-01-21T08:56:09","modified_gmt":"2024-01-21T14:56:09","slug":"la-fuerza-aerea-de-erdogan-arrasa-rojava-ante-el-silencio-global","status":"publish","type":"post","link":"https:\/\/radiozapatista.org\/?p=47370","title":{"rendered":"La fuerza a\u00e9rea de Erdogan arrasa Rojava ante el silencio global"},"content":{"rendered":"<p>Fuente: <a href=\"https:\/\/nlka.net\/eng\/erdogans-air-force-lays-waste-to-rojava-amidst-global-silence\/\" target=\"_blank\" rel=\"noreferrer noopener\">The Kurdish Center for Studies<\/a> \u2013 Dra. Hawzhin Azeez \u2013 17 enero 2024<br \/>\nTraducido y editado por Rojava Azadi Madrid<\/p>\n<p align=\"center\"><img loading=\"lazy\" decoding=\"async\" class=\"aligncenter size-full\" src=\"https:\/\/i0.wp.com\/rojavaazadimadrid.org\/wp-content\/uploads\/2024\/01\/crying-woman-rojava-1130x580308812488775195819-1.jpg\" width=\"1130\" height=\"580\" \/><br \/>\n<small>Una mujer kurda llora en el funeral de las v\u00edctimas asesinadas durante el bombardeo y la invasi\u00f3n turca de Ser\u00ea Kaniy\u00ea en 2019. A muchos ahora les preocupa que el proceso se repita en otras partes de Rojava tras el actual bombardeo.<\/small><\/p>\n<p>El r\u00e9gimen de Erdo\u011fan en Turqu\u00eda ha continuado su reinado de terror en la regi\u00f3n kurda de Rojava, gobernada por la DAANES (Administraci\u00f3n Aut\u00f3noma Democr\u00e1tica del Norte y Este de Siria). La letan\u00eda de cr\u00edmenes de guerra semanales de Ankara durante los \u00faltimos meses incluye bombardeos, ataques a\u00e9reos y ataques con drones incesantes en una amplia gama de sitios civiles. Para comprender el razonamiento detr\u00e1s de su terror a\u00e9reo, s\u00f3lo hay que mirar la historia reciente y los objetivos de pol\u00edtica exterior neo-otomanista de Turqu\u00eda en lo que respecta a las zonas kurdas del norte de Siria.<\/p>\n<p>Por ejemplo, el ej\u00e9rcito turco ya se ha anexado grandes extensiones de territorios kurdos en la regi\u00f3n, incluida la utilizaci\u00f3n de sus aliados mercenarios yihadistas para ocupar Afrin en 2018 y Ser\u00ea Kaniy\u00ea y Gir\u00ea Spi en 2019. Ambas invasiones limpiaron \u00e9tnicamente las regiones de kurdos en m\u00e1s del 80%, lo que resulta en cerca de un mill\u00f3n de personas desplazadas internamente.<\/p>\n<p>En octubre de 2023, cuando comenzaron los bombardeos a niveles sin precedentes, los campos de refugiados de desplazados internos tambi\u00e9n fueron atacados, provocando terror e incertidumbre masivos. Pero esto tambi\u00e9n coincide con el manual anterior de Turqu\u00eda, que es sembrar miedo entre los civiles kurdos con la esperanza de que huyan de la regi\u00f3n. Desde octubre, Turqu\u00eda ha iniciado una ronda integral de bombardeos repetidos contra infraestructuras esenciales como estaciones de agua, gas y electricidad . El objetivo es desplazar a los civiles, provocar un \u00e9xodo masivo y crear condiciones que hagan la vida insoportable en la regi\u00f3n.<\/p>\n<p>En las \u00faltimas 72 horas, varias aldeas y localidades civiles, incluidos graneros y dep\u00f3sitos de alimentos, han sido blanco de ataques a\u00e9reos turcos. Como resultado, periodistas, activistas y civiles de toda la regi\u00f3n compartieron im\u00e1genes horripilantes de civiles heridos, almacenes destruidos y repetidos ataques a lugares no militares, incluida la pol\u00edtica ilegal de doble toque de volver a atacar un sitio que hab\u00eda sido atacado previamente mientras los equipos de emergencia se apresuraban a apagar los incendios y tratar a los heridos.<\/p>\n<p>En la aldea de Karbatli, en el distrito de Darbasiyah, la casa familiar de un civil llamado Khaled Heso fue bombardeada, lo que provoc\u00f3 que sus hijos Rojan y Jan, as\u00ed como su esposa Ahlam, resultaran heridos. Mientras tanto, el periodista kurdo Hoshang Hassan public\u00f3 im\u00e1genes exclusivas de los bombardeos turcos contra las centrales el\u00e9ctricas de Amuda, demostrando que Turqu\u00eda est\u00e1 m\u00e1s interesada en arrasar las condiciones de vida: alimentos, agua, electricidad y refugio (viviendas).<\/p>\n<p>El Centro de Informaci\u00f3n de Rojava (RIC) public\u00f3 un v\u00eddeo exclusivo que detalla los bombardeos turcos desde octubre, destacando los repetidos ataques contra civiles y sus tierras, hogares y propiedades con los bombardeos. Durante el per\u00edodo navide\u00f1o, se produjo otra ronda de bombardeos masivos, en los que los ataques a\u00e9reos turcos alcanzaron una serie de infraestructuras civiles, incluidas f\u00e1bricas, centros m\u00e9dicos, almacenes y m\u00e1s. En la cascada m\u00e1s reciente de ataques no provocados, 11 civiles murieron y decenas m\u00e1s resultaron heridos.<\/p>\n<p><!--more-->Turqu\u00eda tambi\u00e9n atac\u00f3 espec\u00edficamente instalaciones cruciales de gas y electricidad alrededor de Suwaydia. Esta central el\u00e9ctrica, seg\u00fan el RIC, produce el 47% del suministro el\u00e9ctrico total del cant\u00f3n de Jazira. M\u00e1s a\u00fan, es la \u00fanica estaci\u00f3n que suministra electricidad a las l\u00edneas de emergencia para servicios m\u00e9dicos esenciales y la \u00fanica planta embotelladora de gas para uso dom\u00e9stico de la zona. Haciendo gala de la naturaleza siniestra de los ataques, Turqu\u00eda quiere que la poblaci\u00f3n kurda pase sed, hambre, fr\u00edo y oscuridad, pero sin combustible para huir. Adem\u00e1s, tras los ataques de los drones turcos, ambulancias y hospitales carecen de combustible para tratar a los heridos.<\/p>\n<p>Farhad Shami, representante de medios de las SDF, emiti\u00f3 un comunicado de prensa en nombre del Comando General de las SDF, en el que afirm\u00f3 que: \u201cDurante los \u00faltimos dos d\u00edas, la ocupaci\u00f3n turca ha atacado, utilizando aviones de combate y veh\u00edculos a\u00e9reos no tripulados, instalaciones clave de energ\u00eda y electricidad. as\u00ed como almacenes y silos de cereales y dotaciones de extinci\u00f3n de incendios. Estas agresiones se han extendido a los hogares de los civiles, sus granjas y las fuentes de su sustento diario, impactando las principales carreteras y las afueras de las ciudades y causando una gran destrucci\u00f3n. En consecuencia, estos ataques han interrumpido la prestaci\u00f3n de servicios esenciales, incluidos energ\u00eda, electricidad, agua y otras necesidades, afectando a cientos de miles de personas\u201d.<\/p>\n<p>Shami continu\u00f3 afirmando que:<\/p>\n<blockquote class=\"wp-block-quote\"><p>\u00abEstos ataques directos y b\u00e1rbaras agresiones terroristas demuestran clara y expl\u00edcitamente la hostilidad del Estado de ocupaci\u00f3n turco hacia todas las formas de vida en la regi\u00f3n; constituyen cr\u00edmenes de guerra flagrantes y deliberados destinados a infundir miedo e infligir sufrimiento en su existencia diaria\u00bb.<\/p><\/blockquote>\n<p>Asimismo, el representante de medios de comunicaci\u00f3n de las YPG, Siyamend Ali, public\u00f3 una serie de v\u00eddeos en su p\u00e1gina web, que inclu\u00edan im\u00e1genes de aviones de combate turcos bombardeando a periodistas y equipos de medios de comunicaci\u00f3n en la ciudad de Koban\u00ea, as\u00ed como grabaciones de drones turcos apuntando a la factor\u00eda francesa Lafarge, empresa cementera en el distrito de Chelabiya, al este de Koban\u00ea. El v\u00eddeo muestra un segundo golpe de \u201cdoble toque\u201d mientras los equipos de bomberos intentan apagar los incendios, una t\u00e1ctica com\u00fan de Turqu\u00eda en este momento, que va en contra del derecho internacional.<\/p>\n<p>Mientras tanto, otro periodista local, Jamal Bali, afirmaba que despu\u00e9s de un d\u00eda completo de bombardeos por parte del Estado turco contra instalaciones de servicios en toda la regi\u00f3n, \u201cla mayor\u00eda de los residentes de la regi\u00f3n se encuentran ahora sin agua ni electricidad\u201d durante un invierno duro y fr\u00edo.<\/p>\n<p>Por su parte, el Movimiento de Mujeres Kongra Star public\u00f3 un informe que destaca los bombardeos de las \u00faltimas 48 horas en el distrito de Amuda. S\u00f3lo en Koban\u00ea, almacenes de trigo, huertos, equipos de bomberos, estaciones de transferencia de electricidad y establos de ganado han sido objeto de ataques continuos. Mientras tanto, cinco estaciones de servicio el\u00e9ctrico tambi\u00e9n fueron bombardeadas nuevamente en los alrededores de Koban\u00ea.<\/p>\n<p style=\"text-align: center;\"><img loading=\"lazy\" decoding=\"async\" class=\"aligncenter size-full\" src=\"https:\/\/i0.wp.com\/rojavaazadimadrid.org\/wp-content\/uploads\/2024\/01\/dijwar-ibrahim-rojava-cartoon421233873807048054.jpeg\" width=\"1200\" height=\"616\" \/><br \/>\n<small>Una caricatura pol\u00edtica de Dijwar Ibrahim, que muestra a Estados Unidos y la UE como un avestruz con la cabeza enterrada en la arena mientras Erdo\u011fan destruye Rojava.<\/small><\/p>\n<p>Los defensores de los derechos humanos tambi\u00e9n han opinado sobre los bombardeos turcos en curso. Nadine Maenza, defensora estadounidense de la libertad religiosa internacional y ex presidenta de la USCIRF, ha cuestionado por qu\u00e9 el gobierno estadounidense permite que Turqu\u00eda siga cometiendo cr\u00edmenes de guerra contra los kurdos, cuando tales ataques benefician a Ir\u00e1n, Assad e ISIS, lo que va, seg\u00fan dice, en contra de los objetivos estadounidenses de paz y estabilidad en la regi\u00f3n. Maenza conden\u00f3 el ataque turco a Rojava y su ataque expl\u00edcito a la infraestructura civil y pidi\u00f3 a la comunidad internacional que se mantenga firme contra los actuales cr\u00edmenes de guerra turcos contra los kurdos.<\/p>\n<p>Adem\u00e1s, acad\u00e9micos como Gerald Walker, experto en diplomacia global y relaciones internacionales, han argumentado que los \u201cataques de Turqu\u00eda parecen ser parte de una estrategia para desplazar a la poblaci\u00f3n local, promoviendo una pol\u00edtica de turquificaci\u00f3n y extendiendo el control turco sobre este territorio sirio. Sin embargo, como se\u00f1ala Walker, si bien Turqu\u00eda est\u00e1 intentando ganar m\u00e1s territorio sirio, estos territorios son \u00e1reas del pa\u00eds espec\u00edficamente dominadas por los kurdos. La pol\u00edtica de Turqu\u00eda en Siria est\u00e1 impulsada \u00fanicamente por sus aspiraciones exterminadoras hacia los kurdos. Esto a pesar de que el PYD y las SDF no han disparado ni una sola bala ni cohete hacia la frontera turca. M\u00e1s bien parece que las repetidas p\u00e9rdidas militares que los yihadistas aliados de Turqu\u00eda en Siria sufrieron a manos de los kurdos contin\u00faan impulsando las pol\u00edticas antikurdas resentidas y vengativas de Ankara en las regiones kurdas del norte de Siria e Irak (Kurdist\u00e1n occidental y meridional, respectivamente).<\/p>\n<p>Otros activistas pidieron la implementaci\u00f3n urgente de una zona de exclusi\u00f3n a\u00e9rea en la regi\u00f3n o que la coalici\u00f3n liderada por Estados Unidos proporcione a los kurdos sistemas de defensa a\u00e9rea y la tecnolog\u00eda necesaria para protegerse contra los incesantes bombardeos turcos.<\/p>\n<p>A la luz de la ausencia total de protestas internacionales por la violencia desenfrenada y constante de Turqu\u00eda hacia Rojava, parece poco probable que tales cr\u00edmenes de guerra cesen en el corto plazo. Mientras el mundo se tambalea por la guerra en Gaza y el caso de la CIJ de Sud\u00e1frica se reproduce en las pantallas de televisi\u00f3n, los mismos medios internacionales indignados por los bombardeos de Israel a los palestinos, permanecen en silencio y ap\u00e1ticos mientras Turqu\u00eda bombardea a los kurdos e intenta arrasar Rojava hasta los cimientos.<\/p>\n<p>&nbsp;<\/p>","protected":false},"excerpt":{"rendered":"<p>Fuente: The Kurdish Center for Studies \u2013 Dra. Hawzhin Azeez \u2013 17 enero 2024 Traducido y editado por Rojava Azadi Madrid Una mujer kurda llora en el funeral de las v\u00edctimas asesinadas durante el bombardeo y la invasi\u00f3n turca de Ser\u00ea Kaniy\u00ea en 2019. A muchos ahora les preocupa que el proceso se repita en [&hellip;]<\/p>\n","protected":false},"author":1,"featured_media":47371,"comment_status":"open","ping_status":"closed","sticky":false,"template":"","format":"standard","meta":{"footnotes":""},"categories":[826,961,953],"tags":[79,204,1046,1194],"class_list":["post-47370","post","type-post","status-publish","format-standard","has-post-thumbnail","hentry","category-medios-libres-2","category-mujeres","category-mundo","tag-autonomia","tag-guerra","tag-kurdistan","tag-turquia"],"_links":{"self":[{"href":"https:\/\/radiozapatista.org\/index.php?rest_route=\/wp\/v2\/posts\/47370","targetHints":{"allow":["GET"]}}],"collection":[{"href":"https:\/\/radiozapatista.org\/index.php?rest_route=\/wp\/v2\/posts"}],"about":[{"href":"https:\/\/radiozapatista.org\/index.php?rest_route=\/wp\/v2\/types\/post"}],"author":[{"embeddable":true,"href":"https:\/\/radiozapatista.org\/index.php?rest_route=\/wp\/v2\/users\/1"}],"replies":[{"embeddable":true,"href":"https:\/\/radiozapatista.org\/index.php?rest_route=%2Fwp%2Fv2%2Fcomments&post=47370"}],"version-history":[{"count":2,"href":"https:\/\/radiozapatista.org\/index.php?rest_route=\/wp\/v2\/posts\/47370\/revisions"}],"predecessor-version":[{"id":47373,"href":"https:\/\/radiozapatista.org\/index.php?rest_route=\/wp\/v2\/posts\/47370\/revisions\/47373"}],"wp:featuredmedia":[{"embeddable":true,"href":"https:\/\/radiozapatista.org\/index.php?rest_route=\/wp\/v2\/media\/47371"}],"wp:attachment":[{"href":"https:\/\/radiozapatista.org\/index.php?rest_route=%2Fwp%2Fv2%2Fmedia&parent=47370"}],"wp:term":[{"taxonomy":"category","embeddable":true,"href":"https:\/\/radiozapatista.org\/index.php?rest_route=%2Fwp%2Fv2%2Fcategories&post=47370"},{"taxonomy":"post_tag","embeddable":true,"href":"https:\/\/radiozapatista.org\/index.php?rest_route=%2Fwp%2Fv2%2Ftags&post=47370"}],"curies":[{"name":"wp","href":"https:\/\/api.w.org\/{rel}","templated":true}]}}