{"id":47230,"date":"2024-01-05T10:18:18","date_gmt":"2024-01-05T16:18:18","guid":{"rendered":"https:\/\/radiozapatista.org\/?p=47230"},"modified":"2024-01-05T10:18:18","modified_gmt":"2024-01-05T16:18:18","slug":"san-cristobal-6-enero-charla-y-proyeccion-con-el-movimiento-por-justicia-del-barrio","status":"publish","type":"post","link":"https:\/\/radiozapatista.org\/?p=47230","title":{"rendered":"[San Crist\u00f3bal &#8211; 6 enero] Charla y proyecci\u00f3n con el Movimiento por Justicia del Barrio"},"content":{"rendered":"<p><\/p>\n<h3 style=\"text-align: center;\">Otro Mundo, Otro Camino, Otro Barrio: Abajo y a la Izquierda<\/h3>\n<p>Charla y proyecci\u00f3n con el Movimiento por Justicia del Barrio, La Otra Nueva York &#8211; La lucha digna de migrantes en contra de la pol\u00edtica xen\u00f3foba anti-inmigrante en los Estados Unidos bajo los malos gobiernos de Trump y Biden.<\/p>\n<p>En el coraz\u00f3n digno y moreno de Nueva York, los migrantes que integran el Movimiento por Justicia del Barrio han creado una resistencia comunitaria en contra del desplazamiento neoliberal y toda forma de opresi\u00f3n.<\/p>\n<p>L@s integrantes de Movimiento han organizado cuadra por cuadra y puerta por puerta para construir un movimiento por dignidad y justicia -desde abajo y a la izquierda. Implementando varios principios y pr\u00e1cticas de l@s zapatistas en su lucha diaria este movimiento de vecinos migrantes ha articulado una expresi\u00f3n org\u00e1nica del &#8220;Zapatismo&#8221; en el contexto urbano.<\/p>\n<p>S\u00e1bado, 6 de enero a las 7 pm en El Paliacate espacio cultural Av. 5 de Mayo #20 Colonia Centro, San Crist\u00f3bal de Las Casas<\/p>\n<p>Representantes de Movimiento compartir\u00e1n sus experiencias combatiendo a pol\u00edticos corruptos, instituciones gubernamentales, y corporaciones multinacionales, en la lucha por &#8220;otro Barrio&#8221;. De esta forma, ofrecer\u00e1n ejemplos concretos de c\u00f3mo el zapatismo est\u00e1 vivo a miles de millas de Chiapas. Como organizaci\u00f3n adherente a la Sexta Declaraci\u00f3n, tambi\u00e9n hablar\u00e1n de c\u00f3mo han logrado integrar la lucha de solidaridad con los pueblos ind\u00edgenas de M\u00e9xico en su agenda cotidiana.<\/p>","protected":false},"excerpt":{"rendered":"<p>Otro Mundo, Otro Camino, Otro Barrio: Abajo y a la Izquierda Charla y proyecci\u00f3n con el Movimiento por Justicia del Barrio, La Otra Nueva York &#8211; La lucha digna de migrantes en contra de la pol\u00edtica xen\u00f3foba anti-inmigrante en los Estados Unidos bajo los malos gobiernos de Trump y Biden. En el coraz\u00f3n digno y [&hellip;]<\/p>\n","protected":false},"author":1,"featured_media":0,"comment_status":"open","ping_status":"closed","sticky":false,"template":"","format":"standard","meta":{"footnotes":""},"categories":[957,6,956,953,183],"tags":[919,30,70,148,1025],"class_list":["post-47230","post","type-post","status-publish","format-standard","hentry","category-autonomia","category-chiapas","category-sexta","category-mundo","category-blog","tag-estados-unidos","tag-migracion","tag-movimiento-por-justicia-del-barrio","tag-resistencia","tag-vivienda"],"_links":{"self":[{"href":"https:\/\/radiozapatista.org\/index.php?rest_route=\/wp\/v2\/posts\/47230","targetHints":{"allow":["GET"]}}],"collection":[{"href":"https:\/\/radiozapatista.org\/index.php?rest_route=\/wp\/v2\/posts"}],"about":[{"href":"https:\/\/radiozapatista.org\/index.php?rest_route=\/wp\/v2\/types\/post"}],"author":[{"embeddable":true,"href":"https:\/\/radiozapatista.org\/index.php?rest_route=\/wp\/v2\/users\/1"}],"replies":[{"embeddable":true,"href":"https:\/\/radiozapatista.org\/index.php?rest_route=%2Fwp%2Fv2%2Fcomments&post=47230"}],"version-history":[{"count":1,"href":"https:\/\/radiozapatista.org\/index.php?rest_route=\/wp\/v2\/posts\/47230\/revisions"}],"predecessor-version":[{"id":47231,"href":"https:\/\/radiozapatista.org\/index.php?rest_route=\/wp\/v2\/posts\/47230\/revisions\/47231"}],"wp:attachment":[{"href":"https:\/\/radiozapatista.org\/index.php?rest_route=%2Fwp%2Fv2%2Fmedia&parent=47230"}],"wp:term":[{"taxonomy":"category","embeddable":true,"href":"https:\/\/radiozapatista.org\/index.php?rest_route=%2Fwp%2Fv2%2Fcategories&post=47230"},{"taxonomy":"post_tag","embeddable":true,"href":"https:\/\/radiozapatista.org\/index.php?rest_route=%2Fwp%2Fv2%2Ftags&post=47230"}],"curies":[{"name":"wp","href":"https:\/\/api.w.org\/{rel}","templated":true}]}}