{"id":47227,"date":"2024-01-05T09:56:52","date_gmt":"2024-01-05T15:56:52","guid":{"rendered":"https:\/\/radiozapatista.org\/?p=47227"},"modified":"2024-01-05T09:56:52","modified_gmt":"2024-01-05T15:56:52","slug":"saludo-del-movimiento-de-mujeres-de-kurdistan-para-el-ezln-en-el-30-aniversario-del-levantamiento","status":"publish","type":"post","link":"https:\/\/radiozapatista.org\/?p=47227","title":{"rendered":"Saludo del Movimiento de Mujeres de Kurdist\u00e1n para el EZLN en el 30 aniversario del levantamiento"},"content":{"rendered":"<p>En ocasi\u00f3n del 30 aniversario del levantamiento zapatista, el Movimiento de Mujeres de Kurdist\u00e1n env\u00eda este saludo para el EZLN.<\/p>\n<p align=\"center\"><iframe loading=\"lazy\" width=\"560\" height=\"315\" src=\"https:\/\/www.youtube.com\/embed\/jCvHvK2e_cA?si=7iEX4AdRixZ6-nNk\" title=\"YouTube video player\" frameborder=\"0\" allow=\"accelerometer; autoplay; clipboard-write; encrypted-media; gyroscope; picture-in-picture; web-share\" allowfullscreen><\/iframe><\/p>\n<p><\/p>","protected":false},"excerpt":{"rendered":"<p>En ocasi\u00f3n del 30 aniversario del levantamiento zapatista, el Movimiento de Mujeres de Kurdist\u00e1n env\u00eda este saludo para el EZLN.<\/p>\n","protected":false},"author":1,"featured_media":47228,"comment_status":"open","ping_status":"closed","sticky":false,"template":"","format":"standard","meta":{"footnotes":""},"categories":[957,6,955,961,953,190,222],"tags":[79,926,1046,41,148],"class_list":["post-47227","post","type-post","status-publish","format-standard","has-post-thumbnail","hentry","category-autonomia","category-chiapas","category-ezln-temas","category-mujeres","category-mundo","category-radiozapatista","category-video","tag-autonomia","tag-ezln","tag-kurdistan","tag-mujeres","tag-resistencia"],"_links":{"self":[{"href":"https:\/\/radiozapatista.org\/index.php?rest_route=\/wp\/v2\/posts\/47227","targetHints":{"allow":["GET"]}}],"collection":[{"href":"https:\/\/radiozapatista.org\/index.php?rest_route=\/wp\/v2\/posts"}],"about":[{"href":"https:\/\/radiozapatista.org\/index.php?rest_route=\/wp\/v2\/types\/post"}],"author":[{"embeddable":true,"href":"https:\/\/radiozapatista.org\/index.php?rest_route=\/wp\/v2\/users\/1"}],"replies":[{"embeddable":true,"href":"https:\/\/radiozapatista.org\/index.php?rest_route=%2Fwp%2Fv2%2Fcomments&post=47227"}],"version-history":[{"count":1,"href":"https:\/\/radiozapatista.org\/index.php?rest_route=\/wp\/v2\/posts\/47227\/revisions"}],"predecessor-version":[{"id":47229,"href":"https:\/\/radiozapatista.org\/index.php?rest_route=\/wp\/v2\/posts\/47227\/revisions\/47229"}],"wp:featuredmedia":[{"embeddable":true,"href":"https:\/\/radiozapatista.org\/index.php?rest_route=\/wp\/v2\/media\/47228"}],"wp:attachment":[{"href":"https:\/\/radiozapatista.org\/index.php?rest_route=%2Fwp%2Fv2%2Fmedia&parent=47227"}],"wp:term":[{"taxonomy":"category","embeddable":true,"href":"https:\/\/radiozapatista.org\/index.php?rest_route=%2Fwp%2Fv2%2Fcategories&post=47227"},{"taxonomy":"post_tag","embeddable":true,"href":"https:\/\/radiozapatista.org\/index.php?rest_route=%2Fwp%2Fv2%2Ftags&post=47227"}],"curies":[{"name":"wp","href":"https:\/\/api.w.org\/{rel}","templated":true}]}}