{"id":47057,"date":"2023-12-19T10:47:16","date_gmt":"2023-12-19T16:47:16","guid":{"rendered":"https:\/\/radiozapatista.org\/?p=47057"},"modified":"2023-12-19T10:47:16","modified_gmt":"2023-12-19T16:47:16","slug":"comunicado-azqueltan-en-alerta-ante-amenazas-por-la-recuperacion-y-resguardo-del-predio-el-caracol","status":"publish","type":"post","link":"https:\/\/radiozapatista.org\/?p=47057","title":{"rendered":"Comunicado: Azquelt\u00e1n en alerta ante amenazas por la recuperaci\u00f3n y resguardo del predio El Caracol"},"content":{"rendered":"<p><\/p>\n<div class=\"post-content-container\">\n<div class=\"post-content entry-content cf\">\n<p>Al Ej\u00e9rcito Zapatista de Liberaci\u00f3n Nacional<br \/>\nA los pueblos y gobiernos de M\u00e9xico<br \/>\nA las Organizaciones de Derechos Humanos<br \/>\nA los medios de comunicaci\u00f3n<\/p>\n<p>Desde la comunidad ind\u00edgena aut\u00f3noma tepehuana y wix\u00e1rika de San Lorenzo de Azquelt\u00e1n, municipio de Villa Guerrero, Jalisco, el d\u00eda de hoy 17 de diciembre de 2023, reiteramos que la tierra comunal no es una mercanc\u00eda, aunque gobiernos y ricos se hayan esmerado durante muchos a\u00f1os en querer que as\u00ed sea.<\/p>\n<p>Comunicamos que, por acuerdo de la Asamblea General de comuneros, a partir del d\u00eda de hoy y de manera indefinida, resguardaremos de manera colectiva el predio denominado El Caracol, del cual, personas ajenas a nuestra comunidad pretenden arrebatarnos la posesi\u00f3n con mentiras, documentos falsos y con la ayuda de la polic\u00eda municipal, quien no es autoridad competente en el tema.<\/p>\n<p>Como lo hemos demos demostrado en Juzgados y Tribunales, nuestro T\u00edtulo Virreinal, cuyo original conservamos como algo sagrado desde el a\u00f1o de 1733, es la materializaci\u00f3n de la madre tierra y constituye un derecho que nos pretenden arrebatar, por lo que no podemos permitir que con presuntas escrituras ap\u00f3crifas, que sirven a prestanombres y caciques ladrones de tierras, se nos pretenda despojar de las tierras que hemos resguardado desde tiempos inmemoriales.<\/p>\n<p>Advertimos de amenazas de violencia en contra de las y los miembros de nuestra comunidad, por lo que seguimos llamando a la atenci\u00f3n y solidaridad de los pueblos de M\u00e9xico, de las organizaciones de derechos humanos y de los medios de comunicaci\u00f3n.<\/p>\n<p>Atentamente<br \/>\nDiciembre de 2023<br \/>\nComunidad Ind\u00edgena de San Lorenzo de Azquelt\u00e1n, municipio de Villa Guerrero,\u00a0Jalisco<\/p>\n<\/div>\n<\/div>\n<p><\/p>","protected":false},"excerpt":{"rendered":"<p>Al Ej\u00e9rcito Zapatista de Liberaci\u00f3n Nacional A los pueblos y gobiernos de M\u00e9xico A las Organizaciones de Derechos Humanos A los medios de comunicaci\u00f3n Desde la comunidad ind\u00edgena aut\u00f3noma tepehuana y wix\u00e1rika de San Lorenzo de Azquelt\u00e1n, municipio de Villa Guerrero, Jalisco, el d\u00eda de hoy 17 de diciembre de 2023, reiteramos que la tierra [&hellip;]<\/p>\n","protected":false},"author":21,"featured_media":47058,"comment_status":"open","ping_status":"closed","sticky":false,"template":"","format":"standard","meta":{"footnotes":""},"categories":[957,51,826,958,954,935],"tags":[58,1282,53,567,147,23,545,87,148,27,483],"class_list":["post-47057","post","type-post","status-publish","format-standard","has-post-thumbnail","hentry","category-autonomia","category-autor","category-medios-libres-2","category-megaproyectos","category-mexico","category-temas","tag-derechos-humanos","tag-jalisco","tag-justicia","tag-megaproyectos","tag-militarizacion","tag-paramilitares","tag-pueblos-indigenas","tag-represion","tag-resistencia","tag-solidaridad","tag-tierra-y-territorio"],"_links":{"self":[{"href":"https:\/\/radiozapatista.org\/index.php?rest_route=\/wp\/v2\/posts\/47057","targetHints":{"allow":["GET"]}}],"collection":[{"href":"https:\/\/radiozapatista.org\/index.php?rest_route=\/wp\/v2\/posts"}],"about":[{"href":"https:\/\/radiozapatista.org\/index.php?rest_route=\/wp\/v2\/types\/post"}],"author":[{"embeddable":true,"href":"https:\/\/radiozapatista.org\/index.php?rest_route=\/wp\/v2\/users\/21"}],"replies":[{"embeddable":true,"href":"https:\/\/radiozapatista.org\/index.php?rest_route=%2Fwp%2Fv2%2Fcomments&post=47057"}],"version-history":[{"count":1,"href":"https:\/\/radiozapatista.org\/index.php?rest_route=\/wp\/v2\/posts\/47057\/revisions"}],"predecessor-version":[{"id":47059,"href":"https:\/\/radiozapatista.org\/index.php?rest_route=\/wp\/v2\/posts\/47057\/revisions\/47059"}],"wp:featuredmedia":[{"embeddable":true,"href":"https:\/\/radiozapatista.org\/index.php?rest_route=\/wp\/v2\/media\/47058"}],"wp:attachment":[{"href":"https:\/\/radiozapatista.org\/index.php?rest_route=%2Fwp%2Fv2%2Fmedia&parent=47057"}],"wp:term":[{"taxonomy":"category","embeddable":true,"href":"https:\/\/radiozapatista.org\/index.php?rest_route=%2Fwp%2Fv2%2Fcategories&post=47057"},{"taxonomy":"post_tag","embeddable":true,"href":"https:\/\/radiozapatista.org\/index.php?rest_route=%2Fwp%2Fv2%2Ftags&post=47057"}],"curies":[{"name":"wp","href":"https:\/\/api.w.org\/{rel}","templated":true}]}}