{"id":47025,"date":"2023-12-15T15:15:16","date_gmt":"2023-12-15T21:15:16","guid":{"rendered":"https:\/\/radiozapatista.org\/?p=47025"},"modified":"2023-12-16T07:37:21","modified_gmt":"2023-12-16T13:37:21","slug":"ezln-diecinueveava-parte-a-quien-corresponda","status":"publish","type":"post","link":"https:\/\/radiozapatista.org\/?p=47025","title":{"rendered":"EZLN | Diecinueveava Parte: A quien corresponda:"},"content":{"rendered":"<p><br \/>\n<iframe loading=\"lazy\" src=\"https:\/\/player.vimeo.com\/video\/895050183?h=9dd1c38825\" width=\"640\" height=\"400\" frameborder=\"0\" allowfullscreen=\"allowfullscreen\" data-mce-fragment=\"1\"><\/iframe><\/p>\n<p>Producido por Los Tercios Compas. Monta\u00f1as del Sureste Mexicano. Copyleft noviembre del 2023<br \/>\nM\u00fasica: \u00abEl pueblo y el mal gobierno\u00bb, \u00d3scar Ch\u00e1vez, Guillermo Vel\u00e1zquez y los Leones de Xich\u00fa<\/p>\n<p><\/p>","protected":false},"excerpt":{"rendered":"<p>Producido por Los Tercios Compas. Monta\u00f1as del Sureste Mexicano. Copyleft noviembre del 2023 M\u00fasica: \u00abEl pueblo y el mal gobierno\u00bb, \u00d3scar Ch\u00e1vez, Guillermo Vel\u00e1zquez y los Leones de Xich\u00fa<\/p>\n","protected":false},"author":21,"featured_media":47026,"comment_status":"open","ping_status":"closed","sticky":false,"template":"","format":"standard","meta":{"footnotes":""},"categories":[51,6,955,826,958,954,935],"tags":[79,917,644,36,58,926,53,567,147,23,545,87,148,27,483],"class_list":["post-47025","post","type-post","status-publish","format-standard","has-post-thumbnail","hentry","category-autor","category-chiapas","category-ezln-temas","category-medios-libres-2","category-megaproyectos","category-mexico","category-temas","tag-autonomia","tag-chiapas","tag-comunicados-ezln","tag-comunidades-zapatistas","tag-derechos-humanos","tag-ezln","tag-justicia","tag-megaproyectos","tag-militarizacion","tag-paramilitares","tag-pueblos-indigenas","tag-represion","tag-resistencia","tag-solidaridad","tag-tierra-y-territorio"],"_links":{"self":[{"href":"https:\/\/radiozapatista.org\/index.php?rest_route=\/wp\/v2\/posts\/47025","targetHints":{"allow":["GET"]}}],"collection":[{"href":"https:\/\/radiozapatista.org\/index.php?rest_route=\/wp\/v2\/posts"}],"about":[{"href":"https:\/\/radiozapatista.org\/index.php?rest_route=\/wp\/v2\/types\/post"}],"author":[{"embeddable":true,"href":"https:\/\/radiozapatista.org\/index.php?rest_route=\/wp\/v2\/users\/21"}],"replies":[{"embeddable":true,"href":"https:\/\/radiozapatista.org\/index.php?rest_route=%2Fwp%2Fv2%2Fcomments&post=47025"}],"version-history":[{"count":3,"href":"https:\/\/radiozapatista.org\/index.php?rest_route=\/wp\/v2\/posts\/47025\/revisions"}],"predecessor-version":[{"id":47035,"href":"https:\/\/radiozapatista.org\/index.php?rest_route=\/wp\/v2\/posts\/47025\/revisions\/47035"}],"wp:featuredmedia":[{"embeddable":true,"href":"https:\/\/radiozapatista.org\/index.php?rest_route=\/wp\/v2\/media\/47026"}],"wp:attachment":[{"href":"https:\/\/radiozapatista.org\/index.php?rest_route=%2Fwp%2Fv2%2Fmedia&parent=47025"}],"wp:term":[{"taxonomy":"category","embeddable":true,"href":"https:\/\/radiozapatista.org\/index.php?rest_route=%2Fwp%2Fv2%2Fcategories&post=47025"},{"taxonomy":"post_tag","embeddable":true,"href":"https:\/\/radiozapatista.org\/index.php?rest_route=%2Fwp%2Fv2%2Ftags&post=47025"}],"curies":[{"name":"wp","href":"https:\/\/api.w.org\/{rel}","templated":true}]}}